{"id":931,"date":"2011-09-30T17:00:11","date_gmt":"2011-09-30T21:00:11","guid":{"rendered":"http:\/\/mvt.tc\/fr\/?p=931"},"modified":"2012-03-25T12:06:24","modified_gmt":"2012-03-25T17:06:24","slug":"avenir-auto-electrique","status":"publish","type":"post","link":"https:\/\/mvt.qc.ca\/fr\/2011\/09\/avenir-auto-electrique\/","title":{"rendered":"L&rsquo;avenir de l&rsquo;automobile \u00e9lectrique"},"content":{"rendered":"<div style=\"width: 240px\" class=\"wp-caption alignleft\"><img loading=\"lazy\" decoding=\"async\" title=\"Circulation routi\u00e8re intense\" src=\"http:\/\/farm7.static.flickr.com\/6202\/6117620484_7fb549a1d4_m_d.jpg\" alt=\"Circulation routi\u00e8re intense\" width=\"240\" height=\"180\" \/><p class=\"wp-caption-text\">Source : MPD01605 sur Flickr (CC-BY-SA)<\/p><\/div>\n<p style=\"text-align: justify;\">Imaginez demain : nous nous sommes tourn\u00e9s massivement vers l&rsquo;\u00e9lectromobilit\u00e9, et les v\u00e9hicules de cette illustration sont recharg\u00e9s gr\u00e2ce \u00e0 l&rsquo;\u00e9nergie solaire, \u00e9olienne et hydraulique.<\/p>\n<p style=\"text-align: justify;\">Cependant, du c\u00f4t\u00e9 d&rsquo;une utilisation plus rationnelle des infrastructures routi\u00e8res, aucun gain n&rsquo;aura \u00e9t\u00e9 obtenu : devant l&rsquo;abondance des v\u00e9hicules \u00e9lectriques, des voix s&rsquo;\u00e9l\u00e8vent encore pour r\u00e9clamer un am\u00e9nagement urbain plus convivial. Il aurait fallu que les automobiles soient moins nombreuses, et qu&rsquo;elles transportent davantage de personnes \u00e0 la fois.<\/p>\n<p style=\"text-align: justify;\">La circulation est devenue moins bruyante? \u00c0 basse vitesse, on aurait pu l&rsquo;esp\u00e9rer, mais les gens abusent encore du klaxon et de la sono. \u00c0 vitesse mod\u00e9r\u00e9e, c&rsquo;est plut\u00f4t le frottement des pneus sur la chauss\u00e9e que nous percevons, comme auparavant. Donc pas de r\u00e9volution dans nos oreilles.<\/p>\n<p style=\"text-align: justify;\">Et les accidents de la route? Pour en limiter le nombre et la gravit\u00e9, on reconna\u00eet qu&rsquo;il aurait fallu g\u00e9n\u00e9raliser les r\u00e9ductions de vitesse, en imposant une limite m\u00e9canique, comme on le faisait d\u00e9j\u00e0 pour les camions, ou \u00e9lectronique, qui aurait tenu compte du p\u00e9rim\u00e8tre travers\u00e9. On aurait assur\u00e9 ainsi un flot plus homog\u00e8ne des v\u00e9hicules, et on en aurait profit\u00e9 au passage pour optimiser leur consommation \u00e9nerg\u00e9tique, car au-del\u00e0 d&rsquo;une certaine vitesse, le frottement de l&rsquo;air sur les v\u00e9hicules entra\u00eene encore une surconsommation disproportionn\u00e9e par rapport aux gains de temps r\u00e9alis\u00e9s.<\/p>\n<p style=\"text-align: justify;\">Les v\u00e9hicules \u00e9lectriques individuels, stationn\u00e9s plus de 90% du temps, n&rsquo;ont donc pas minimis\u00e9 la plupart des irritants qu&rsquo;on attribuait \u00e0 leurs pr\u00e9d\u00e9cesseurs munis de moteurs \u00e0 explosion : congestion routi\u00e8re, bruit, faible densit\u00e9 et mixit\u00e9 du territoire construit, accidents. Nous avons m\u00eame d\u00fb construire une s\u00e9rie de centrales \u00e9lectriques, simplement pour combler les besoins n\u00e9cessaires pour transporter une ou deux personnes \u00e0 la fois, dans des v\u00e9hicules \u00e9lectriques de une \u00e0 deux tonnes. \u00c9tait-ce une d\u00e9cision rationnelle?<\/p>\n<p style=\"text-align: justify;\">Retour \u00e0 la r\u00e9alit\u00e9 d&rsquo;aujourd&rsquo;hui : les projets de production \u00e9lectrique susciteront invariablement des d\u00e9bats et contestations dans la communaut\u00e9. Soyons donc coh\u00e9rents et r\u00e9duisons \u00e0 la source nos besoins en \u00e9nergie pour \u00e9viter qu&rsquo;on doive en produire davantage : un gisement de \u00ab\u00a0n\u00e9gawatts\u00a0\u00bb repose sous le poids de notre inaction.<\/p>\n<p style=\"text-align: justify;\">Seule l&rsquo;automobile \u00e9lectrique, employ\u00e9e en tant que v\u00e9hicule partag\u00e9, entra\u00eenera un progr\u00e8s par rapport \u00e0 la situation actuelle. Les technologies de l&rsquo;information nous permettent d\u00e9j\u00e0 de r\u00e9aliser des gains in\u00e9dits en termes d&rsquo;efficacit\u00e9 \u00e9nerg\u00e9tique, en nous indiquant davantage de possibilit\u00e9s pour combler les places vides de nos v\u00e9hicules. C&rsquo;est le temps de les exploiter!<\/p>\n<div id=\"ff_peerindex_tooltip\"><\/div>\n<div id=\"ff_peerindex_tooltip\"><\/div>\n","protected":false},"excerpt":{"rendered":"<p>Imaginez demain : nous nous sommes tourn\u00e9s massivement vers l&rsquo;\u00e9lectromobilit\u00e9, et les v\u00e9hicules de cette illustration sont recharg\u00e9s gr\u00e2ce \u00e0 l&rsquo;\u00e9nergie solaire, \u00e9olienne et hydraulique. Cependant, du c\u00f4t\u00e9 d&rsquo;une utilisation plus rationnelle des infrastructures routi\u00e8res, aucun gain n&rsquo;aura \u00e9t\u00e9 obtenu : devant l&rsquo;abondance des v\u00e9hicules \u00e9lectriques, des voix s&rsquo;\u00e9l\u00e8vent encore pour r\u00e9clamer un am\u00e9nagement urbain &hellip; <\/p>\n<p><a class=\"more-link btn\" href=\"https:\/\/mvt.qc.ca\/fr\/2011\/09\/avenir-auto-electrique\/\">Lire la suite<\/a><\/p>\n","protected":false},"author":1,"featured_media":0,"comment_status":"open","ping_status":"open","sticky":false,"template":"","format":"standard","meta":{"footnotes":""},"categories":[95],"tags":[98,99,102,97,101,96,100],"class_list":["post-931","post","type-post","status-publish","format-standard","hentry","category-automobile","tag-automobile-electrique","tag-autopartage","tag-efficacite-energetique","tag-electromobilite","tag-energie","tag-vehicule-electrique","tag-vehicule-partage","nodate","item-wrap"],"_links":{"self":[{"href":"https:\/\/mvt.qc.ca\/fr\/wp-json\/wp\/v2\/posts\/931","targetHints":{"allow":["GET"]}}],"collection":[{"href":"https:\/\/mvt.qc.ca\/fr\/wp-json\/wp\/v2\/posts"}],"about":[{"href":"https:\/\/mvt.qc.ca\/fr\/wp-json\/wp\/v2\/types\/post"}],"author":[{"embeddable":true,"href":"https:\/\/mvt.qc.ca\/fr\/wp-json\/wp\/v2\/users\/1"}],"replies":[{"embeddable":true,"href":"https:\/\/mvt.qc.ca\/fr\/wp-json\/wp\/v2\/comments?post=931"}],"version-history":[{"count":16,"href":"https:\/\/mvt.qc.ca\/fr\/wp-json\/wp\/v2\/posts\/931\/revisions"}],"predecessor-version":[{"id":1232,"href":"https:\/\/mvt.qc.ca\/fr\/wp-json\/wp\/v2\/posts\/931\/revisions\/1232"}],"wp:attachment":[{"href":"https:\/\/mvt.qc.ca\/fr\/wp-json\/wp\/v2\/media?parent=931"}],"wp:term":[{"taxonomy":"category","embeddable":true,"href":"https:\/\/mvt.qc.ca\/fr\/wp-json\/wp\/v2\/categories?post=931"},{"taxonomy":"post_tag","embeddable":true,"href":"https:\/\/mvt.qc.ca\/fr\/wp-json\/wp\/v2\/tags?post=931"}],"curies":[{"name":"wp","href":"https:\/\/api.w.org\/{rel}","templated":true}]}}