{"id":899,"date":"2011-09-27T08:25:42","date_gmt":"2011-09-27T12:25:42","guid":{"rendered":"http:\/\/mvt.tc\/fr\/?p=899"},"modified":"2014-02-14T22:45:56","modified_gmt":"2014-02-15T02:45:56","slug":"bulletin-depl-alt","status":"publish","type":"post","link":"https:\/\/mvt.qc.ca\/fr\/2011\/09\/bulletin-depl-alt\/","title":{"rendered":"Les bulletins de d\u00e9placements alternatifs, pour cibler les usagers des transports actifs et collectifs"},"content":{"rendered":"<div style=\"width: 128px\" class=\"wp-caption alignleft\"><img loading=\"lazy\" decoding=\"async\" title=\"Radio-Montr\u00e9al, CIBL 101,5 FM\" alt=\"Radio-Montr\u00e9al, CIBL 101,5 FM\" src=\"http:\/\/www.cibl1015.com\/image\/image_gallery?uuid=4982759d-a537-4088-a41e-645e4bbe337a&amp;groupId=10417&amp;t=1390590811861\" width=\"128\" height=\"128\" \/><p class=\"wp-caption-text\">CIBL1015.com<\/p><\/div>\n<p style=\"text-align: justify;\">Il y a un an, CIBL, radio communautaire montr\u00e9alaise, a innov\u00e9 en diffusant des capsules d&rsquo;information bien sp\u00e9ciales : les <strong><a href=\"http:\/\/www.cibl1015.com\/deplacementsalternatifs\">bulletins de d\u00e9placements alternatifs<\/a><\/strong>.<\/p>\n<p style=\"text-align: justify;\">Du lundi au vendredi, aux heures de pointe, et \u00e0 chaque demi-heure, ces bulletins informent pi\u00e9tons, cyclistes et usagers des transports publics, des perturbations du service, travaux aux pistes cyclables, ou autres \u00e9v\u00e9nements dont il faut tenir compte dans la planification des d\u00e9placements en transports actifs et collectifs.<\/p>\n<p style=\"text-align: justify;\">Les informations sont \u00e9galement disponibles sur <strong><a href=\"http:\/\/www.facebook.com\/BulletinDeplacementsAlternatifs\">Facebook<\/a><\/strong> et <strong><a href=\"http:\/\/twitter.com\/CIBLdeplacement\">Twitter<\/a><\/strong>.<\/p>\n<p style=\"text-align: justify;\">\n","protected":false},"excerpt":{"rendered":"<p>Il y a un an, CIBL, radio communautaire montr\u00e9alaise, a innov\u00e9 en diffusant des capsules d&rsquo;information bien sp\u00e9ciales : les bulletins de d\u00e9placements alternatifs. Du lundi au vendredi, aux heures de pointe, et \u00e0 chaque demi-heure, ces bulletins informent pi\u00e9tons, cyclistes et usagers des transports publics, des perturbations du service, travaux aux pistes cyclables, ou &hellip; <\/p>\n<p><a class=\"more-link btn\" href=\"https:\/\/mvt.qc.ca\/fr\/2011\/09\/bulletin-depl-alt\/\">Lire la suite<\/a><\/p>\n","protected":false},"author":1,"featured_media":0,"comment_status":"open","ping_status":"open","sticky":false,"template":"","format":"standard","meta":{"footnotes":""},"categories":[16,18,28,42,9,12,15],"tags":[92,93,94],"class_list":["post-899","post","type-post","status-publish","format-standard","hentry","category-a-pied","category-autobus","category-metro","category-montreal","category-particuliers","category-train","category-velo","tag-bulletin","tag-cibl","tag-radio-montreal","nodate","item-wrap"],"_links":{"self":[{"href":"https:\/\/mvt.qc.ca\/fr\/wp-json\/wp\/v2\/posts\/899","targetHints":{"allow":["GET"]}}],"collection":[{"href":"https:\/\/mvt.qc.ca\/fr\/wp-json\/wp\/v2\/posts"}],"about":[{"href":"https:\/\/mvt.qc.ca\/fr\/wp-json\/wp\/v2\/types\/post"}],"author":[{"embeddable":true,"href":"https:\/\/mvt.qc.ca\/fr\/wp-json\/wp\/v2\/users\/1"}],"replies":[{"embeddable":true,"href":"https:\/\/mvt.qc.ca\/fr\/wp-json\/wp\/v2\/comments?post=899"}],"version-history":[{"count":10,"href":"https:\/\/mvt.qc.ca\/fr\/wp-json\/wp\/v2\/posts\/899\/revisions"}],"predecessor-version":[{"id":5415,"href":"https:\/\/mvt.qc.ca\/fr\/wp-json\/wp\/v2\/posts\/899\/revisions\/5415"}],"wp:attachment":[{"href":"https:\/\/mvt.qc.ca\/fr\/wp-json\/wp\/v2\/media?parent=899"}],"wp:term":[{"taxonomy":"category","embeddable":true,"href":"https:\/\/mvt.qc.ca\/fr\/wp-json\/wp\/v2\/categories?post=899"},{"taxonomy":"post_tag","embeddable":true,"href":"https:\/\/mvt.qc.ca\/fr\/wp-json\/wp\/v2\/tags?post=899"}],"curies":[{"name":"wp","href":"https:\/\/api.w.org\/{rel}","templated":true}]}}