{"id":895,"date":"2011-09-12T11:35:21","date_gmt":"2011-09-12T15:35:21","guid":{"rendered":"http:\/\/mvt.tc\/fr\/?p=895"},"modified":"2012-07-04T15:01:17","modified_gmt":"2012-07-04T20:01:17","slug":"carpostal","status":"publish","type":"post","link":"https:\/\/mvt.qc.ca\/fr\/2011\/09\/carpostal\/","title":{"rendered":"Le car postal, service mixte colis-voyageurs"},"content":{"rendered":"<div style=\"width: 240px\" class=\"wp-caption alignleft\"><img loading=\"lazy\" decoding=\"async\" title=\"Car postal \u00e0 Brigue\" src=\"http:\/\/www.trambus.org\/img\/data\/media\/1820\/CP_19_08_2011_8.JPG\" alt=\"\" width=\"240\" height=\"180\" \/><p class=\"wp-caption-text\">Car postal \u00e0 Brigue (utilisation autoris\u00e9e par bustpg &#8211; forum.trolley.ch)<\/p><\/div>\n<p style=\"text-align: justify;\">Dans les r\u00e9gions rurales \u00e0 faible densit\u00e9, pourquoi ne pas combiner le transport des enveloppes et colis \u00e0 celui des passagers? Cette id\u00e9e originale remonte au milieu du 19e si\u00e8cle.<\/p>\n<p style=\"text-align: justify;\">Au fil des ann\u00e9es, ce service s&rsquo;est d\u00e9velopp\u00e9, puis, l&rsquo;entreprise <a href=\"http:\/\/www.carpostal.ch\">CarPostal<\/a>, filiale de la poste suisse (<a href=\"http:\/\/www.poste.ch\/\">La Poste<\/a>), a diversifi\u00e9 ses activit\u00e9s, en d\u00e9veloppant \u00e9galement le transport urbain, interurbain, ainsi que le transport \u00e0 la demande (<a href=\"http:\/\/www.postauto.ch\/fr\/pag-startseite\/pag-mobilitaetsloesungen\/pag-spezialverkehre\/pag-rufbus.htm\">PubliCar<\/a>), de telle sorte qu&rsquo;elle compte plus de 3000 employ\u00e9-es, assure annuellement plus de 120 millions de d\u00e9placements, avec un <a href=\"http:\/\/www.postauto.ch\/fr\/pag-startseite\/pag-ueberuns\/pag-portrait\/pag-fahrzeugflotte\/pag-fahrzeugflotte-fahrzeuge.htm\">parc de plus de 2000 v\u00e9hicules<\/a>.<\/p>\n<p style=\"text-align: justify;\">En compl\u00e9ment des autres services de transport par autobus, train, bateau ou m\u00eame par c\u00e2ble, le service de CarPostal permet une <a href=\"http:\/\/map.xiala.net\/index.php?lat=47.16124065959858&amp;lon=8.09967041015625&amp;zoom=10&amp;map=t&amp;overlays=pt,\">couverture du territoire<\/a> impressionnante. Jugez-en par vous-m\u00eame en entrant le nom d&rsquo;une localit\u00e9 de votre choix dans l&rsquo;<a href=\"http:\/\/www.tableaux-horaires.ch\/fr\/liste-des-localites\">indicateur national des horaires<\/a>.<\/p>\n<p style=\"text-align: justify;\">Du <a href=\"http:\/\/www.postauto.ch\/fr\/pag-startseite\/pag-ueberuns\/pag-portrait\/pag-fahrzeugflotte\/pag-fahrzeugflotte-fahrzeuge\/pag-fahrzeugflotte-fahrzeuge-schulbus.htm\">minibus<\/a> \u00e0 l&rsquo;<a href=\"http:\/\/www.postauto.ch\/fr\/pag-startseite\/pag-ueberuns\/pag-portrait\/pag-fahrzeugflotte\/pag-fahrzeugflotte-fahrzeuge\/pag-flotte-gelenkbus.htm\">autobus articul\u00e9 de 18 m<\/a>, en passant par le <a href=\"http:\/\/www.postauto.ch\/fr\/pag-startseite\/pag-ueberuns\/pag-portrait\/pag-fahrzeugflotte\/pag-fahrzeugflotte-fahrzeuge\/pag-fahrzeugflotte-fahrzeuge-doppelstock.htm\">car \u00e0 imp\u00e9riale<\/a>, CarPostal emploie des v\u00e9hicules adapt\u00e9s \u00e0 la sinuosit\u00e9 des routes et \u00e0 la densit\u00e9 du territoire \u00e0 desservir. Les adeptes du <a href=\"http:\/\/www.postauto.ch\/fr\/pag-startseite\/pag-kundenservice\/pag-postauto-in-ihrer-naehe\/pag-wallis\/pag-velo-wallis.htm\">v\u00e9lo<\/a> ne sont pas en reste : plusieurs v\u00e9hicules sont munis de supports ext\u00e9rieurs, ou tirent \u00e9galement des remorques, pour faciliter le d\u00e9placement des cyclistes d&rsquo;une r\u00e9gion \u00e0 l&rsquo;autre.<\/p>\n<p style=\"text-align: justify;\">L&rsquo;entreprise est \u00e9galement pr\u00e9sente dans la principaut\u00e9 du <a href=\"http:\/\/fr.wikipedia.org\/wiki\/Liechtenstein\">Liechtenstein<\/a>, pays voisin en union douani\u00e8re et mon\u00e9taire avec la Suisse. Sur le march\u00e9 fran\u00e7ais, la filiale <a href=\"http:\/\/carpostal.fr\/\">CarPostal France<\/a> exploite \u00e9galement des lignes et r\u00e9seaux de transport. Tout d&rsquo;abord implant\u00e9e dans les territoires limitrophes \u00e0 la Suisse (Alsace et Franche-Comt\u00e9), l&rsquo;entreprise s&rsquo;est d\u00e9velopp\u00e9e dans les r\u00e9gions Rh\u00f4ne-Alpes et Languedoc-Roussillon.<\/p>\n<p>Pour plus de renseignements :<br \/>\nForum <a href=\"http:\/\/forum.trolley.ch\/index.php\">trolley.ch<\/a>, rubrique <a href=\"http:\/\/forum.trolley.ch\/viewforum.php?f=20\">Car Postal<\/a><br \/>\n<a href=\"http:\/\/www.tsr.ch\/video\/info\/couleurs-locales\/866564-immersion-aupres-de-daniel-constantin-chauffeur-de-car-postal.html#id=866564\">Reportage<\/a> de la t\u00e9l\u00e9vision suisse romande \u00e0 bord d&rsquo;un car postal (2&prime; 36&Prime;).<\/p>\n<p>&nbsp;<\/p>\n<div id=\"ff_peerindex_tooltip\"><\/div>\n","protected":false},"excerpt":{"rendered":"<p>Dans les r\u00e9gions rurales \u00e0 faible densit\u00e9, pourquoi ne pas combiner le transport des enveloppes et colis \u00e0 celui des passagers? Cette id\u00e9e originale remonte au milieu du 19e si\u00e8cle. Au fil des ann\u00e9es, ce service s&rsquo;est d\u00e9velopp\u00e9, puis, l&rsquo;entreprise CarPostal, filiale de la poste suisse (La Poste), a diversifi\u00e9 ses activit\u00e9s, en d\u00e9veloppant \u00e9galement &hellip; <\/p>\n<p><a class=\"more-link btn\" href=\"https:\/\/mvt.qc.ca\/fr\/2011\/09\/carpostal\/\">Lire la suite<\/a><\/p>\n","protected":false},"author":1,"featured_media":0,"comment_status":"open","ping_status":"open","sticky":false,"template":"","format":"standard","meta":{"footnotes":""},"categories":[18,19,34,32,15],"tags":[88,90,91,89],"class_list":["post-895","post","type-post","status-publish","format-standard","hentry","category-autobus","category-autocar","category-carpostal-postauto-autopostale","category-suisse","category-velo","tag-car-postal","tag-lettres-et-colis","tag-transport-a-la-demande","tag-transport-rural","nodate","item-wrap"],"_links":{"self":[{"href":"https:\/\/mvt.qc.ca\/fr\/wp-json\/wp\/v2\/posts\/895","targetHints":{"allow":["GET"]}}],"collection":[{"href":"https:\/\/mvt.qc.ca\/fr\/wp-json\/wp\/v2\/posts"}],"about":[{"href":"https:\/\/mvt.qc.ca\/fr\/wp-json\/wp\/v2\/types\/post"}],"author":[{"embeddable":true,"href":"https:\/\/mvt.qc.ca\/fr\/wp-json\/wp\/v2\/users\/1"}],"replies":[{"embeddable":true,"href":"https:\/\/mvt.qc.ca\/fr\/wp-json\/wp\/v2\/comments?post=895"}],"version-history":[{"count":17,"href":"https:\/\/mvt.qc.ca\/fr\/wp-json\/wp\/v2\/posts\/895\/revisions"}],"predecessor-version":[{"id":911,"href":"https:\/\/mvt.qc.ca\/fr\/wp-json\/wp\/v2\/posts\/895\/revisions\/911"}],"wp:attachment":[{"href":"https:\/\/mvt.qc.ca\/fr\/wp-json\/wp\/v2\/media?parent=895"}],"wp:term":[{"taxonomy":"category","embeddable":true,"href":"https:\/\/mvt.qc.ca\/fr\/wp-json\/wp\/v2\/categories?post=895"},{"taxonomy":"post_tag","embeddable":true,"href":"https:\/\/mvt.qc.ca\/fr\/wp-json\/wp\/v2\/tags?post=895"}],"curies":[{"name":"wp","href":"https:\/\/api.w.org\/{rel}","templated":true}]}}