{"id":875,"date":"2011-09-08T11:00:16","date_gmt":"2011-09-08T15:00:16","guid":{"rendered":"http:\/\/mvt.tc\/fr\/?p=875"},"modified":"2011-09-08T11:07:53","modified_gmt":"2011-09-08T15:07:53","slug":"point-tc","status":"publish","type":"post","link":"https:\/\/mvt.qc.ca\/fr\/2011\/09\/point-tc\/","title":{"rendered":".tc pour les transports collectifs"},"content":{"rendered":"<div style=\"width: 240px\" class=\"wp-caption alignleft\"><img loading=\"lazy\" decoding=\"async\" title=\"Turques et Ca\u00efques\" src=\"http:\/\/farm6.static.flickr.com\/5067\/5559603883_74d9d15530_m.jpg\" alt=\"Turques et Ca\u00efques\" width=\"240\" height=\"180\" \/><p class=\"wp-caption-text\">Source : digitizedchaos (CC-BY-SA)<\/p><\/div>\n<p style=\"text-align: justify;\">Parmi les noms de domaine .com, .net, .info, en plus de ceux des territoires, le .tc pourrait devenir un rep\u00e8re pour mieux identifier et regrouper les sites relatifs aux transports collectifs.<\/p>\n<p style=\"text-align: justify;\">L&rsquo;archipel des <strong><a href=\"http:\/\/fr.wikipedia.org\/wiki\/%C3%8Eles_Turques-et-Ca%C3%AFques\">Turques-et-Ca\u00efques<\/a><\/strong> est situ\u00e9 dans les Antilles. Depuis le si\u00e8cle dernier, il est question que ce territoire d&rsquo;outre-mer du Royaume-Uni soit int\u00e9gr\u00e9 au Canada, en tant que territoire (comme le Nunavut), ou partie de la province de Nouvelle-\u00c9cosse. Une contr\u00e9e un peu plus chaude que Terre-Neuve, unie au Canada en 1949!<\/p>\n<p style=\"text-align: justify;\">De fa\u00e7on analogue au nom de domaine .tv (archipel polyn\u00e9sien de Tuvalu), employ\u00e9 par de nombreux t\u00e9l\u00e9diffuseurs pour leur pr\u00e9sence web, le nom de domaine .tc est ouvert \u00e0 tous.<\/p>\n","protected":false},"excerpt":{"rendered":"<p>Parmi les noms de domaine .com, .net, .info, en plus de ceux des territoires, le .tc pourrait devenir un rep\u00e8re pour mieux identifier et regrouper les sites relatifs aux transports collectifs. L&rsquo;archipel des Turques-et-Ca\u00efques est situ\u00e9 dans les Antilles. Depuis le si\u00e8cle dernier, il est question que ce territoire d&rsquo;outre-mer du Royaume-Uni soit int\u00e9gr\u00e9 au &hellip; <\/p>\n<p><a class=\"more-link btn\" href=\"https:\/\/mvt.qc.ca\/fr\/2011\/09\/point-tc\/\">Lire la suite<\/a><\/p>\n","protected":false},"author":1,"featured_media":0,"comment_status":"open","ping_status":"open","sticky":false,"template":"","format":"standard","meta":{"footnotes":""},"categories":[84,85],"tags":[86,87],"class_list":["post-875","post","type-post","status-publish","format-standard","hentry","category-antilles","category-turques-et-caiques","tag-tc","tag-domaine","nodate","item-wrap"],"_links":{"self":[{"href":"https:\/\/mvt.qc.ca\/fr\/wp-json\/wp\/v2\/posts\/875","targetHints":{"allow":["GET"]}}],"collection":[{"href":"https:\/\/mvt.qc.ca\/fr\/wp-json\/wp\/v2\/posts"}],"about":[{"href":"https:\/\/mvt.qc.ca\/fr\/wp-json\/wp\/v2\/types\/post"}],"author":[{"embeddable":true,"href":"https:\/\/mvt.qc.ca\/fr\/wp-json\/wp\/v2\/users\/1"}],"replies":[{"embeddable":true,"href":"https:\/\/mvt.qc.ca\/fr\/wp-json\/wp\/v2\/comments?post=875"}],"version-history":[{"count":19,"href":"https:\/\/mvt.qc.ca\/fr\/wp-json\/wp\/v2\/posts\/875\/revisions"}],"predecessor-version":[{"id":894,"href":"https:\/\/mvt.qc.ca\/fr\/wp-json\/wp\/v2\/posts\/875\/revisions\/894"}],"wp:attachment":[{"href":"https:\/\/mvt.qc.ca\/fr\/wp-json\/wp\/v2\/media?parent=875"}],"wp:term":[{"taxonomy":"category","embeddable":true,"href":"https:\/\/mvt.qc.ca\/fr\/wp-json\/wp\/v2\/categories?post=875"},{"taxonomy":"post_tag","embeddable":true,"href":"https:\/\/mvt.qc.ca\/fr\/wp-json\/wp\/v2\/tags?post=875"}],"curies":[{"name":"wp","href":"https:\/\/api.w.org\/{rel}","templated":true}]}}