{"id":841,"date":"2011-09-02T20:30:09","date_gmt":"2011-09-03T00:30:09","guid":{"rendered":"http:\/\/mvt.tc\/fr\/?p=841"},"modified":"2013-03-10T19:58:19","modified_gmt":"2013-03-11T00:58:19","slug":"slow-travel","status":"publish","type":"post","link":"https:\/\/mvt.qc.ca\/fr\/2011\/09\/slow-travel\/","title":{"rendered":"Apr\u00e8s le \u00ab\u00a0slow food\u00a0\u00bb et les \u00ab\u00a0slow cities\u00a0\u00bb, le \u00ab\u00a0slow travel\u00a0\u00bb"},"content":{"rendered":"<p style=\"text-align: justify;\"><img loading=\"lazy\" decoding=\"async\" class=\"alignleft\" title=\"Slow\" alt=\"\" src=\"http:\/\/farm7.static.flickr.com\/6191\/6107724010_2baa97309b_m_d.jpg\" width=\"240\" height=\"192\" \/>Ce n&rsquo;est pas un concept dont on entend parler beaucoup \u00e0 l&rsquo;ouest de l&rsquo;Atlantique&#8230;mais il fait son bout de chemin. Un clin d&rsquo;oeil au c\u00e9l\u00e8bre slogan des trains \u00e0 grande vitesse de la Soci\u00e9t\u00e9 nationale des chemins de fer fran\u00e7ais (SNCF), \u00ab\u00a0<em>Prenez le temps d&rsquo;aller vite<\/em>\u00a0\u00bb !<\/p>\n<p style=\"text-align: justify;\">Pour plus de renseignements, lisez ces chroniques du r\u00e9seau de veille en tourisme, publi\u00e9es par la Chaire de tourisme TRANSAT, de l&rsquo;Universit\u00e9 du Qu\u00e9bec \u00e0 Montr\u00e9al (UQAM).\u00a0Bonne lecture!<\/p>\n<p>&#8211; <a href=\"http:\/\/is.gd\/3BlLrr\">http:\/\/is.gd\/3BlLrr<\/a> (19 mai 2005)<br \/>\n&#8211; <a href=\"http:\/\/is.gd\/HNokyK\">http:\/\/is.gd\/HNokyK<\/a> (1 septembre 2011)<\/p>\n<p>&nbsp;<\/p>\n","protected":false},"excerpt":{"rendered":"<p>Ce n&rsquo;est pas un concept dont on entend parler beaucoup \u00e0 l&rsquo;ouest de l&rsquo;Atlantique&#8230;mais il fait son bout de chemin. Un clin d&rsquo;oeil au c\u00e9l\u00e8bre slogan des trains \u00e0 grande vitesse de la Soci\u00e9t\u00e9 nationale des chemins de fer fran\u00e7ais (SNCF), \u00ab\u00a0Prenez le temps d&rsquo;aller vite\u00a0\u00bb ! Pour plus de renseignements, lisez ces chroniques du &hellip; <\/p>\n<p><a class=\"more-link btn\" href=\"https:\/\/mvt.qc.ca\/fr\/2011\/09\/slow-travel\/\">Lire la suite<\/a><\/p>\n","protected":false},"author":1,"featured_media":0,"comment_status":"open","ping_status":"open","sticky":false,"template":"","format":"standard","meta":{"footnotes":""},"categories":[16,25,9,12,15],"tags":[79,78],"class_list":["post-841","post","type-post","status-publish","format-standard","hentry","category-a-pied","category-europe","category-particuliers","category-train","category-velo","tag-cittaslow","tag-slow-travel","nodate","item-wrap"],"_links":{"self":[{"href":"https:\/\/mvt.qc.ca\/fr\/wp-json\/wp\/v2\/posts\/841","targetHints":{"allow":["GET"]}}],"collection":[{"href":"https:\/\/mvt.qc.ca\/fr\/wp-json\/wp\/v2\/posts"}],"about":[{"href":"https:\/\/mvt.qc.ca\/fr\/wp-json\/wp\/v2\/types\/post"}],"author":[{"embeddable":true,"href":"https:\/\/mvt.qc.ca\/fr\/wp-json\/wp\/v2\/users\/1"}],"replies":[{"embeddable":true,"href":"https:\/\/mvt.qc.ca\/fr\/wp-json\/wp\/v2\/comments?post=841"}],"version-history":[{"count":13,"href":"https:\/\/mvt.qc.ca\/fr\/wp-json\/wp\/v2\/posts\/841\/revisions"}],"predecessor-version":[{"id":2422,"href":"https:\/\/mvt.qc.ca\/fr\/wp-json\/wp\/v2\/posts\/841\/revisions\/2422"}],"wp:attachment":[{"href":"https:\/\/mvt.qc.ca\/fr\/wp-json\/wp\/v2\/media?parent=841"}],"wp:term":[{"taxonomy":"category","embeddable":true,"href":"https:\/\/mvt.qc.ca\/fr\/wp-json\/wp\/v2\/categories?post=841"},{"taxonomy":"post_tag","embeddable":true,"href":"https:\/\/mvt.qc.ca\/fr\/wp-json\/wp\/v2\/tags?post=841"}],"curies":[{"name":"wp","href":"https:\/\/api.w.org\/{rel}","templated":true}]}}