{"id":75,"date":"2011-08-26T12:00:41","date_gmt":"2011-08-26T16:00:41","guid":{"rendered":"http:\/\/mvt.qc.ca\/wordpress\/?p=75"},"modified":"2013-03-10T19:54:37","modified_gmt":"2013-03-11T00:54:37","slug":"changements-perso-corpo","status":"publish","type":"post","link":"https:\/\/mvt.qc.ca\/fr\/2011\/08\/changements-perso-corpo\/","title":{"rendered":"Des changements dans votre vie vous invitent \u00e0 repenser votre mobilit\u00e9?"},"content":{"rendered":"<div style=\"width: 240px\" class=\"wp-caption alignleft\"><img loading=\"lazy\" decoding=\"async\" title=\"D\u00e9m\u00e9nagement\" alt=\"\" src=\"http:\/\/farm2.static.flickr.com\/1182\/5126345449_d6ec295099_m_d.jpg\" width=\"240\" height=\"144\" \/><p class=\"wp-caption-text\">Source : o5com (CC-BY-2.0)<\/p><\/div>\n<p style=\"text-align: justify;\">Du nouveau dans votre vie personnelle et professionnelle?<\/p>\n<p style=\"text-align: justify;\">Vous envisagez de d\u00e9m\u00e9nager dans un autre quartier ou une autre r\u00e9gion, mais ne connaissez pas encore les ressources disponibles en transports actifs, collectifs et alternatifs?<\/p>\n<p style=\"text-align: justify;\">En qu\u00eate de nouveaux d\u00e9fis professionnels, vous h\u00e9sitez entre deux propositions d&#8217;emploi?<\/p>\n<p style=\"text-align: justify;\">La localisation de votre domicile et l&rsquo;accessibilit\u00e9 du lieu de travail\u00a0sont des facteurs tr\u00e8s importants dans l&rsquo;organisation de vos d\u00e9placements r\u00e9guliers et de votre maisonn\u00e9e.<\/p>\n<p style=\"text-align: justify;\">Profitez de l&rsquo;occasion pour mieux cibler vos besoins de transport. MVT vous aidera \u00e0 prendre la meilleure d\u00e9cision pour mieux conjuguer mobilit\u00e9 et environnement au quotidien, tout en vous proposant des astuces pour bien contr\u00f4ler vos co\u00fbts de transport.<\/p>\n<p style=\"text-align: justify;\">Avec une planification judicieuse, vous r\u00e9aliserez des \u00e9conomies substantielles!<\/p>\n<p style=\"text-align: justify;\">\n","protected":false},"excerpt":{"rendered":"<p>Du nouveau dans votre vie personnelle et professionnelle? Vous envisagez de d\u00e9m\u00e9nager dans un autre quartier ou une autre r\u00e9gion, mais ne connaissez pas encore les ressources disponibles en transports actifs, collectifs et alternatifs? En qu\u00eate de nouveaux d\u00e9fis professionnels, vous h\u00e9sitez entre deux propositions d&#8217;emploi? La localisation de votre domicile et l&rsquo;accessibilit\u00e9 du lieu &hellip; <\/p>\n<p><a class=\"more-link btn\" href=\"https:\/\/mvt.qc.ca\/fr\/2011\/08\/changements-perso-corpo\/\">Lire la suite<\/a><\/p>\n","protected":false},"author":1,"featured_media":0,"comment_status":"open","ping_status":"open","sticky":false,"template":"","format":"standard","meta":{"footnotes":""},"categories":[3,9],"tags":[45,48,49,59],"class_list":["post-75","post","type-post","status-publish","format-standard","hentry","category-capsules","category-particuliers","tag-carriere","tag-demenagement","tag-emploi","tag-relocalisation","nodate","item-wrap"],"_links":{"self":[{"href":"https:\/\/mvt.qc.ca\/fr\/wp-json\/wp\/v2\/posts\/75","targetHints":{"allow":["GET"]}}],"collection":[{"href":"https:\/\/mvt.qc.ca\/fr\/wp-json\/wp\/v2\/posts"}],"about":[{"href":"https:\/\/mvt.qc.ca\/fr\/wp-json\/wp\/v2\/types\/post"}],"author":[{"embeddable":true,"href":"https:\/\/mvt.qc.ca\/fr\/wp-json\/wp\/v2\/users\/1"}],"replies":[{"embeddable":true,"href":"https:\/\/mvt.qc.ca\/fr\/wp-json\/wp\/v2\/comments?post=75"}],"version-history":[{"count":6,"href":"https:\/\/mvt.qc.ca\/fr\/wp-json\/wp\/v2\/posts\/75\/revisions"}],"predecessor-version":[{"id":2415,"href":"https:\/\/mvt.qc.ca\/fr\/wp-json\/wp\/v2\/posts\/75\/revisions\/2415"}],"wp:attachment":[{"href":"https:\/\/mvt.qc.ca\/fr\/wp-json\/wp\/v2\/media?parent=75"}],"wp:term":[{"taxonomy":"category","embeddable":true,"href":"https:\/\/mvt.qc.ca\/fr\/wp-json\/wp\/v2\/categories?post=75"},{"taxonomy":"post_tag","embeddable":true,"href":"https:\/\/mvt.qc.ca\/fr\/wp-json\/wp\/v2\/tags?post=75"}],"curies":[{"name":"wp","href":"https:\/\/api.w.org\/{rel}","templated":true}]}}