{"id":6915,"date":"2015-10-03T13:00:36","date_gmt":"2015-10-03T17:00:36","guid":{"rendered":"http:\/\/mvt.qc.ca\/fr\/?p=6915"},"modified":"2015-10-10T19:09:06","modified_gmt":"2015-10-10T23:09:06","slug":"grenoble-generalise-la-vitesse-limitee-a-30-kmh","status":"publish","type":"post","link":"https:\/\/mvt.qc.ca\/fr\/2015\/10\/grenoble-generalise-la-vitesse-limitee-a-30-kmh\/","title":{"rendered":"Grenoble g\u00e9n\u00e9ralise la vitesse limit\u00e9e \u00e0 30 km\/h"},"content":{"rendered":"<p>http:\/\/mobile.lemonde.fr\/planete\/article\/2015\/09\/15\/grenoble-generalise-la-vitesse-limitee-a-30-km-h_4758042_3244.html?xtref=http:\/\/l.facebook.com\/lsr.php<\/p>\n<p>&nbsp;<\/p>\n<p>&nbsp;<\/p>\n","protected":false},"excerpt":{"rendered":"<p>http:\/\/mobile.lemonde.fr\/planete\/article\/2015\/09\/15\/grenoble-generalise-la-vitesse-limitee-a-30-km-h_4758042_3244.html?xtref=http:\/\/l.facebook.com\/lsr.php &nbsp; &nbsp;<\/p>\n","protected":false},"author":1,"featured_media":0,"comment_status":"open","ping_status":"open","sticky":false,"template":"","format":"standard","meta":{"footnotes":""},"categories":[493,26,306],"tags":[659,660],"class_list":["post-6915","post","type-post","status-publish","format-standard","hentry","category-amenagement-du-territoire","category-france","category-grenoble","tag-30-kmh","tag-grenoble","nodate","item-wrap"],"_links":{"self":[{"href":"https:\/\/mvt.qc.ca\/fr\/wp-json\/wp\/v2\/posts\/6915","targetHints":{"allow":["GET"]}}],"collection":[{"href":"https:\/\/mvt.qc.ca\/fr\/wp-json\/wp\/v2\/posts"}],"about":[{"href":"https:\/\/mvt.qc.ca\/fr\/wp-json\/wp\/v2\/types\/post"}],"author":[{"embeddable":true,"href":"https:\/\/mvt.qc.ca\/fr\/wp-json\/wp\/v2\/users\/1"}],"replies":[{"embeddable":true,"href":"https:\/\/mvt.qc.ca\/fr\/wp-json\/wp\/v2\/comments?post=6915"}],"version-history":[{"count":1,"href":"https:\/\/mvt.qc.ca\/fr\/wp-json\/wp\/v2\/posts\/6915\/revisions"}],"predecessor-version":[{"id":6916,"href":"https:\/\/mvt.qc.ca\/fr\/wp-json\/wp\/v2\/posts\/6915\/revisions\/6916"}],"wp:attachment":[{"href":"https:\/\/mvt.qc.ca\/fr\/wp-json\/wp\/v2\/media?parent=6915"}],"wp:term":[{"taxonomy":"category","embeddable":true,"href":"https:\/\/mvt.qc.ca\/fr\/wp-json\/wp\/v2\/categories?post=6915"},{"taxonomy":"post_tag","embeddable":true,"href":"https:\/\/mvt.qc.ca\/fr\/wp-json\/wp\/v2\/tags?post=6915"}],"curies":[{"name":"wp","href":"https:\/\/api.w.org\/{rel}","templated":true}]}}