{"id":6029,"date":"2014-11-07T12:00:52","date_gmt":"2014-11-07T16:00:52","guid":{"rendered":"http:\/\/mvt.qc.ca\/fr\/?p=6029"},"modified":"2014-11-08T12:59:14","modified_gmt":"2014-11-08T16:59:14","slug":"diplomes-emissions-co2","status":"publish","type":"post","link":"https:\/\/mvt.qc.ca\/fr\/2014\/11\/diplomes-emissions-co2\/","title":{"rendered":"Plus on est dipl\u00f4m\u00e9, plus on \u00e9met de CO2 en se d\u00e9pla\u00e7ant"},"content":{"rendered":"<div data-ajax=\"{'url':'http:\/\/transports.blog.lemonde.fr\/2014\/11\/03\/plus-on-est-diplome-plus-on-emet-de-co2-en-se-deplacant\/','embed':'&lt;a class=\\&quot;embedly-card\\&quot; href=\\&quot;http:\/\/transports.blog.lemonde.fr\/2014\/11\/03\/plus-on-est-diplome-plus-on-emet-de-co2-en-se-deplacant\/\\&quot;&gt;Plus on est dipl\\u00f4m\\u00e9, plus on \\u00e9met de CO2 en se d\\u00e9pla\\u00e7ant&lt;\/a&gt;'}\"><a class=\"embedly-card\" href=\"http:\/\/transports.blog.lemonde.fr\/2014\/11\/03\/plus-on-est-diplome-plus-on-emet-de-co2-en-se-deplacant\/\">Plus on est dipl\u00f4m\u00e9, plus on \u00e9met de CO2 en se d\u00e9pla\u00e7ant<\/a><\/div>\n","protected":false},"excerpt":{"rendered":"<p>Plus on est dipl\u00f4m\u00e9, plus on \u00e9met de CO2 en se d\u00e9pla\u00e7ant<\/p>\n","protected":false},"author":1,"featured_media":0,"comment_status":"open","ping_status":"open","sticky":false,"template":"","format":"standard","meta":{"footnotes":""},"categories":[95,337,26],"tags":[579],"class_list":["post-6029","post","type-post","status-publish","format-standard","hentry","category-automobile","category-avion","category-france","tag-co2","nodate","item-wrap"],"_links":{"self":[{"href":"https:\/\/mvt.qc.ca\/fr\/wp-json\/wp\/v2\/posts\/6029","targetHints":{"allow":["GET"]}}],"collection":[{"href":"https:\/\/mvt.qc.ca\/fr\/wp-json\/wp\/v2\/posts"}],"about":[{"href":"https:\/\/mvt.qc.ca\/fr\/wp-json\/wp\/v2\/types\/post"}],"author":[{"embeddable":true,"href":"https:\/\/mvt.qc.ca\/fr\/wp-json\/wp\/v2\/users\/1"}],"replies":[{"embeddable":true,"href":"https:\/\/mvt.qc.ca\/fr\/wp-json\/wp\/v2\/comments?post=6029"}],"version-history":[{"count":1,"href":"https:\/\/mvt.qc.ca\/fr\/wp-json\/wp\/v2\/posts\/6029\/revisions"}],"predecessor-version":[{"id":6030,"href":"https:\/\/mvt.qc.ca\/fr\/wp-json\/wp\/v2\/posts\/6029\/revisions\/6030"}],"wp:attachment":[{"href":"https:\/\/mvt.qc.ca\/fr\/wp-json\/wp\/v2\/media?parent=6029"}],"wp:term":[{"taxonomy":"category","embeddable":true,"href":"https:\/\/mvt.qc.ca\/fr\/wp-json\/wp\/v2\/categories?post=6029"},{"taxonomy":"post_tag","embeddable":true,"href":"https:\/\/mvt.qc.ca\/fr\/wp-json\/wp\/v2\/tags?post=6029"}],"curies":[{"name":"wp","href":"https:\/\/api.w.org\/{rel}","templated":true}]}}