{"id":5866,"date":"2014-09-10T20:00:06","date_gmt":"2014-09-11T00:00:06","guid":{"rendered":"http:\/\/mvt.qc.ca\/fr\/?p=5866"},"modified":"2014-09-10T23:00:12","modified_gmt":"2014-09-11T03:00:12","slug":"norvege-voitures-electriques","status":"publish","type":"post","link":"https:\/\/mvt.qc.ca\/fr\/2014\/09\/norvege-voitures-electriques\/","title":{"rendered":"Les voitures \u00e9lectriques victimes de leur succ\u00e8s&#8230;"},"content":{"rendered":"<p>&#8230;les usagers des autobus aussi!<\/p>\n<div data-ajax=\"{'url':'http:\/\/auto.lapresse.ca\/auto-ecolo\/201408\/28\/01-4795282-les-voitures-electriques-victimes-de-leur-succes-en-norvege.php','embed':'&lt;a class=\\&quot;embedly-card\\&quot; href=\\&quot;http:\/\/auto.lapresse.ca\/auto-ecolo\/201408\/28\/01-4795282-les-voitures-electriques-victimes-de-leur-succes-en-norvege.php\\&quot;&gt;Les voitures \\u00e9lectriques victimes de leur succ\\u00e8s en Norv\\u00e8ge | Pierre-Henry DESHAYES | Auto \\u00e9colo&lt;\/a&gt;'}\"><a class=\"embedly-card\" href=\"http:\/\/auto.lapresse.ca\/auto-ecolo\/201408\/28\/01-4795282-les-voitures-electriques-victimes-de-leur-succes-en-norvege.php\">Les voitures \u00e9lectriques victimes de leur succ\u00e8s en Norv\u00e8ge | Pierre-Henry DESHAYES | Auto \u00e9colo<\/a><\/div>\n","protected":false},"excerpt":{"rendered":"<p>&#8230;les usagers des autobus aussi! Les voitures \u00e9lectriques victimes de leur succ\u00e8s en Norv\u00e8ge | Pierre-Henry DESHAYES | Auto \u00e9colo<\/p>\n","protected":false},"author":1,"featured_media":0,"comment_status":"open","ping_status":"open","sticky":false,"template":"","format":"standard","meta":{"footnotes":""},"categories":[493,95,130,344],"tags":[568,567,566],"class_list":["post-5866","post","type-post","status-publish","format-standard","hentry","category-amenagement-du-territoire","category-automobile","category-energie-2","category-norvege","tag-incitatifs","tag-mesures-preferentielles","tag-voiture-electrique","nodate","item-wrap"],"_links":{"self":[{"href":"https:\/\/mvt.qc.ca\/fr\/wp-json\/wp\/v2\/posts\/5866","targetHints":{"allow":["GET"]}}],"collection":[{"href":"https:\/\/mvt.qc.ca\/fr\/wp-json\/wp\/v2\/posts"}],"about":[{"href":"https:\/\/mvt.qc.ca\/fr\/wp-json\/wp\/v2\/types\/post"}],"author":[{"embeddable":true,"href":"https:\/\/mvt.qc.ca\/fr\/wp-json\/wp\/v2\/users\/1"}],"replies":[{"embeddable":true,"href":"https:\/\/mvt.qc.ca\/fr\/wp-json\/wp\/v2\/comments?post=5866"}],"version-history":[{"count":2,"href":"https:\/\/mvt.qc.ca\/fr\/wp-json\/wp\/v2\/posts\/5866\/revisions"}],"predecessor-version":[{"id":5868,"href":"https:\/\/mvt.qc.ca\/fr\/wp-json\/wp\/v2\/posts\/5866\/revisions\/5868"}],"wp:attachment":[{"href":"https:\/\/mvt.qc.ca\/fr\/wp-json\/wp\/v2\/media?parent=5866"}],"wp:term":[{"taxonomy":"category","embeddable":true,"href":"https:\/\/mvt.qc.ca\/fr\/wp-json\/wp\/v2\/categories?post=5866"},{"taxonomy":"post_tag","embeddable":true,"href":"https:\/\/mvt.qc.ca\/fr\/wp-json\/wp\/v2\/tags?post=5866"}],"curies":[{"name":"wp","href":"https:\/\/api.w.org\/{rel}","templated":true}]}}