{"id":5653,"date":"2014-06-10T20:00:27","date_gmt":"2014-06-11T00:00:27","guid":{"rendered":"http:\/\/mvt.qc.ca\/fr\/?p=5653"},"modified":"2014-06-10T20:09:10","modified_gmt":"2014-06-11T00:09:10","slug":"priorite-absolue-au-tram-train","status":"publish","type":"post","link":"https:\/\/mvt.qc.ca\/fr\/2014\/06\/priorite-absolue-au-tram-train\/","title":{"rendered":"Priorit\u00e9 absolue au tram-train!"},"content":{"rendered":"<p style=\"text-align: justify;\">Voyez comment ce tram-train \u00e0 voie m\u00e9trique traverse le centre de cette ville, depuis plus de cent ans&#8230;comme il est sur une chauss\u00e9e partag\u00e9e, et qu&rsquo;il ne peut pas d\u00e9vier de sa trajectoire, il a priorit\u00e9 absolue sur les autres v\u00e9hicules, par la force des choses!<\/p>\n<div data-ajax=\"{'url':'http:\/\/owl.li\/xRevr','embed':'&lt;a class=\\&quot;embedly-card\\&quot; data-card-theme=\\&quot;dark\\&quot; href=\\&quot;http:\/\/owl.li\/xRevr\\&quot;&gt;Bex - Villars-sur-Ollon (1\/4: Bex - B\\u00e9vieux)&lt;\/a&gt;'}\"><a class=\"embedly-card\" data-card-theme=\"dark\" href=\"http:\/\/owl.li\/xRevr\">Bex &#8211; Villars-sur-Ollon (1\/4: Bex &#8211; B\u00e9vieux)<\/a><\/div>\n","protected":false},"excerpt":{"rendered":"<p>Voyez comment ce tram-train \u00e0 voie m\u00e9trique traverse le centre de cette ville, depuis plus de cent ans&#8230;comme il est sur une chauss\u00e9e partag\u00e9e, et qu&rsquo;il ne peut pas d\u00e9vier de sa trajectoire, il a priorit\u00e9 absolue sur les autres v\u00e9hicules, par la force des choses! Bex &#8211; Villars-sur-Ollon (1\/4: Bex &#8211; B\u00e9vieux)<\/p>\n","protected":false},"author":1,"featured_media":0,"comment_status":"open","ping_status":"open","sticky":false,"template":"","format":"standard","meta":{"footnotes":""},"categories":[493,545,32,12,13],"tags":[649,546,547],"class_list":["post-5653","post","type-post","status-publish","format-standard","hentry","category-amenagement-du-territoire","category-bex","category-suisse","category-train","category-tramway","tag-bex","tag-tram-train","tag-voie-metrique","nodate","item-wrap"],"_links":{"self":[{"href":"https:\/\/mvt.qc.ca\/fr\/wp-json\/wp\/v2\/posts\/5653","targetHints":{"allow":["GET"]}}],"collection":[{"href":"https:\/\/mvt.qc.ca\/fr\/wp-json\/wp\/v2\/posts"}],"about":[{"href":"https:\/\/mvt.qc.ca\/fr\/wp-json\/wp\/v2\/types\/post"}],"author":[{"embeddable":true,"href":"https:\/\/mvt.qc.ca\/fr\/wp-json\/wp\/v2\/users\/1"}],"replies":[{"embeddable":true,"href":"https:\/\/mvt.qc.ca\/fr\/wp-json\/wp\/v2\/comments?post=5653"}],"version-history":[{"count":4,"href":"https:\/\/mvt.qc.ca\/fr\/wp-json\/wp\/v2\/posts\/5653\/revisions"}],"predecessor-version":[{"id":5657,"href":"https:\/\/mvt.qc.ca\/fr\/wp-json\/wp\/v2\/posts\/5653\/revisions\/5657"}],"wp:attachment":[{"href":"https:\/\/mvt.qc.ca\/fr\/wp-json\/wp\/v2\/media?parent=5653"}],"wp:term":[{"taxonomy":"category","embeddable":true,"href":"https:\/\/mvt.qc.ca\/fr\/wp-json\/wp\/v2\/categories?post=5653"},{"taxonomy":"post_tag","embeddable":true,"href":"https:\/\/mvt.qc.ca\/fr\/wp-json\/wp\/v2\/tags?post=5653"}],"curies":[{"name":"wp","href":"https:\/\/api.w.org\/{rel}","templated":true}]}}