{"id":5525,"date":"2014-04-05T17:00:11","date_gmt":"2014-04-05T21:00:11","guid":{"rendered":"http:\/\/mvt.qc.ca\/fr\/?p=5525"},"modified":"2014-04-05T17:44:59","modified_gmt":"2014-04-05T21:44:59","slug":"publibike-delemont","status":"publish","type":"post","link":"https:\/\/mvt.qc.ca\/fr\/2014\/04\/publibike-delemont\/","title":{"rendered":"PubliBike innove \u00e0 Del\u00e9mont"},"content":{"rendered":"<div class=\"mceItemEmbedly\" style=\"max-width: 600px;max-width:600px;\" data-ajax=\"{'url':'http:\/\/owl.li\/vtbEx','width':'600','words':'40','height':null,'embed':'&lt;div class=\\&quot;embedly\\&quot; style=\\&quot;max-width:600px;\\&quot;&gt;&lt;img src=\\&quot;http:\/\/www.rfj.ch\/Htdocs\/Images\/IF_Content_615\/6318.jpg?puid=40d7c4e4-908c-494d-8c75-27aac7469a14\\&quot; class=\\&quot;thumb embedly-thumbnail-small\\&quot; \/&gt;&lt;a class=\\'embedly-title\\' target=\\'_blank\\' href=\\'http:\/\/owl.li\/vtbEx\\'&gt;RFJ&lt;\/a&gt;R\\u00e9server son v\\u00e9lo par t\\u00e9l\\u00e9phone portable, c\\'est d\\u00e9sormais possible \\u00e0 Del\\u00e9mont. La station PubliBike de la capitale jurassienne est \\u00e9quip\\u00e9e d\\'un nouveau syst\\u00e8me. C\\'est la seule en Suisse romande \\u00e0 disposer de ce dispositif appel\\u00e9 \\&quot; QuickPass \\&quot;.&lt;div class=\\&quot;embedly-clear\\&quot;&gt;&lt;\/div&gt;&lt;span class=\\&quot;embedly-powered\\&quot; style=\\&quot;float:right;display:block\\&quot;&gt;&lt;a target=\\&quot;_blank\\&quot; href=\\&quot;http:\/\/embed.ly\/code?url=http%3A%2F%2Fowl.li%2FvtbEx\\&quot; title=\\&quot;Powered by Embedly\\&quot;&gt;&lt;img src=\\&quot;http:\/\/static.embed.ly\/images\/logos\/embedly-powered-small-light.png\\&quot; alt=\\&quot;Embedly Powered\\&quot; \/&gt;&lt;\/a&gt;&lt;\/span&gt;&lt;div class=\\&quot;media-attribution\\&quot;&gt;&lt;span&gt;via &lt;\/span&gt;&lt;a href=\\&quot;http:\/\/www.rfj.ch\\&quot; class=\\&quot;media-attribution-link\\&quot; target=\\&quot;_blank\\&quot;&gt;Rfj&lt;\/a&gt;&lt;\/span&gt;&lt;\/div&gt;&lt;div class=\\&quot;embedly-clear\\&quot;&gt;&lt;\/div&gt;&lt;\/div&gt;'}\">\n<div class=\"embedly\" style=\"max-width:600px;\"><img decoding=\"async\" src=\"http:\/\/www.rfj.ch\/Htdocs\/Images\/IF_Content_615\/6318.jpg?puid=40d7c4e4-908c-494d-8c75-27aac7469a14\" class=\"thumb embedly-thumbnail-small\" \/><a class='embedly-title' target='_blank' href='http:\/\/owl.li\/vtbEx'>RFJ<\/a>R\u00e9server son v\u00e9lo par t\u00e9l\u00e9phone portable, c&rsquo;est d\u00e9sormais possible \u00e0 Del\u00e9mont. La station PubliBike de la capitale jurassienne est \u00e9quip\u00e9e d&rsquo;un nouveau syst\u00e8me. C&rsquo;est la seule en Suisse romande \u00e0 disposer de ce dispositif appel\u00e9 \u00a0\u00bb QuickPass \u00ab\u00a0.<\/p>\n<div class=\"embedly-clear\"><\/div>\n<p><span class=\"embedly-powered\" style=\"float:right;display:block\"><a target=\"_blank\" href=\"http:\/\/embed.ly\/code?url=http%3A%2F%2Fowl.li%2FvtbEx\" title=\"Powered by Embedly\"><img decoding=\"async\" src=\"http:\/\/static.embed.ly\/images\/logos\/embedly-powered-small-light.png\" alt=\"Embedly Powered\" \/><\/a><\/span><\/p>\n<div class=\"media-attribution\"><span>via <\/span><a href=\"http:\/\/www.rfj.ch\" class=\"media-attribution-link\" target=\"_blank\">Rfj<\/a><\/span><\/div>\n<div class=\"embedly-clear\"><\/div>\n<\/div>\n<\/div>\n","protected":false},"excerpt":{"rendered":"<p>RFJR\u00e9server son v\u00e9lo par t\u00e9l\u00e9phone portable, c&rsquo;est d\u00e9sormais possible \u00e0 Del\u00e9mont. La station PubliBike de la capitale jurassienne est \u00e9quip\u00e9e d&rsquo;un nouveau syst\u00e8me. C&rsquo;est la seule en Suisse romande \u00e0 disposer de ce dispositif appel\u00e9 \u00a0\u00bb QuickPass \u00ab\u00a0. via Rfj<\/p>\n","protected":false},"author":1,"featured_media":0,"comment_status":"open","ping_status":"open","sticky":false,"template":"","format":"standard","meta":{"footnotes":""},"categories":[526,15],"tags":[643,366,323,276],"class_list":["post-5525","post","type-post","status-publish","format-standard","hentry","category-delemont","category-velo","tag-delemont","tag-publibike","tag-velo-2","tag-vls","nodate","item-wrap"],"_links":{"self":[{"href":"https:\/\/mvt.qc.ca\/fr\/wp-json\/wp\/v2\/posts\/5525","targetHints":{"allow":["GET"]}}],"collection":[{"href":"https:\/\/mvt.qc.ca\/fr\/wp-json\/wp\/v2\/posts"}],"about":[{"href":"https:\/\/mvt.qc.ca\/fr\/wp-json\/wp\/v2\/types\/post"}],"author":[{"embeddable":true,"href":"https:\/\/mvt.qc.ca\/fr\/wp-json\/wp\/v2\/users\/1"}],"replies":[{"embeddable":true,"href":"https:\/\/mvt.qc.ca\/fr\/wp-json\/wp\/v2\/comments?post=5525"}],"version-history":[{"count":2,"href":"https:\/\/mvt.qc.ca\/fr\/wp-json\/wp\/v2\/posts\/5525\/revisions"}],"predecessor-version":[{"id":5527,"href":"https:\/\/mvt.qc.ca\/fr\/wp-json\/wp\/v2\/posts\/5525\/revisions\/5527"}],"wp:attachment":[{"href":"https:\/\/mvt.qc.ca\/fr\/wp-json\/wp\/v2\/media?parent=5525"}],"wp:term":[{"taxonomy":"category","embeddable":true,"href":"https:\/\/mvt.qc.ca\/fr\/wp-json\/wp\/v2\/categories?post=5525"},{"taxonomy":"post_tag","embeddable":true,"href":"https:\/\/mvt.qc.ca\/fr\/wp-json\/wp\/v2\/tags?post=5525"}],"curies":[{"name":"wp","href":"https:\/\/api.w.org\/{rel}","templated":true}]}}