{"id":5518,"date":"2014-04-03T00:00:53","date_gmt":"2014-04-03T04:00:53","guid":{"rendered":"http:\/\/mvt.qc.ca\/fr\/?p=5518"},"modified":"2014-04-03T00:05:04","modified_gmt":"2014-04-03T04:05:04","slug":"microbus-electrique-quebec","status":"publish","type":"post","link":"https:\/\/mvt.qc.ca\/fr\/2014\/04\/microbus-electrique-quebec\/","title":{"rendered":"Un microbus \u00e9lectrique de 30 places, con\u00e7u \u00e0 Qu\u00e9bec"},"content":{"rendered":"<div class=\"mceItemEmbedly\" style=\"max-width: 600px;max-width:600px;\" data-ajax=\"{'url':'http:\/\/www.lapresse.ca\/le-soleil\/actualites\/transports\/201403\/30\/01-4752809-un-microbus-urbain-concu-a-quebec.php','width':'600','words':'30','height':null,'embed':'&lt;div class=\\&quot;embedly\\&quot; style=\\&quot;max-width:600px;\\&quot;&gt;&lt;img src=\\&quot;http:\/\/images.lpcdn.ca\/435x290\/201403\/30\/833231-silencieux-ecologique-plus-manoeuvrable-quun.jpg\\&quot; class=\\&quot;thumb embedly-thumbnail-small\\&quot; \/&gt;&lt;a class=\\'embedly-title\\' target=\\'_blank\\' href=\\'http:\/\/www.lapresse.ca\/le-soleil\/actualites\/transports\/201403\/30\/01-4752809-un-microbus-urbain-concu-a-quebec.php\\'&gt;Un Microbus urbain con\\u00e7u \\u00e0 Qu\\u00e9bec&lt;\/a&gt;Le futur \\u00c9colobus qui arpentera les rues de la capitale pourrait bien provenir de plus pr\\u00e8s qu\\'on ne le pense. Un prototype de v\\u00e9hicule \\u00e9lectrique est en d\\u00e9veloppement...&lt;div class=\\&quot;embedly-clear\\&quot;&gt;&lt;\/div&gt;&lt;span class=\\&quot;embedly-powered\\&quot; style=\\&quot;float:right;display:block\\&quot;&gt;&lt;a target=\\&quot;_blank\\&quot; href=\\&quot;http:\/\/embed.ly\/code?url=http%3A%2F%2Fwww.lapresse.ca%2Fle-soleil%2Factualites%2Ftransports%2F201403%2F30%2F01-4752809-un-microbus-urbain-concu-a-quebec.php\\&quot; title=\\&quot;Powered by Embedly\\&quot;&gt;&lt;img src=\\&quot;http:\/\/static.embed.ly\/images\/logos\/embedly-powered-small-light.png\\&quot; alt=\\&quot;Embedly Powered\\&quot; \/&gt;&lt;\/a&gt;&lt;\/span&gt;&lt;div class=\\&quot;media-attribution\\&quot;&gt;&lt;span&gt;via &lt;\/span&gt;&lt;a href=\\&quot;http:\/\/www.lapresse.ca\\&quot; class=\\&quot;media-attribution-link\\&quot; target=\\&quot;_blank\\&quot;&gt;Lapresse&lt;\/a&gt;&lt;\/span&gt;&lt;\/div&gt;&lt;div class=\\&quot;embedly-clear\\&quot;&gt;&lt;\/div&gt;&lt;\/div&gt;'}\">\n<div class=\"embedly\" style=\"max-width:600px;\"><img decoding=\"async\" src=\"http:\/\/images.lpcdn.ca\/435x290\/201403\/30\/833231-silencieux-ecologique-plus-manoeuvrable-quun.jpg\" class=\"thumb embedly-thumbnail-small\" \/><a class='embedly-title' target='_blank' href='http:\/\/www.lapresse.ca\/le-soleil\/actualites\/transports\/201403\/30\/01-4752809-un-microbus-urbain-concu-a-quebec.php'>Un Microbus urbain con\u00e7u \u00e0 Qu\u00e9bec<\/a>Le futur \u00c9colobus qui arpentera les rues de la capitale pourrait bien provenir de plus pr\u00e8s qu&rsquo;on ne le pense. Un prototype de v\u00e9hicule \u00e9lectrique est en d\u00e9veloppement&#8230;<\/p>\n<div class=\"embedly-clear\"><\/div>\n<p><span class=\"embedly-powered\" style=\"float:right;display:block\"><a target=\"_blank\" href=\"http:\/\/embed.ly\/code?url=http%3A%2F%2Fwww.lapresse.ca%2Fle-soleil%2Factualites%2Ftransports%2F201403%2F30%2F01-4752809-un-microbus-urbain-concu-a-quebec.php\" title=\"Powered by Embedly\"><img decoding=\"async\" src=\"http:\/\/static.embed.ly\/images\/logos\/embedly-powered-small-light.png\" alt=\"Embedly Powered\" \/><\/a><\/span><\/p>\n<div class=\"media-attribution\"><span>via <\/span><a href=\"http:\/\/www.lapresse.ca\" class=\"media-attribution-link\" target=\"_blank\">Lapresse<\/a><\/span><\/div>\n<div class=\"embedly-clear\"><\/div>\n<\/div>\n<\/div>\n","protected":false},"excerpt":{"rendered":"<p>Un Microbus urbain con\u00e7u \u00e0 Qu\u00e9becLe futur \u00c9colobus qui arpentera les rues de la capitale pourrait bien provenir de plus pr\u00e8s qu&rsquo;on ne le pense. Un prototype de v\u00e9hicule \u00e9lectrique est en d\u00e9veloppement&#8230; via Lapresse<\/p>\n","protected":false},"author":1,"featured_media":0,"comment_status":"open","ping_status":"open","sticky":false,"template":"","format":"standard","meta":{"footnotes":""},"categories":[18,130,31,333],"tags":[524,523,620,525],"class_list":["post-5518","post","type-post","status-publish","format-standard","hentry","category-autobus","category-energie-2","category-quebec","category-quebec-ville","tag-electrique","tag-microbus","tag-quebec","tag-styltech","nodate","item-wrap"],"_links":{"self":[{"href":"https:\/\/mvt.qc.ca\/fr\/wp-json\/wp\/v2\/posts\/5518","targetHints":{"allow":["GET"]}}],"collection":[{"href":"https:\/\/mvt.qc.ca\/fr\/wp-json\/wp\/v2\/posts"}],"about":[{"href":"https:\/\/mvt.qc.ca\/fr\/wp-json\/wp\/v2\/types\/post"}],"author":[{"embeddable":true,"href":"https:\/\/mvt.qc.ca\/fr\/wp-json\/wp\/v2\/users\/1"}],"replies":[{"embeddable":true,"href":"https:\/\/mvt.qc.ca\/fr\/wp-json\/wp\/v2\/comments?post=5518"}],"version-history":[{"count":2,"href":"https:\/\/mvt.qc.ca\/fr\/wp-json\/wp\/v2\/posts\/5518\/revisions"}],"predecessor-version":[{"id":5520,"href":"https:\/\/mvt.qc.ca\/fr\/wp-json\/wp\/v2\/posts\/5518\/revisions\/5520"}],"wp:attachment":[{"href":"https:\/\/mvt.qc.ca\/fr\/wp-json\/wp\/v2\/media?parent=5518"}],"wp:term":[{"taxonomy":"category","embeddable":true,"href":"https:\/\/mvt.qc.ca\/fr\/wp-json\/wp\/v2\/categories?post=5518"},{"taxonomy":"post_tag","embeddable":true,"href":"https:\/\/mvt.qc.ca\/fr\/wp-json\/wp\/v2\/tags?post=5518"}],"curies":[{"name":"wp","href":"https:\/\/api.w.org\/{rel}","templated":true}]}}