{"id":5465,"date":"2014-03-11T22:00:02","date_gmt":"2014-03-12T02:00:02","guid":{"rendered":"http:\/\/mvt.qc.ca\/fr\/?p=5465"},"modified":"2014-03-11T23:16:37","modified_gmt":"2014-03-12T03:16:37","slug":"europe-ventes-velos","status":"publish","type":"post","link":"https:\/\/mvt.qc.ca\/fr\/2014\/03\/europe-ventes-velos\/","title":{"rendered":"Europe : les ventes de v\u00e9los d\u00e9passent celles des autos"},"content":{"rendered":"<div class=\"mceItemEmbedly\" style=\"max-width: 575px;max-width:575px;\" data-ajax=\"{'url':'http:\/\/www.rts.ch\/video\/emissions\/geopolitis\/5604968-succes-du-velo-le-transport-en-roue-libre.html?rts_source=rss_v','width':'575','words':'40','height':null,'embed':'&lt;div class=\\&quot;embedly\\&quot; style=\\&quot;max-width:575px;\\&quot;&gt;&lt;img src=\\&quot;http:\/\/www.rts.ch\/2014\/02\/20\/16\/01\/5593613.image?w=640&amp;h=360\\&quot; class=\\&quot;thumb embedly-thumbnail-small\\&quot; \/&gt;&lt;a class=\\'embedly-title\\' target=\\'_blank\\' href=\\'http:\/\/www.rts.ch\/video\/emissions\/geopolitis\/5604968-succes-du-velo-le-transport-en-roue-libre.html?rts_source=rss_v\\'&gt;Geopolitis - Succ\\u00e8s du v\\u00e9lo : le transport en roue libre ?&lt;\/a&gt;Comment expliquer ce succ\\u00e8s du v\\u00e9lo ? S\\'agit-il d\\'une mode ou est-ce le fruit d\\'un changement de mentalit\\u00e9 ? Geopolitis d\\u00e9crypte tout ce qu\\'il y a de moderne dans cet essor du v\\u00e9lo.&lt;div class=\\&quot;embedly-clear\\&quot;&gt;&lt;\/div&gt;&lt;span class=\\&quot;embedly-powered\\&quot; style=\\&quot;float:right;display:block\\&quot;&gt;&lt;a target=\\&quot;_blank\\&quot; href=\\&quot;http:\/\/embed.ly\/code?url=http%3A%2F%2Fwww.rts.ch%2Fvideo%2Femissions%2Fgeopolitis%2F5604968-succes-du-velo-le-transport-en-roue-libre.html%3Frts_source%3Drss_v\\&quot; title=\\&quot;Powered by Embedly\\&quot;&gt;&lt;img src=\\&quot;http:\/\/static.embed.ly\/images\/logos\/embedly-powered-small-light.png\\&quot; alt=\\&quot;Embedly Powered\\&quot; \/&gt;&lt;\/a&gt;&lt;\/span&gt;&lt;div class=\\&quot;media-attribution\\&quot;&gt;&lt;span&gt;via &lt;\/span&gt;&lt;a href=\\&quot;http:\/\/www.rts.ch\\&quot; class=\\&quot;media-attribution-link\\&quot; target=\\&quot;_blank\\&quot;&gt;Rts&lt;\/a&gt;&lt;\/span&gt;&lt;\/div&gt;&lt;div class=\\&quot;embedly-clear\\&quot;&gt;&lt;\/div&gt;&lt;\/div&gt;'}\">\n<div class=\"embedly\" style=\"max-width:575px;\"><img decoding=\"async\" src=\"http:\/\/www.rts.ch\/2014\/02\/20\/16\/01\/5593613.image?w=640&#038;h=360\" class=\"thumb embedly-thumbnail-small\" \/><a class='embedly-title' target='_blank' href='http:\/\/www.rts.ch\/video\/emissions\/geopolitis\/5604968-succes-du-velo-le-transport-en-roue-libre.html?rts_source=rss_v'>Geopolitis &#8211; Succ\u00e8s du v\u00e9lo : le transport en roue libre ?<\/a>Comment expliquer ce succ\u00e8s du v\u00e9lo ? S&rsquo;agit-il d&rsquo;une mode ou est-ce le fruit d&rsquo;un changement de mentalit\u00e9 ? Geopolitis d\u00e9crypte tout ce qu&rsquo;il y a de moderne dans cet essor du v\u00e9lo.<\/p>\n<div class=\"embedly-clear\"><\/div>\n<p><span class=\"embedly-powered\" style=\"float:right;display:block\"><a target=\"_blank\" href=\"http:\/\/embed.ly\/code?url=http%3A%2F%2Fwww.rts.ch%2Fvideo%2Femissions%2Fgeopolitis%2F5604968-succes-du-velo-le-transport-en-roue-libre.html%3Frts_source%3Drss_v\" title=\"Powered by Embedly\"><img decoding=\"async\" src=\"http:\/\/static.embed.ly\/images\/logos\/embedly-powered-small-light.png\" alt=\"Embedly Powered\" \/><\/a><\/span><\/p>\n<div class=\"media-attribution\"><span>via <\/span><a href=\"http:\/\/www.rts.ch\" class=\"media-attribution-link\" target=\"_blank\">Rts<\/a><\/span><\/div>\n<div class=\"embedly-clear\"><\/div>\n<\/div>\n<\/div>\n","protected":false},"excerpt":{"rendered":"<p>Geopolitis &#8211; Succ\u00e8s du v\u00e9lo : le transport en roue libre ?Comment expliquer ce succ\u00e8s du v\u00e9lo ? S&rsquo;agit-il d&rsquo;une mode ou est-ce le fruit d&rsquo;un changement de mentalit\u00e9 ? Geopolitis d\u00e9crypte tout ce qu&rsquo;il y a de moderne dans cet essor du v\u00e9lo. via Rts<\/p>\n","protected":false},"author":1,"featured_media":0,"comment_status":"open","ping_status":"open","sticky":false,"template":"","format":"standard","meta":{"footnotes":""},"categories":[25,15],"tags":[618,323,514],"class_list":["post-5465","post","type-post","status-publish","format-standard","hentry","category-europe","category-velo","tag-europe","tag-velo-2","tag-ventes","nodate","item-wrap"],"_links":{"self":[{"href":"https:\/\/mvt.qc.ca\/fr\/wp-json\/wp\/v2\/posts\/5465","targetHints":{"allow":["GET"]}}],"collection":[{"href":"https:\/\/mvt.qc.ca\/fr\/wp-json\/wp\/v2\/posts"}],"about":[{"href":"https:\/\/mvt.qc.ca\/fr\/wp-json\/wp\/v2\/types\/post"}],"author":[{"embeddable":true,"href":"https:\/\/mvt.qc.ca\/fr\/wp-json\/wp\/v2\/users\/1"}],"replies":[{"embeddable":true,"href":"https:\/\/mvt.qc.ca\/fr\/wp-json\/wp\/v2\/comments?post=5465"}],"version-history":[{"count":4,"href":"https:\/\/mvt.qc.ca\/fr\/wp-json\/wp\/v2\/posts\/5465\/revisions"}],"predecessor-version":[{"id":5470,"href":"https:\/\/mvt.qc.ca\/fr\/wp-json\/wp\/v2\/posts\/5465\/revisions\/5470"}],"wp:attachment":[{"href":"https:\/\/mvt.qc.ca\/fr\/wp-json\/wp\/v2\/media?parent=5465"}],"wp:term":[{"taxonomy":"category","embeddable":true,"href":"https:\/\/mvt.qc.ca\/fr\/wp-json\/wp\/v2\/categories?post=5465"},{"taxonomy":"post_tag","embeddable":true,"href":"https:\/\/mvt.qc.ca\/fr\/wp-json\/wp\/v2\/tags?post=5465"}],"curies":[{"name":"wp","href":"https:\/\/api.w.org\/{rel}","templated":true}]}}