{"id":5327,"date":"2014-02-09T20:00:25","date_gmt":"2014-02-10T00:00:25","guid":{"rendered":"http:\/\/mvt.qc.ca\/fr\/?p=5327"},"modified":"2014-02-09T21:51:15","modified_gmt":"2014-02-10T01:51:15","slug":"les-suisses-pour-le-faif","status":"publish","type":"post","link":"https:\/\/mvt.qc.ca\/fr\/2014\/02\/les-suisses-pour-le-faif\/","title":{"rendered":"Votations : pr\u00e8s du 2\/3 des Suisses pour le FAIF"},"content":{"rendered":"<p style=\"text-align: justify;\">\u00c0 l&rsquo;issue des votations d&rsquo;aujourd&rsquo;hui, nous apprenons que les Suisses ont pl\u00e9biscit\u00e9 un plan ambitieux de financement et d&rsquo;am\u00e9nagement de l&rsquo;infrastructure ferroviaire, \u00ab\u00a0FAIF\u00a0\u00bb. L&rsquo;Association Transports et Environnement (<a href=\"http:\/\/www.ate.ch\/\">ATE<\/a>) a d&rsquo;ailleurs publi\u00e9 une <a href=\"http:\/\/www.youtube.com\/watch?v=49Mh4UoyCt8\">capsule vid\u00e9o<\/a> pour souligner ce r\u00e9sultat!<\/p>\n<div class=\"mceItemEmbedly\" style=\"max-width:595px;\" data-ajax=\"{'url':'http:\/\/www.rjb.ch\/rjb\/Actualites\/Regionale\/20140209-Votations-federales-oui-au-FAIF.html','width':'595','words':'30','height':null,'embed':'&lt;div class=\\&quot;embedly\\&quot; style=\\&quot;max-width:595px;\\&quot;&gt;&lt;img src=\\&quot;http:\/\/www.rjb.ch\/Htdocs\/Images\/IF_Content_615\/News\/2010\/RFJ\/Amenagement_du_territoire\/Transport_et_energie\/train022.jpg?puid=b0108b77-3829-4e4e-b53d-aa1208452944\\&quot; class=\\&quot;thumb embedly-thumbnail-small\\&quot; \/&gt;&lt;a class=\\'embedly-title\\' target=\\'_blank\\' href=\\'http:\/\/www.rjb.ch\/rjb\/Actualites\/Regionale\/20140209-Votations-federales-oui-au-FAIF.html\\'&gt;RJB&lt;\/a&gt;Le financement du rail a \\u00e9t\\u00e9 accept\\u00e9 par 62% des voix dimanche par le peuple suisse. Seul le canton de Schwyz a refus\\u00e9 la cr\\u00e9ation d\\'un fonds ferroviaire permanent de 6,4 milliards de francs.&lt;div class=\\&quot;embedly-clear\\&quot;&gt;&lt;\/div&gt;&lt;span class=\\&quot;embedly-powered\\&quot; style=\\&quot;float:right;display:block\\&quot;&gt;&lt;a target=\\&quot;_blank\\&quot; href=\\&quot;http:\/\/embed.ly\/code?url=http%3A%2F%2Fwww.rjb.ch%2Frjb%2FActualites%2FRegionale%2F20140209-Votations-federales-oui-au-FAIF.html\\&quot; title=\\&quot;Powered by Embedly\\&quot;&gt;&lt;img src=\\&quot;http:\/\/static.embed.ly\/images\/logos\/embedly-powered-small-light.png\\&quot; alt=\\&quot;Embedly Powered\\&quot; \/&gt;&lt;\/a&gt;&lt;\/span&gt;&lt;div class=\\&quot;media-attribution\\&quot;&gt;&lt;span&gt;via &lt;\/span&gt;&lt;a href=\\&quot;http:\/\/www.rjb.ch\\&quot; class=\\&quot;media-attribution-link\\&quot; target=\\&quot;_blank\\&quot;&gt;Rjb&lt;\/a&gt;&lt;\/span&gt;&lt;\/div&gt;&lt;div class=\\&quot;embedly-clear\\&quot;&gt;&lt;\/div&gt;&lt;\/div&gt;'}\">\n<div class=\"embedly\" style=\"max-width:595px;\"><img decoding=\"async\" src=\"http:\/\/www.rjb.ch\/Htdocs\/Images\/IF_Content_615\/News\/2010\/RFJ\/Amenagement_du_territoire\/Transport_et_energie\/train022.jpg?puid=b0108b77-3829-4e4e-b53d-aa1208452944\" class=\"thumb embedly-thumbnail-small\" \/><a class='embedly-title' target='_blank' href='http:\/\/www.rjb.ch\/rjb\/Actualites\/Regionale\/20140209-Votations-federales-oui-au-FAIF.html'>RJB<\/a>Le financement du rail a \u00e9t\u00e9 accept\u00e9 par 62% des voix dimanche par le peuple suisse. Seul le canton de Schwyz a refus\u00e9 la cr\u00e9ation d&rsquo;un fonds ferroviaire permanent de 6,4 milliards de francs.<\/p>\n<div class=\"embedly-clear\"><\/div>\n<p><span class=\"embedly-powered\" style=\"float:right;display:block\"><a target=\"_blank\" href=\"http:\/\/embed.ly\/code?url=http%3A%2F%2Fwww.rjb.ch%2Frjb%2FActualites%2FRegionale%2F20140209-Votations-federales-oui-au-FAIF.html\" title=\"Powered by Embedly\"><img decoding=\"async\" src=\"http:\/\/static.embed.ly\/images\/logos\/embedly-powered-small-light.png\" alt=\"Embedly Powered\" \/><\/a><\/span><\/p>\n<div class=\"media-attribution\"><span>via <\/span><a href=\"http:\/\/www.rjb.ch\" class=\"media-attribution-link\" target=\"_blank\">Rjb<\/a><\/span><\/div>\n<div class=\"embedly-clear\"><\/div>\n<\/div>\n<\/div>\n<div class=\"mceItemEmbedly\" style=\"max-width:595px;\" data-ajax=\"{'url':'http:\/\/www.bav.admin.ch\/fabi\/index.html?lang=fr','width':'595','words':'30','height':null,'embed':'&lt;div class=\\&quot;embedly\\&quot; style=\\&quot;max-width:595px;\\&quot;&gt;&lt;img src=\\&quot;http:\/\/www.bav.admin.ch\/fabi\/index.html?lang=fr&amp;image=NHzLpZeg7t,lnp6I0NTU042l2Z6ln1ae2IZn4Z2qZpnO2Yuq2Z6gpJCDe3t,fWym162bpYbqjKbXpJueiJWn6A--\\&quot; class=\\&quot;thumb embedly-thumbnail-small\\&quot; \/&gt;&lt;a class=\\'embedly-title\\' target=\\'_blank\\' href=\\'http:\/\/www.bav.admin.ch\/fabi\/index.html?lang=fr\\'&gt;OFT - FAIF : Votation populaire le 9 f\\u00e9vrier 2014&lt;\/a&gt;FAIF offrira davantage de place dans les trains et dans les gares et il garantira le financement. Concr\\u00e8tement, le transport des voyageurs profitera de liaisons plus fr\\u00e9quentes et plus rapides \\u00e0 l\\'int\\u00e9rieur des agglom\\u00e9rations, entre elles et vers les r\\u00e9gions touristiques.&lt;div class=\\&quot;embedly-clear\\&quot;&gt;&lt;\/div&gt;&lt;span class=\\&quot;embedly-powered\\&quot; style=\\&quot;float:right;display:block\\&quot;&gt;&lt;a target=\\&quot;_blank\\&quot; href=\\&quot;http:\/\/embed.ly\/code?url=http%3A%2F%2Fwww.bav.admin.ch%2Ffabi%2Findex.html%3Flang%3Dfr\\&quot; title=\\&quot;Powered by Embedly\\&quot;&gt;&lt;img src=\\&quot;http:\/\/static.embed.ly\/images\/logos\/embedly-powered-small-light.png\\&quot; alt=\\&quot;Embedly Powered\\&quot; \/&gt;&lt;\/a&gt;&lt;\/span&gt;&lt;div class=\\&quot;media-attribution\\&quot;&gt;&lt;span&gt;via &lt;\/span&gt;&lt;a href=\\&quot;http:\/\/www.bav.admin.ch\\&quot; class=\\&quot;media-attribution-link\\&quot; target=\\&quot;_blank\\&quot;&gt;Admin&lt;\/a&gt;&lt;\/span&gt;&lt;\/div&gt;&lt;div class=\\&quot;embedly-clear\\&quot;&gt;&lt;\/div&gt;&lt;\/div&gt;'}\">\n<div class=\"embedly\" style=\"max-width:595px;\"><img decoding=\"async\" src=\"http:\/\/www.bav.admin.ch\/fabi\/index.html?lang=fr&#038;image=NHzLpZeg7t,lnp6I0NTU042l2Z6ln1ae2IZn4Z2qZpnO2Yuq2Z6gpJCDe3t,fWym162bpYbqjKbXpJueiJWn6A--\" class=\"thumb embedly-thumbnail-small\" \/><a class='embedly-title' target='_blank' href='http:\/\/www.bav.admin.ch\/fabi\/index.html?lang=fr'>OFT &#8211; FAIF : Votation populaire le 9 f\u00e9vrier 2014<\/a>FAIF offrira davantage de place dans les trains et dans les gares et il garantira le financement. Concr\u00e8tement, le transport des voyageurs profitera de liaisons plus fr\u00e9quentes et plus rapides \u00e0 l&rsquo;int\u00e9rieur des agglom\u00e9rations, entre elles et vers les r\u00e9gions touristiques.<\/p>\n<div class=\"embedly-clear\"><\/div>\n<p><span class=\"embedly-powered\" style=\"float:right;display:block\"><a target=\"_blank\" href=\"http:\/\/embed.ly\/code?url=http%3A%2F%2Fwww.bav.admin.ch%2Ffabi%2Findex.html%3Flang%3Dfr\" title=\"Powered by Embedly\"><img decoding=\"async\" src=\"http:\/\/static.embed.ly\/images\/logos\/embedly-powered-small-light.png\" alt=\"Embedly Powered\" \/><\/a><\/span><\/p>\n<div class=\"media-attribution\"><span>via <\/span><a href=\"http:\/\/www.bav.admin.ch\" class=\"media-attribution-link\" target=\"_blank\">Admin<\/a><\/span><\/div>\n<div class=\"embedly-clear\"><\/div>\n<\/div>\n<\/div>\n<div class=\"mceItemEmbedly\" style=\"max-width:595px;\" data-ajax=\"{'url':'http:\/\/www.youtube.com\/watch?v=49Mh4UoyCt8','width':'595','words':'30','height':null,'embed':'&lt;div class=\\&quot;embedly\\&quot; style=\\&quot;max-width:595px;\\&quot;&gt;&lt;iframe class=\\&quot;embedly-embed\\&quot; src=\\&quot;\/\/cdn.embedly.com\/widgets\/media.html?src=http%3A%2F%2Fwww.youtube.com%2Fembed%2F49Mh4UoyCt8%3Ffeature%3Doembed&amp;url=http%3A%2F%2Fwww.youtube.com%2Fwatch%3Fv%3D49Mh4UoyCt8&amp;image=http%3A%2F%2Fi1.ytimg.com%2Fvi%2F49Mh4UoyCt8%2Fhqdefault.jpg&amp;key=f3f0c8d71e364a95a4cb926a9da2f95c&amp;type=text%2Fhtml&amp;schema=youtube\\&quot; width=\\&quot;595\\&quot; height=\\&quot;335\\&quot; scrolling=\\&quot;no\\&quot; frameborder=\\&quot;0\\&quot; allowfullscreen&gt;&lt;\/iframe&gt;&lt;div class=\\&quot;embedly-clear\\&quot;&gt;&lt;\/div&gt;&lt;span class=\\&quot;embedly-powered\\&quot; style=\\&quot;float:right;display:block\\&quot;&gt;&lt;a target=\\&quot;_blank\\&quot; href=\\&quot;http:\/\/embed.ly\/code?url=http%3A%2F%2Fwww.youtube.com%2Fwatch%3Fv%3D49Mh4UoyCt8\\&quot; title=\\&quot;Powered by Embedly\\&quot;&gt;&lt;img src=\\&quot;http:\/\/static.embed.ly\/images\/logos\/embedly-powered-small-light.png\\&quot; alt=\\&quot;Embedly Powered\\&quot; \/&gt;&lt;\/a&gt;&lt;\/span&gt;&lt;div class=\\&quot;media-attribution\\&quot;&gt;&lt;span&gt;via &lt;\/span&gt;&lt;a href=\\&quot;http:\/\/www.youtube.com\/\\&quot; class=\\&quot;media-attribution-link\\&quot; target=\\&quot;_blank\\&quot;&gt;YouTube&lt;\/a&gt;&lt;\/span&gt;&lt;\/div&gt;&lt;div class=\\&quot;embedly-clear\\&quot;&gt;&lt;\/div&gt;&lt;\/div&gt;'}\">\n<div class=\"embedly\" style=\"max-width:595px;\"><iframe loading=\"lazy\" class=\"embedly-embed\" src=\"\/\/cdn.embedly.com\/widgets\/media.html?src=http%3A%2F%2Fwww.youtube.com%2Fembed%2F49Mh4UoyCt8%3Ffeature%3Doembed&#038;url=http%3A%2F%2Fwww.youtube.com%2Fwatch%3Fv%3D49Mh4UoyCt8&#038;image=http%3A%2F%2Fi1.ytimg.com%2Fvi%2F49Mh4UoyCt8%2Fhqdefault.jpg&#038;key=f3f0c8d71e364a95a4cb926a9da2f95c&#038;type=text%2Fhtml&#038;schema=youtube\" width=\"595\" height=\"335\" scrolling=\"no\" frameborder=\"0\" allowfullscreen><\/iframe><\/p>\n<div class=\"embedly-clear\"><\/div>\n<p><span class=\"embedly-powered\" style=\"float:right;display:block\"><a target=\"_blank\" href=\"http:\/\/embed.ly\/code?url=http%3A%2F%2Fwww.youtube.com%2Fwatch%3Fv%3D49Mh4UoyCt8\" title=\"Powered by Embedly\"><img decoding=\"async\" src=\"http:\/\/static.embed.ly\/images\/logos\/embedly-powered-small-light.png\" alt=\"Embedly Powered\" \/><\/a><\/span><\/p>\n<div class=\"media-attribution\"><span>via <\/span><a href=\"http:\/\/www.youtube.com\/\" class=\"media-attribution-link\" target=\"_blank\">YouTube<\/a><\/span><\/div>\n<div class=\"embedly-clear\"><\/div>\n<\/div>\n<\/div>\n","protected":false},"excerpt":{"rendered":"<p>\u00c0 l&rsquo;issue des votations d&rsquo;aujourd&rsquo;hui, nous apprenons que les Suisses ont pl\u00e9biscit\u00e9 un plan ambitieux de financement et d&rsquo;am\u00e9nagement de l&rsquo;infrastructure ferroviaire, \u00ab\u00a0FAIF\u00a0\u00bb. L&rsquo;Association Transports et Environnement (ATE) a d&rsquo;ailleurs publi\u00e9 une capsule vid\u00e9o pour souligner ce r\u00e9sultat! RJBLe financement du rail a \u00e9t\u00e9 accept\u00e9 par 62% des voix dimanche par le peuple suisse. Seul &hellip; <\/p>\n<p><a class=\"more-link btn\" href=\"https:\/\/mvt.qc.ca\/fr\/2014\/02\/les-suisses-pour-le-faif\/\">Lire la suite<\/a><\/p>\n","protected":false},"author":1,"featured_media":0,"comment_status":"open","ping_status":"open","sticky":false,"template":"","format":"standard","meta":{"footnotes":""},"categories":[211,493,32,12],"tags":[513,511,621,512],"class_list":["post-5327","post","type-post","status-publish","format-standard","hentry","category-actualites","category-amenagement-du-territoire","category-suisse","category-train","tag-ate","tag-faif","tag-suisse","tag-votation","nodate","item-wrap"],"_links":{"self":[{"href":"https:\/\/mvt.qc.ca\/fr\/wp-json\/wp\/v2\/posts\/5327","targetHints":{"allow":["GET"]}}],"collection":[{"href":"https:\/\/mvt.qc.ca\/fr\/wp-json\/wp\/v2\/posts"}],"about":[{"href":"https:\/\/mvt.qc.ca\/fr\/wp-json\/wp\/v2\/types\/post"}],"author":[{"embeddable":true,"href":"https:\/\/mvt.qc.ca\/fr\/wp-json\/wp\/v2\/users\/1"}],"replies":[{"embeddable":true,"href":"https:\/\/mvt.qc.ca\/fr\/wp-json\/wp\/v2\/comments?post=5327"}],"version-history":[{"count":12,"href":"https:\/\/mvt.qc.ca\/fr\/wp-json\/wp\/v2\/posts\/5327\/revisions"}],"predecessor-version":[{"id":5340,"href":"https:\/\/mvt.qc.ca\/fr\/wp-json\/wp\/v2\/posts\/5327\/revisions\/5340"}],"wp:attachment":[{"href":"https:\/\/mvt.qc.ca\/fr\/wp-json\/wp\/v2\/media?parent=5327"}],"wp:term":[{"taxonomy":"category","embeddable":true,"href":"https:\/\/mvt.qc.ca\/fr\/wp-json\/wp\/v2\/categories?post=5327"},{"taxonomy":"post_tag","embeddable":true,"href":"https:\/\/mvt.qc.ca\/fr\/wp-json\/wp\/v2\/tags?post=5327"}],"curies":[{"name":"wp","href":"https:\/\/api.w.org\/{rel}","templated":true}]}}