{"id":5268,"date":"2014-01-15T20:00:34","date_gmt":"2014-01-16T00:00:34","guid":{"rendered":"http:\/\/mvt.qc.ca\/fr\/?p=5268"},"modified":"2014-07-06T20:58:22","modified_gmt":"2014-07-07T00:58:22","slug":"bouquet-mobilite-belfort","status":"publish","type":"post","link":"https:\/\/mvt.qc.ca\/fr\/2014\/01\/bouquet-mobilite-belfort\/","title":{"rendered":"Un bouquet de mobilit\u00e9 int\u00e9gr\u00e9e \u00e0 Belfort"},"content":{"rendered":"<p style=\"text-align: justify;\">Apr\u00e8s la mise en place des bus \u00e0 haut niveau de service (BHNS), du post-paiement \u00e0 l&rsquo;utilisation (avec plafond mensuel), et l&rsquo;implantation d&rsquo;un r\u00e9seau de v\u00e9los en libre-service, le SMTC de Belfort met \u00e0 la disposition de ses usagers <a href=\"http:\/\/info.optymo.fr\/auto-libre-service\/presentation\">200 v\u00e9hicules en autopartage, de diff\u00e9rents gabarits<\/a>, pour les convaincre d&rsquo;abandonner leur v\u00e9hicule personnel.<\/p>\n<p style=\"text-align: justify;\">Toute l&rsquo;offre est regroup\u00e9e sous la marque <a href=\"http:\/\/info.optymo.fr\/\">Optymo<\/a>, dont le site rappelle que les automobiles sont utilis\u00e9es \u00e0 5% du temps mais accaparent 83% du budget mobilit\u00e9 des m\u00e9nages &#8211; \u00ab\u00a0<em>5140 \u20ac\/an, une moyenne selon les \u00e9tudes de l&rsquo;Adetec et l&rsquo;association de l&rsquo;Automobile Club<\/em>.\u00a0\u00bb<\/p>\n<p style=\"text-align: justify;\">Une excellente initiative pour cette agglom\u00e9ration d&rsquo;environ 150 000 habitants, \u00e0 plus forte raison situ\u00e9e \u00e0 proximit\u00e9 d&rsquo;un p\u00f4le industriel automobile important&#8230;celui de PSA, \u00e0 Sochaux. Est-ce \u00e9tranger au choix pr\u00e9pond\u00e9rant de mod\u00e8les Peugeot pour \u00e9quiper le parc de v\u00e9hicules du SMTC? \ud83d\ude42<\/p>\n<p style=\"text-align: center;\">\n<div class=\"mceItemEmbedly\" style=\"max-width: 600px;max-width:600px;\" data-ajax=\"{'url':'http:\/\/www.lesechos.fr\/entreprises-secteurs\/auto-transport\/actu\/0203232806097-a-belfort-200-voitures-pour-une-offre-de-transport-triple-play-641772.php','width':'600','words':'50','height':null,'embed':'&lt;div class=\\&quot;embedly\\&quot; style=\\&quot;max-width:600px;\\&quot;&gt;&lt;img src=\\&quot;http:\/\/www.lesechos.fr\/medias\/2014\/01\/09\/641772_0203232218517_web_tete.jpg\\&quot; class=\\&quot;thumb embedly-thumbnail-small\\&quot; \/&gt;&lt;a class=\\'embedly-title\\' target=\\'_blank\\' href=\\'http:\/\/www.lesechos.fr\/entreprises-secteurs\/auto-transport\/actu\/0203232806097-a-belfort-200-voitures-pour-une-offre-de-transport-triple-play-641772.php\\'&gt;A Belfort, 200 voitures pour une offre de transport \\&quot;\\u2009triple play\\u2009\\&quot;&lt;\/a&gt;Le syndicat mixte de transport local ajoute l\\'autopartage aux bus \\u00e0 haut niveau de service et aux v\\u00e9los en libre-service. Lanc\\u00e9 le 20 janvier prochain, le service d\\'autopartage Optymo vient compl\\u00e9ter le r\\u00e9seau de bus \\u00e0 haut niveau de service et de v\\u00e9lo en libre service.&lt;div class=\\&quot;embedly-clear\\&quot;&gt;&lt;\/div&gt;&lt;span class=\\&quot;embedly-powered\\&quot; style=\\&quot;float:right;display:block\\&quot;&gt;&lt;a target=\\&quot;_blank\\&quot; href=\\&quot;http:\/\/embed.ly\/code?url=http%3A%2F%2Fwww.lesechos.fr%2Fentreprises-secteurs%2Fauto-transport%2Factu%2F0203232806097-a-belfort-200-voitures-pour-une-offre-de-transport-triple-play-641772.php\\&quot; title=\\&quot;Powered by Embedly\\&quot;&gt;&lt;img src=\\&quot;http:\/\/static.embed.ly\/images\/logos\/embedly-powered-small-light.png\\&quot; alt=\\&quot;Embedly Powered\\&quot; \/&gt;&lt;\/a&gt;&lt;\/span&gt;&lt;div class=\\&quot;media-attribution\\&quot;&gt;&lt;span&gt;via &lt;\/span&gt;&lt;a href=\\&quot;http:\/\/www.lesechos.fr\\&quot; class=\\&quot;media-attribution-link\\&quot; target=\\&quot;_blank\\&quot;&gt;Lesechos&lt;\/a&gt;&lt;\/span&gt;&lt;\/div&gt;&lt;div class=\\&quot;embedly-clear\\&quot;&gt;&lt;\/div&gt;&lt;\/div&gt;'}\">\n<div class=\"embedly\" style=\"max-width:600px;\"><a class='embedly-title' target='_blank' href='http:\/\/www.lesechos.fr\/entreprises-secteurs\/auto-transport\/actu\/0203232806097-a-belfort-200-voitures-pour-une-offre-de-transport-triple-play-641772.php'>A Belfort, 200 voitures pour une offre de transport \u00ab\u00a0\u2009triple play\u2009\u00a0\u00bb<\/a>Le syndicat mixte de transport local ajoute l&rsquo;autopartage aux bus \u00e0 haut niveau de service et aux v\u00e9los en libre-service. Lanc\u00e9 le 20 janvier prochain, le service d&rsquo;autopartage Optymo vient compl\u00e9ter le r\u00e9seau de bus \u00e0 haut niveau de service et de v\u00e9lo en libre service.<\/p>\n<div class=\"embedly-clear\"><\/div>\n<p><span class=\"embedly-powered\" style=\"float:right;display:block\"><a target=\"_blank\" href=\"http:\/\/embed.ly\/code?url=http%3A%2F%2Fwww.lesechos.fr%2Fentreprises-secteurs%2Fauto-transport%2Factu%2F0203232806097-a-belfort-200-voitures-pour-une-offre-de-transport-triple-play-641772.php\" title=\"Powered by Embedly\"><img decoding=\"async\" src=\"http:\/\/static.embed.ly\/images\/logos\/embedly-powered-small-light.png\" alt=\"Embedly Powered\" \/><\/a><\/span><\/p>\n<div class=\"media-attribution\"><span>via <\/span><a href=\"http:\/\/www.lesechos.fr\" class=\"media-attribution-link\" target=\"_blank\">Lesechos<\/a><\/span><\/div>\n<div class=\"embedly-clear\"><\/div>\n<\/div>\n<\/div>\n<div class=\"embedly-clear\"><\/div>\n<p>&nbsp;<\/p>\n<div class=\"media-attribution\"><\/div>\n<div class=\"embedly-clear\"><\/div>\n<p>[osm_map lat=\u00a0\u00bb47.633&Prime; long=\u00a0\u00bb6.854&Prime; zoom=\u00a0\u00bb12&Prime; width=\u00a0\u00bb600&Prime; height=\u00a0\u00bb450&Prime; ]<\/p>\n<p>&nbsp;<\/p>\n","protected":false},"excerpt":{"rendered":"<p>Apr\u00e8s la mise en place des bus \u00e0 haut niveau de service (BHNS), du post-paiement \u00e0 l&rsquo;utilisation (avec plafond mensuel), et l&rsquo;implantation d&rsquo;un r\u00e9seau de v\u00e9los en libre-service, le SMTC de Belfort met \u00e0 la disposition de ses usagers 200 v\u00e9hicules en autopartage, de diff\u00e9rents gabarits, pour les convaincre d&rsquo;abandonner leur v\u00e9hicule personnel. Toute l&rsquo;offre &hellip; <\/p>\n<p><a class=\"more-link btn\" href=\"https:\/\/mvt.qc.ca\/fr\/2014\/01\/bouquet-mobilite-belfort\/\">Lire la suite<\/a><\/p>\n","protected":false},"author":1,"featured_media":0,"comment_status":"open","ping_status":"open","sticky":false,"template":"","format":"standard","meta":{"footnotes":""},"categories":[18,95,134,15],"tags":[99,624,278,277,509,508,510,323,275,276],"class_list":["post-5268","post","type-post","status-publish","format-standard","hentry","category-autobus","category-automobile","category-belfort","category-velo","tag-autopartage","tag-belfort","tag-bhns","tag-bus-a-haut-niveau-de-service","tag-libre-service","tag-optymo","tag-smtc","tag-velo-2","tag-velo-en-libre-service","tag-vls","nodate","item-wrap"],"_links":{"self":[{"href":"https:\/\/mvt.qc.ca\/fr\/wp-json\/wp\/v2\/posts\/5268","targetHints":{"allow":["GET"]}}],"collection":[{"href":"https:\/\/mvt.qc.ca\/fr\/wp-json\/wp\/v2\/posts"}],"about":[{"href":"https:\/\/mvt.qc.ca\/fr\/wp-json\/wp\/v2\/types\/post"}],"author":[{"embeddable":true,"href":"https:\/\/mvt.qc.ca\/fr\/wp-json\/wp\/v2\/users\/1"}],"replies":[{"embeddable":true,"href":"https:\/\/mvt.qc.ca\/fr\/wp-json\/wp\/v2\/comments?post=5268"}],"version-history":[{"count":20,"href":"https:\/\/mvt.qc.ca\/fr\/wp-json\/wp\/v2\/posts\/5268\/revisions"}],"predecessor-version":[{"id":5759,"href":"https:\/\/mvt.qc.ca\/fr\/wp-json\/wp\/v2\/posts\/5268\/revisions\/5759"}],"wp:attachment":[{"href":"https:\/\/mvt.qc.ca\/fr\/wp-json\/wp\/v2\/media?parent=5268"}],"wp:term":[{"taxonomy":"category","embeddable":true,"href":"https:\/\/mvt.qc.ca\/fr\/wp-json\/wp\/v2\/categories?post=5268"},{"taxonomy":"post_tag","embeddable":true,"href":"https:\/\/mvt.qc.ca\/fr\/wp-json\/wp\/v2\/tags?post=5268"}],"curies":[{"name":"wp","href":"https:\/\/api.w.org\/{rel}","templated":true}]}}