{"id":5214,"date":"2013-12-29T15:00:38","date_gmt":"2013-12-29T19:00:38","guid":{"rendered":"http:\/\/mvt.qc.ca\/fr\/?p=5214"},"modified":"2015-11-16T20:29:15","modified_gmt":"2015-11-17T00:29:15","slug":"totems-dec2013","status":"publish","type":"post","link":"https:\/\/mvt.qc.ca\/fr\/2013\/12\/totems-dec2013\/","title":{"rendered":"T.O.T.E.M.S. \/\/ 12.2013"},"content":{"rendered":"<p style=\"text-align: center;\"><strong><img loading=\"lazy\" decoding=\"async\" class=\"alignleft size-full wp-image-5212\" alt=\"Village\" src=\"https:\/\/mvt.qc.ca\/fr\/wp-content\/uploads\/2013\/12\/Village.jpg\" width=\"240\" height=\"320\" srcset=\"https:\/\/mvt.qc.ca\/fr\/wp-content\/uploads\/2013\/12\/Village.jpg 240w, https:\/\/mvt.qc.ca\/fr\/wp-content\/uploads\/2013\/12\/Village-225x300.jpg 225w\" sizes=\"auto, (max-width: 240px) 100vw, 240px\" \/><\/strong><\/p>\n<p style=\"text-align: center;\"><span style=\"color: #008000;\"><span style=\"font-size: small;\"><b><strong><span style=\"color: #000080;\">Voici la derni\u00e8re \u00e9dition des T.O.T.E.M.S. !<\/span><\/strong><\/b><\/span><\/span><\/p>\n<p style=\"text-align: center;\"><strong>Pour plus de d\u00e9tails, consultez les \u00e9ditions ant\u00e9rieures :<\/strong><\/p>\n<p>&nbsp;<\/p>\n<p style=\"text-align: center;\"><strong><span style=\"color: #008000;\">****<\/span><\/strong><br \/>\n<strong> <span style=\"color: #008000;\"> 2012<\/span><\/strong><br \/>\n<strong> <span style=\"color: #008000;\"> *******<\/span><\/strong><\/p>\n<p style=\"text-align: center;\"><a title=\"T.O.T.E.M.S. \/\/ 10.2012\" href=\"https:\/\/mvt.qc.ca\/fr\/2012\/10\/totems\/\">Octobre<br \/>\n<\/a><a title=\"T.O.T.E.M.S. \/\/ 11.2012\" href=\"https:\/\/mvt.qc.ca\/fr\/2012\/11\/totems-nov12\/\">Novembre<br \/>\n<\/a><a title=\"T.O.T.E.M.S. \/\/ 12.2012\" href=\"https:\/\/mvt.qc.ca\/fr\/2012\/12\/totems-dec12\/\">D\u00e9cembre<\/a><\/p>\n<p style=\"text-align: center;\"><span style=\"color: #008000;\"><strong>*************<\/strong><span style=\"text-decoration: underline;\"><strong><br \/>\n<\/strong><\/span><strong> 2013<\/strong><strong><br \/>\n<\/strong><strong>******************<\/strong><span style=\"text-decoration: underline;\"><strong><br \/>\n<\/strong><\/span><\/span><\/p>\n<p style=\"text-align: center;\"><a title=\"T.O.T.E.M.S. \/\/ 01.2013\" href=\"https:\/\/mvt.qc.ca\/fr\/2013\/01\/totems-jan13\/\">Janvier &#8211; <\/a><a title=\"T.O.T.E.M.S. \/\/ 02.2013\" href=\"https:\/\/mvt.qc.ca\/fr\/2013\/02\/totems-fev2013\/\">F\u00e9vrier<\/a><a title=\"T.O.T.E.M.S. \/\/ 01.2013\" href=\"https:\/\/mvt.qc.ca\/fr\/2013\/01\/totems-jan13\/\"> &#8211; <\/a><a title=\"T.O.T.E.M.S. \/\/ 03.2013\" href=\"https:\/\/mvt.qc.ca\/fr\/2013\/03\/totems-mar2013\/\">Mars<br \/>\n<\/a><a title=\"T.O.T.E.M.S. \/\/ 04.2013\" href=\"https:\/\/mvt.qc.ca\/fr\/2013\/04\/totems-avr2013\/\">Avril<\/a><a title=\"T.O.T.E.M.S. \/\/ 01.2013\" href=\"https:\/\/mvt.qc.ca\/fr\/2013\/01\/totems-jan13\/\"> &#8211; <\/a><a title=\"T.O.T.E.M.S. \/\/ 05.2013\" href=\"https:\/\/mvt.qc.ca\/fr\/2013\/05\/totems-mai2013\/\">Mai<\/a><a title=\"T.O.T.E.M.S. \/\/ 01.2013\" href=\"https:\/\/mvt.qc.ca\/fr\/2013\/01\/totems-jan13\/\"> &#8211; <\/a><a title=\"T.O.T.E.M.S. \/\/ 06.2013\" href=\"https:\/\/mvt.qc.ca\/fr\/2013\/06\/totems-juin2013\/\">Juin<\/a><a title=\"T.O.T.E.M.S. \/\/ 01.2013\" href=\"https:\/\/mvt.qc.ca\/fr\/2013\/01\/totems-jan13\/\"> &#8211; <\/a><a title=\"T.O.T.E.M.S. \/\/ 07.2013\" href=\"https:\/\/mvt.qc.ca\/fr\/2013\/07\/totems-juil2013\/\">Juillet<br \/>\n<\/a><a title=\"T.O.T.E.M.S. \/\/ 08-09.2013\" href=\"https:\/\/mvt.qc.ca\/fr\/2013\/09\/totems-aoutsept2013\/\">Ao\u00fbt-septembre<\/a><a title=\"T.O.T.E.M.S. \/\/ 01.2013\" href=\"https:\/\/mvt.qc.ca\/fr\/2013\/01\/totems-jan13\/\"> &#8211; <\/a><a title=\"T.O.T.E.M.S. \/\/ 10.2013\" href=\"https:\/\/mvt.qc.ca\/fr\/2013\/10\/totems-oct2013\/\">Octobre<\/a><a title=\"T.O.T.E.M.S. \/\/ 01.2013\" href=\"https:\/\/mvt.qc.ca\/fr\/2013\/01\/totems-jan13\/\"> &#8211; <\/a><a title=\"T.O.T.E.M.S. \/\/ 11.2013\" href=\"https:\/\/mvt.qc.ca\/fr\/2013\/11\/totems-nov2013\/\">Novembre<\/a><\/p>\n<p style=\"text-align: left;\"><a title=\"T.O.T.E.M.S. \/\/ 11.2013\" href=\"https:\/\/mvt.qc.ca\/fr\/2013\/11\/totems-nov2013\/\"><span style=\"color: #008000;\"><strong>\u00a0\u00a0\u00a0\u00a0\u00a0\u00a0\u00a0\u00a0\u00a0\u00a0\u00a0\u00a0\u00a0\u00a0\u00a0\u00a0\u00a0\u00a0\u00a0\u00a0\u00a0\u00a0\u00a0 <\/strong><\/span><\/a><\/p>\n<style type=\"text\/css\"><!--\nP { margin-bottom: 0.21cm; }\n--><\/style>\n<p style=\"text-align: center;\">____________________________________________________________________________________<\/p>\n<style><!--\nBODY,DIV,TABLE,THEAD,TBODY,TFOOT,TR,TH,TD,P { font-family:\"Arial\"; font-size:small }\n--><\/style>\n<table border=\"0\" cellspacing=\"0\">\n<colgroup width=\"151\"><\/colgroup>\n<colgroup width=\"536\"><\/colgroup>\n<tbody>\n<tr>\n<td align=\"LEFT\" valign=\"MIDDLE\" height=\"18\"><a href=\"http:\/\/twitter.com\/wladesty\">@wladesty<\/a><\/td>\n<td align=\"LEFT\" valign=\"MIDDLE\">Wladimir Perfiloff, #conducteur_de_trains #sncf #gare_d&rsquo;austerlitz (France)<\/td>\n<\/tr>\n<tr>\n<td align=\"LEFT\" valign=\"MIDDLE\" height=\"18\"><a href=\"http:\/\/twitter.com\/virginiemahe\">@virginiemahe<\/a><\/td>\n<td align=\"LEFT\" valign=\"MIDDLE\">Communication publique, marketing territorial et innovation ouverte (Paris)<\/td>\n<\/tr>\n<tr>\n<td align=\"LEFT\" valign=\"MIDDLE\" height=\"18\"><a href=\"http:\/\/twitter.com\/VincentKaufmann\">@VincentKaufmann<\/a><\/td>\n<td align=\"LEFT\" valign=\"MIDDLE\">Prof. de sociologie urbaine et d\u2019analyse des mobilit\u00e9s \u00e0 l\u2019EPFL (Suisse)<\/td>\n<\/tr>\n<tr>\n<td align=\"LEFT\" valign=\"MIDDLE\" height=\"18\"><a href=\"http:\/\/twitter.com\/Transactumedia\">@Transactumedia<\/a><\/td>\n<td align=\"LEFT\" valign=\"MIDDLE\">Laurie M., actu transports \/ mobilit\u00e9 \/ NTIC (France)<\/td>\n<\/tr>\n<tr>\n<td align=\"LEFT\" valign=\"MIDDLE\" height=\"18\"><span style=\"color: #000000;\"><a href=\"http:\/\/twitter.com\/ThibaudDELETRAZ\">@ThibaudDELETRAZ<\/a><\/span><\/td>\n<td align=\"LEFT\" valign=\"MIDDLE\"><span style=\"color: #000000;\"> Acteur de la relation client dans le domaine de la mobilit\u00e9 (France)<\/span><\/td>\n<\/tr>\n<tr>\n<td align=\"LEFT\" valign=\"MIDDLE\" height=\"18\"><span style=\"color: #000000;\"><a href=\"http:\/\/twitter.com\/TdF__ademe\">@TdF__ademe<\/a><\/span><\/td>\n<td align=\"LEFT\" valign=\"MIDDLE\"><span style=\"color: #000000;\"> Gabriel Plassat, ing\u00e9nieur Energies &amp; Prospectives, ADEME (France)<\/span><\/td>\n<\/tr>\n<tr>\n<td align=\"LEFT\" valign=\"MIDDLE\" height=\"18\"><a href=\"http:\/\/twitter.com\/tc297\">@tc297<\/a><\/td>\n<td align=\"LEFT\" valign=\"MIDDLE\">Thomas Cuingnet, mobility, public transport, smart cities&#8230; (France)<\/td>\n<\/tr>\n<tr>\n<td align=\"LEFT\" valign=\"MIDDLE\" height=\"18\"><a href=\"http:\/\/twitter.com\/TBarmonzo\">@Tbarmonzo<\/a><\/td>\n<td align=\"LEFT\" valign=\"MIDDLE\">Architecte paysagiste.<\/td>\n<\/tr>\n<tr>\n<td align=\"LEFT\" valign=\"MIDDLE\" height=\"18\"><a href=\"http:\/\/twitter.com\/SophieCastagne\">@SophieCastagne<\/a><\/td>\n<td align=\"LEFT\" valign=\"MIDDLE\">Directrice du GIE Objectif transport public (France)<\/td>\n<\/tr>\n<tr>\n<td align=\"LEFT\" valign=\"MIDDLE\" height=\"18\"><a href=\"https:\/\/twitter.com\/Smart_Move\">@Smart_Move<\/a><\/td>\n<td align=\"LEFT\" valign=\"MIDDLE\"><i> A global awareness campaign promoting a greater use of bus and coach&#8230;<\/i><\/td>\n<\/tr>\n<tr>\n<td align=\"LEFT\" valign=\"MIDDLE\" height=\"18\"><a href=\"http:\/\/twitter.com\/slasherfun\">@slasherfun<\/a><\/td>\n<td align=\"LEFT\" valign=\"MIDDLE\">Traveler, geek, plane spotter, transports, urbanisme, d\u00e9veloppement durable<\/td>\n<\/tr>\n<tr>\n<td align=\"LEFT\" valign=\"MIDDLE\" height=\"18\"><a href=\"http:\/\/twitter.com\/SarahgagnonT\">@SarahgagnonT<\/a><\/td>\n<td align=\"LEFT\" valign=\"MIDDLE\">Int\u00e9r\u00eats : politique, \u00e9conomie, d\u00e9v. durable, urbanisme, droit (Montr\u00e9al)<\/td>\n<\/tr>\n<tr>\n<td align=\"LEFT\" valign=\"MIDDLE\" height=\"18\"><a href=\"https:\/\/twitter.com\/RValiasRV\">@RvaliasRV<\/a><\/td>\n<td align=\"LEFT\" valign=\"MIDDLE\">Herv\u00e9 Dago, \u00e9nerg\u00e9ticien (\u00cele-de-France)<\/td>\n<\/tr>\n<tr>\n<td align=\"LEFT\" valign=\"MIDDLE\" height=\"18\">@Peterzestrong<\/td>\n<td align=\"LEFT\" valign=\"MIDDLE\">Pierre Lefort\u2026aka PeterZestrong, Digital and Interactive Advisor (Montr\u00e9al)<\/td>\n<\/tr>\n<tr>\n<td align=\"LEFT\" valign=\"MIDDLE\" height=\"18\"><a href=\"http:\/\/twitter.com\/mobilityacademy\">@mobilityacademy<\/a><\/td>\n<td align=\"LEFT\" valign=\"MIDDLE\">Think tank for future trends in mobility (Berne)<\/td>\n<\/tr>\n<tr>\n<td align=\"LEFT\" valign=\"MIDDLE\" height=\"18\"><a href=\"http:\/\/twitter.com\/MattDeborbe\">@MattDeborbe<\/a><\/td>\n<td align=\"LEFT\" valign=\"MIDDLE\">Matthieu D\u00e9borbe. Urbanisme, mouvement \u00e9tudiant&#8230;(Qu\u00e9bec)<\/td>\n<\/tr>\n<tr>\n<td align=\"LEFT\" valign=\"MIDDLE\" height=\"18\">@Mart_StD<\/td>\n<td align=\"LEFT\" valign=\"MIDDLE\">Martin St-Denis, \u00e9tudiant en \u00e9conomique et assistant de recherche (Montr\u00e9al)<\/td>\n<\/tr>\n<tr>\n<td align=\"LEFT\" valign=\"MIDDLE\" height=\"18\"><a href=\"http:\/\/twitter.com\/localstories1\">@localstories1<\/a><\/td>\n<td align=\"LEFT\" valign=\"MIDDLE\">Digitalisation du transport #usages #offre #Transport #Digital (Paris)<\/td>\n<\/tr>\n<tr>\n<td align=\"LEFT\" valign=\"MIDDLE\" height=\"18\"><span style=\"color: #000000;\"><a href=\"http:\/\/twitter.com\/Le_bug_urbain\">@Le_bug_urbain<\/a><\/span><\/td>\n<td align=\"LEFT\" valign=\"MIDDLE\"><span style=\"color: #000000;\"> Usages des espaces publics, mobilit\u00e9 et question du genre en ville (Paris)<\/span><\/td>\n<\/tr>\n<tr>\n<td align=\"LEFT\" valign=\"MIDDLE\" height=\"18\"><a href=\"http:\/\/twitter.com\/keoscopie\">@keoscopie<\/a><\/td>\n<td align=\"LEFT\" valign=\"MIDDLE\">Observatoire permanent des modes de vie et de la mobilit\u00e9 de Keolis (Paris)<\/td>\n<\/tr>\n<tr>\n<td align=\"LEFT\" valign=\"MIDDLE\" height=\"18\"><a href=\"http:\/\/twitter.com\/kellyboubou\">@kellyboubou<\/a><\/td>\n<td align=\"LEFT\" valign=\"MIDDLE\">Michele St-Jacques, physicienne, ing. et prof. en am\u00e9nag. routiers (Montr\u00e9al)<\/td>\n<\/tr>\n<tr>\n<td align=\"LEFT\" valign=\"MIDDLE\" height=\"18\"><a href=\"http:\/\/twitter.com\/jeanlizotte\">@jeanlizotte<\/a><\/td>\n<td align=\"LEFT\" valign=\"MIDDLE\"><span style=\"color: #000000;\"> Promoteur de sa municipalit\u00e9 : Ch\u00e2teauguay (Qu\u00e9bec)<\/span><\/td>\n<\/tr>\n<tr>\n<td align=\"LEFT\" valign=\"MIDDLE\" height=\"18\"><span style=\"color: #000000;\"><a href=\"http:\/\/twitter.com\/jboutill\">@jboutill<\/a><\/span><\/td>\n<td align=\"LEFT\" valign=\"MIDDLE\"><span style=\"color: #000000;\"> J\u00e9r\u00f4me Boutillier, mobilit\u00e9, #DD et nouvelles TI\u2026 (Orzens, Suisse)<\/span><\/td>\n<\/tr>\n<tr>\n<td align=\"LEFT\" valign=\"MIDDLE\" height=\"18\"><a href=\"http:\/\/twitter.com\/IUGDOC\">@IUGDOC<\/a><\/td>\n<td align=\"LEFT\" valign=\"MIDDLE\">Institut d&rsquo;urbanisme de Grenoble (France)<\/td>\n<\/tr>\n<tr>\n<td align=\"LEFT\" valign=\"MIDDLE\" height=\"18\"><a href=\"http:\/\/twitter.com\/inducttech\">@inducttech<\/a><\/td>\n<td align=\"LEFT\" valign=\"MIDDLE\">Tweeting about #tech #cars #mobility #geolocalisation (France)<\/td>\n<\/tr>\n<tr>\n<td align=\"LEFT\" valign=\"MIDDLE\" height=\"18\"><span style=\"color: #000000;\"><a href=\"http:\/\/twitter.com\/GroupeChronos\">@GroupeChronos<\/a><\/span><\/td>\n<td align=\"LEFT\" valign=\"MIDDLE\"><span style=\"color: #000000;\"> Etudes sociologiques et innovation dans les mobilit\u00e9s et les villes 2.0 (Paris)<\/span><\/td>\n<\/tr>\n<tr>\n<td align=\"LEFT\" valign=\"MIDDLE\" height=\"18\"><a href=\"http:\/\/twitter.com\/G_Hugues\">@G_Hugues<\/a><\/td>\n<td align=\"LEFT\" valign=\"MIDDLE\">Jeune ing\u00e9nieur SNCF (France)<\/td>\n<\/tr>\n<tr>\n<td align=\"LEFT\" valign=\"MIDDLE\" height=\"18\"><span style=\"color: #000000;\"><a href=\"http:\/\/twitter.com\/Fnaut_PdL\">@Fnaut_PdL<\/a><\/span><\/td>\n<td align=\"LEFT\" valign=\"MIDDLE\"><span style=\"color: #000000;\"> FNAUT Pays de Loire (France)<\/span><\/td>\n<\/tr>\n<tr>\n<td align=\"LEFT\" valign=\"MIDDLE\" height=\"18\"><a href=\"http:\/\/twitter.com\/FNAUT_officiel\">@FNAUT_officiel<\/a><\/td>\n<td align=\"LEFT\" valign=\"MIDDLE\">F\u00e9d\u00e9ration Nationale des Associations d&rsquo;Usagers des Transports (France)<\/td>\n<\/tr>\n<tr>\n<td align=\"LEFT\" valign=\"MIDDLE\" height=\"18\"><a href=\"http:\/\/twitter.com\/enertweets\">@enertweets<\/a><\/td>\n<td align=\"LEFT\" valign=\"MIDDLE\">Soci\u00e9t\u00e9 des mus\u00e9es de sciences et technologies du Canada<\/td>\n<\/tr>\n<tr>\n<td align=\"LEFT\" valign=\"MIDDLE\" height=\"18\"><a href=\"http:\/\/twitter.com\/enerev\">@enerev<\/a><\/td>\n<td align=\"LEFT\" valign=\"MIDDLE\">Energy Revolution. Suivi de l\u2019actualit\u00e9 de la transition \u00e9nerg\u00e9tique (Alsace)<\/td>\n<\/tr>\n<tr>\n<td align=\"LEFT\" valign=\"MIDDLE\" height=\"18\"><a href=\"https:\/\/twitter.com\/i\/redirect?url=https%3A%2F%2Ftwitter.com%2FEMBARQMx%3Frefsrc%3Demail&amp;sig=f5d17bd4dbe9f33899d731679abfe7a4cf5dbbec&amp;uid=72715535&amp;iid=2317ccc4cd7a41cda58ee5243303f648&amp;nid=6+281&amp;t=1\">@EMBARQMx<\/a><\/td>\n<td align=\"LEFT\" valign=\"MIDDLE\">ONG mexicana que cataliza soluciones de movilidad sustentable (Mexico)<\/td>\n<\/tr>\n<tr>\n<td align=\"LEFT\" valign=\"MIDDLE\" height=\"18\"><a href=\"http:\/\/twitter.com\/ecobole\">@ecobole<\/a><\/td>\n<td align=\"LEFT\" valign=\"MIDDLE\">1er site de #crowdfunding de projets \u00e9cologiques (France)<\/td>\n<\/tr>\n<tr>\n<td align=\"LEFT\" valign=\"MIDDLE\" height=\"18\"><span style=\"color: #000000;\"><a href=\"http:\/\/twitter.com\/Conducteur_SNCF\">@Conducteur_SNCF<\/a><\/span><\/td>\n<td align=\"LEFT\" valign=\"MIDDLE\"><span style=\"color: #000000;\"> Conducteur de trains SNCF TER Midi-Pyr\u00e9n\u00e9es (France)<\/span><\/td>\n<\/tr>\n<tr>\n<td align=\"LEFT\" valign=\"MIDDLE\" height=\"18\"><span style=\"color: #000000;\"><a href=\"http:\/\/twitter.com\/brunfal\">@brunfal<\/a><\/span><\/td>\n<td align=\"LEFT\" valign=\"MIDDLE\"><span style=\"color: #000000;\"> Bruno Falardeau, urbanisme durable et transports collectifs (Montr\u00e9al)<\/span><\/td>\n<\/tr>\n<tr>\n<td align=\"LEFT\" valign=\"MIDDLE\" height=\"18\"><a href=\"http:\/\/twitter.com\/Breezcar_FR\">@Breezcar_FR<\/a><\/td>\n<td align=\"LEFT\" valign=\"MIDDLE\">Guide d&rsquo;achat des v\u00e9hicules #\u00e9lectriques et #hybrides (Paris)<\/td>\n<\/tr>\n<tr>\n<td align=\"LEFT\" valign=\"MIDDLE\" height=\"18\"><span style=\"color: #000000;\"><a href=\"http:\/\/twitter.com\/bloomee\">@bloomee<\/a><\/span><\/td>\n<td align=\"LEFT\" valign=\"MIDDLE\"><span style=\"color: #000000;\"> Brice L., #EELV #\u00e9nergie #mobilit\u00e9 #logement \u2026 (Paris)<\/span><\/td>\n<\/tr>\n<tr>\n<td align=\"LEFT\" valign=\"MIDDLE\" height=\"18\"><span style=\"color: #000000;\"><a href=\"http:\/\/twitter.com\/AutopartageMtl\">@AutopartageMtl<\/a><\/span><\/td>\n<td align=\"LEFT\" valign=\"MIDDLE\"><span style=\"color: #000000;\"> Information, promotion et \u00e9change sur l\u2019autopartage \u00e0 Montr\u00e9al<\/span><\/td>\n<\/tr>\n<tr>\n<td align=\"LEFT\" valign=\"MIDDLE\" height=\"18\"><span style=\"color: #000000;\">@AgenceOdonata<\/span><\/td>\n<td align=\"LEFT\" valign=\"MIDDLE\"><span style=\"color: #000000;\"> Urbanisme, am\u00e9nagement du territoire, mobilit\u00e9 (France)<\/span><\/td>\n<\/tr>\n<tr>\n<td align=\"LEFT\" valign=\"MIDDLE\" height=\"18\"><a href=\"http:\/\/twitter.com\/6tRecherche\">@6tRecherche<\/a><\/td>\n<td align=\"LEFT\" valign=\"MIDDLE\">Bureau d&rsquo;\u00e9tudes et de recherche&#8230;mobilit\u00e9 et urbanisme (France)<\/td>\n<\/tr>\n<tr>\n<td align=\"LEFT\" valign=\"MIDDLE\" height=\"18\"><a href=\"http:\/\/twitter.com\/_Cerema\">@_Cerema<\/a><\/td>\n<td align=\"LEFT\" valign=\"MIDDLE\">Centre d&rsquo;\u00e9tudes-expertises sur risques, enviro., mobilit\u00e9, am\u00e9nag. (France)<\/td>\n<\/tr>\n<\/tbody>\n<\/table>\n<p>&nbsp;<\/p>\n","protected":false},"excerpt":{"rendered":"<p>Voici la derni\u00e8re \u00e9dition des T.O.T.E.M.S. ! Pour plus de d\u00e9tails, consultez les \u00e9ditions ant\u00e9rieures : &nbsp; **** 2012 ******* Octobre Novembre D\u00e9cembre ************* 2013 ****************** Janvier &#8211; F\u00e9vrier &#8211; Mars Avril &#8211; Mai &#8211; Juin &#8211; Juillet Ao\u00fbt-septembre &#8211; Octobre &#8211; Novembre \u00a0\u00a0\u00a0\u00a0\u00a0\u00a0\u00a0\u00a0\u00a0\u00a0\u00a0\u00a0\u00a0\u00a0\u00a0\u00a0\u00a0\u00a0\u00a0\u00a0\u00a0\u00a0\u00a0 ____________________________________________________________________________________ @wladesty Wladimir Perfiloff, #conducteur_de_trains #sncf #gare_d&rsquo;austerlitz (France) @virginiemahe Communication publique, &hellip; <\/p>\n<p><a class=\"more-link btn\" href=\"https:\/\/mvt.qc.ca\/fr\/2013\/12\/totems-dec2013\/\">Lire la suite<\/a><\/p>\n","protected":false},"author":1,"featured_media":0,"comment_status":"open","ping_status":"open","sticky":false,"template":"","format":"standard","meta":{"footnotes":""},"categories":[1],"tags":[],"class_list":["post-5214","post","type-post","status-publish","format-standard","hentry","category-divers","nodate","item-wrap"],"_links":{"self":[{"href":"https:\/\/mvt.qc.ca\/fr\/wp-json\/wp\/v2\/posts\/5214","targetHints":{"allow":["GET"]}}],"collection":[{"href":"https:\/\/mvt.qc.ca\/fr\/wp-json\/wp\/v2\/posts"}],"about":[{"href":"https:\/\/mvt.qc.ca\/fr\/wp-json\/wp\/v2\/types\/post"}],"author":[{"embeddable":true,"href":"https:\/\/mvt.qc.ca\/fr\/wp-json\/wp\/v2\/users\/1"}],"replies":[{"embeddable":true,"href":"https:\/\/mvt.qc.ca\/fr\/wp-json\/wp\/v2\/comments?post=5214"}],"version-history":[{"count":34,"href":"https:\/\/mvt.qc.ca\/fr\/wp-json\/wp\/v2\/posts\/5214\/revisions"}],"predecessor-version":[{"id":7047,"href":"https:\/\/mvt.qc.ca\/fr\/wp-json\/wp\/v2\/posts\/5214\/revisions\/7047"}],"wp:attachment":[{"href":"https:\/\/mvt.qc.ca\/fr\/wp-json\/wp\/v2\/media?parent=5214"}],"wp:term":[{"taxonomy":"category","embeddable":true,"href":"https:\/\/mvt.qc.ca\/fr\/wp-json\/wp\/v2\/categories?post=5214"},{"taxonomy":"post_tag","embeddable":true,"href":"https:\/\/mvt.qc.ca\/fr\/wp-json\/wp\/v2\/tags?post=5214"}],"curies":[{"name":"wp","href":"https:\/\/api.w.org\/{rel}","templated":true}]}}