{"id":5096,"date":"2013-11-20T00:00:47","date_gmt":"2013-11-20T04:00:47","guid":{"rendered":"http:\/\/mvt.qc.ca\/fr\/?p=5096"},"modified":"2020-06-26T06:31:06","modified_gmt":"2020-06-26T10:31:06","slug":"totems-nov2013","status":"publish","type":"post","link":"https:\/\/mvt.qc.ca\/fr\/2013\/11\/totems-nov2013\/","title":{"rendered":"T.O.T.E.M.S. \/\/ 11.2013"},"content":{"rendered":"<p><img loading=\"lazy\" decoding=\"async\" class=\"alignleft\" src=\"https:\/\/mvt.qc.ca\/fr\/wp-content\/uploads\/2013\/05\/TOTEM1-231x300.png\" alt=\"TOTEM\" width=\"231\" height=\"300\" \/><\/p>\n<p style=\"text-align: center;\"><span style=\"color: #003300;\"><strong>Les T.O.T.E.M.S., un rendez-vous th\u00e9matique!<\/strong><\/span><\/p>\n<p style=\"text-align: center;\"><span style=\"color: #003300;\"><strong> Pour plus de d\u00e9tails, consultez les \u00e9ditions ant\u00e9rieures :<\/strong><\/span><\/p>\n<p style=\"text-align: center;\"><span style=\"color: #003300;\"><strong><br \/>\n2012<\/strong><\/span><\/p>\n<p style=\"text-align: center;\"><a title=\"T.O.T.E.M.S. \/\/ 10.2012\" href=\"https:\/\/mvt.qc.ca\/fr\/2012\/10\/totems\/\">Octobre<br \/>\n<\/a><a title=\"T.O.T.E.M.S. \/\/ 11.2012\" href=\"https:\/\/mvt.qc.ca\/fr\/2012\/11\/totems-nov12\/\">Novembre<br \/>\n<\/a><a title=\"T.O.T.E.M.S. \/\/ 12.2012\" href=\"https:\/\/mvt.qc.ca\/fr\/2012\/12\/totems-dec12\/\">D\u00e9cembre<\/a><\/p>\n<p style=\"text-align: center;\"><span style=\"color: #003300;\"><strong>2013<\/strong><\/span><\/p>\n<p style=\"text-align: center;\"><a title=\"T.O.T.E.M.S. \/\/ 01.2013\" href=\"https:\/\/mvt.qc.ca\/fr\/2013\/01\/totems-jan13\/\">Janvier &#8211; <\/a><a title=\"T.O.T.E.M.S. \/\/ 02.2013\" href=\"https:\/\/mvt.qc.ca\/fr\/2013\/02\/totems-fev2013\/\">F\u00e9vrier<br \/>\n<\/a><a title=\"T.O.T.E.M.S. \/\/ 03.2013\" href=\"https:\/\/mvt.qc.ca\/fr\/2013\/03\/totems-mar2013\/\">Mars &#8211; <\/a><a title=\"T.O.T.E.M.S. \/\/ 04.2013\" href=\"https:\/\/mvt.qc.ca\/fr\/2013\/04\/totems-avr2013\/\">Avril<br \/>\n<\/a><a title=\"T.O.T.E.M.S. \/\/ 05.2013\" href=\"https:\/\/mvt.qc.ca\/fr\/2013\/05\/totems-mai2013\/\">Mai &#8211; <\/a><a title=\"T.O.T.E.M.S. \/\/ 06.2013\" href=\"https:\/\/mvt.qc.ca\/fr\/2013\/06\/totems-juin2013\/\">Juin<br \/>\n<\/a><a title=\"T.O.T.E.M.S. \/\/ 07.2013\" href=\"https:\/\/mvt.qc.ca\/fr\/2013\/07\/totems-juil2013\/\">Juillet &#8211; <\/a><a title=\"T.O.T.E.M.S. \/\/ 08-09.2013\" href=\"https:\/\/mvt.qc.ca\/fr\/2013\/09\/totems-aoutsept2013\/\">Ao\u00fbt-septembre<\/a><br \/>\n<a title=\"T.O.T.E.M.S. \/\/ 10.2013\" href=\"https:\/\/mvt.qc.ca\/fr\/2013\/10\/totems-oct2013\/\">Octobre<\/a><\/p>\n<p>____________________________________________________________________________________<\/p>\n<table border=\"0\" cellspacing=\"0\">\n<colgroup width=\"140\"><\/colgroup>\n<colgroup width=\"536\"><\/colgroup>\n<tbody>\n<tr>\n<td align=\"LEFT\" height=\"17\"><a href=\"http:\/\/twitter.com\/15marches\">@15marches<\/a><\/td>\n<td align=\"LEFT\">Agence de conseil en strat\u00e9gie et marketing des services (Rennes)<\/td>\n<\/tr>\n<tr>\n<td align=\"LEFT\" height=\"20\"><a href=\"http:\/\/twitter.com\/adelbos\">@adelbos<\/a><\/td>\n<td align=\"LEFT\">Urbaniste. Programmiste. Int\u00e9ress\u00e9 par les mobilit\u00e9s et les transports (Paris)<\/td>\n<\/tr>\n<tr>\n<td align=\"LEFT\" height=\"20\"><a href=\"http:\/\/twitter.com\/AmelieRacine\">@AmelieRacine<\/a><\/td>\n<td align=\"LEFT\">Analyste au R\u00e9seau de veille en tourisme (Montr\u00e9al)<\/td>\n<\/tr>\n<tr>\n<td align=\"LEFT\" height=\"20\"><span style=\"color: #000000;\"><a href=\"http:\/\/twitter.com\/AutopartageMtl\">@AutopartageMtl<\/a><\/span><\/td>\n<td align=\"LEFT\"><span style=\"color: #000000;\"> Information, promotion et \u00e9change sur l\u2019autopartage \u00e0 Montr\u00e9al<\/span><\/td>\n<\/tr>\n<tr>\n<td align=\"LEFT\" height=\"20\"><a href=\"http:\/\/twitter.com\/Breezcar_FR\">@Breezcar_FR<\/a><\/td>\n<td align=\"LEFT\">Guide d&rsquo;achat des v\u00e9hicules #\u00e9lectriques et #hybrides (Paris)<\/td>\n<\/tr>\n<tr>\n<td align=\"LEFT\" height=\"20\"><span style=\"color: #000000;\"><a href=\"http:\/\/twitter.com\/brunfal\">@brunfal<\/a><\/span><\/td>\n<td align=\"LEFT\"><span style=\"color: #000000;\"> Bruno Falardeau, urbanisme durable et transports collectifs (Montr\u00e9al)<\/span><\/td>\n<\/tr>\n<tr>\n<td align=\"LEFT\" height=\"20\"><span style=\"color: #000000;\"><a href=\"http:\/\/twitter.com\/catchthetrout\">@catchthetrout<\/a><\/span><\/td>\n<td align=\"LEFT\"><span style=\"color: #000000;\"> The Rural Overland Utility Transit (T.R.O.U.T.) &#8211; Bancroft, Ontario (Canada)<\/span><\/td>\n<\/tr>\n<tr>\n<td align=\"LEFT\" height=\"20\"><span style=\"color: #000000;\"><a href=\"http:\/\/twitter.com\/chgl95\">@chgl95<\/a><\/span><\/td>\n<td align=\"LEFT\"><span style=\"color: #000000;\"> Christian Grellier. Directeur Innovation de Bouygues Immobilier (Paris)<\/span><\/td>\n<\/tr>\n<tr>\n<td align=\"LEFT\" height=\"20\"><span style=\"color: #000000;\"><a href=\"http:\/\/twitter.com\/ClJourdain\">@ClJourdain<\/a><\/span><\/td>\n<td align=\"LEFT\"><span style=\"color: #000000;\"> Claude Jourdain, expert en \u00e9conomie sociale (Montr\u00e9al)<\/span><\/td>\n<\/tr>\n<tr>\n<td align=\"LEFT\" height=\"20\"><span style=\"color: #000000;\"><a href=\"http:\/\/twitter.com\/Conducteur_SNCF\">@Conducteur_SNCF<\/a><\/span><\/td>\n<td align=\"LEFT\"><span style=\"color: #000000;\"> Conducteur de trains SNCF TER Midi-Pyr\u00e9n\u00e9es (France)<\/span><\/td>\n<\/tr>\n<tr>\n<td align=\"LEFT\" height=\"20\"><a href=\"http:\/\/twitter.com\/cpasbanal\">@cpasbanal<\/a><\/td>\n<td align=\"LEFT\">J\u00e9r\u00e9mie Croy\u00e8re, CTO de SNCF Porte-\u00e0-Porte (Nantes, Paris)<\/td>\n<\/tr>\n<tr>\n<td align=\"LEFT\" height=\"20\"><\/td>\n<td align=\"LEFT\"><\/td>\n<\/tr>\n<tr>\n<td align=\"LEFT\" height=\"20\"><span style=\"color: #000000;\"><a href=\"http:\/\/twitter.com\/DuflosAlexis\">@DuflosAlexis<\/a><\/span><\/td>\n<td align=\"LEFT\"><span style=\"color: #000000;\"> Secteur des v\u00e9hicules \u00e9lectriques, cr\u00e9ateur du BLOGaL (Marseille)<\/span><\/td>\n<\/tr>\n<tr>\n<td align=\"LEFT\" height=\"20\"><a href=\"https:\/\/twitter.com\/i\/redirect?url=https%3A%2F%2Ftwitter.com%2FEMBARQMx%3Frefsrc%3Demail&amp;sig=f5d17bd4dbe9f33899d731679abfe7a4cf5dbbec&amp;uid=72715535&amp;iid=2317ccc4cd7a41cda58ee5243303f648&amp;nid=6+281&amp;t=1\">@EMBARQMx<\/a><\/td>\n<td align=\"LEFT\">ONG mexicana que cataliza soluciones de movilidad sustentable (Mexico)<\/td>\n<\/tr>\n<tr>\n<td align=\"LEFT\" height=\"20\"><a href=\"http:\/\/twitter.com\/enerev\">@enerev<\/a><\/td>\n<td align=\"LEFT\">Energy Revolution. Suivi de l\u2019actualit\u00e9 de la transition \u00e9nerg\u00e9tique (Alsace)<\/td>\n<\/tr>\n<tr>\n<td align=\"LEFT\" height=\"20\"><span style=\"color: #000000;\"><a href=\"http:\/\/twitter.com\/Fabdebrice\">@Fabdebrice<\/a><\/span><\/td>\n<td align=\"LEFT\"><span style=\"color: #000000;\"> Fabrice Geffroy, d\u00e9veloppement \u00e9conomique raisonn\u00e9 des territoires (Paris)<\/span><\/td>\n<\/tr>\n<tr>\n<td align=\"LEFT\" height=\"20\"><a href=\"http:\/\/twitter.com\/FNAUT_officiel\">@FNAUT_officiel<\/a><\/td>\n<td align=\"LEFT\">F\u00e9d\u00e9ration Nationale des Associations d&rsquo;Usagers des Transports (France)<\/td>\n<\/tr>\n<tr>\n<td align=\"LEFT\" height=\"20\"><span style=\"color: #000000;\"><a href=\"http:\/\/twitter.com\/Fnaut_PdL\">@Fnaut_PdL<\/a><\/span><\/td>\n<td align=\"LEFT\"><span style=\"color: #000000;\"> FNAUT Pays de Loire (France)<\/span><\/td>\n<\/tr>\n<tr>\n<td align=\"LEFT\" height=\"20\"><span style=\"color: #000000;\"><a href=\"http:\/\/twitter.com\/GroupeChronos\">@GroupeChronos<\/a><\/span><\/td>\n<td align=\"LEFT\"><span style=\"color: #000000;\"> Etudes sociologiques et innovation dans les mobilit\u00e9s et les villes 2.0 (Paris)<\/span><\/td>\n<\/tr>\n<tr>\n<td align=\"LEFT\" height=\"20\"><span style=\"color: #000000;\"><a href=\"http:\/\/twitter.com\/jacques_lefort\">@jacques_lefort<\/a><\/span><\/td>\n<td align=\"LEFT\"><span style=\"color: #000000;\"> Expert en efficacit\u00e9 \u00e9nerg\u00e9tique urbaine (Paris)<\/span><\/td>\n<\/tr>\n<tr>\n<td align=\"LEFT\" height=\"20\"><span style=\"color: #000000;\"><a href=\"http:\/\/twitter.com\/jboutill\">@jboutill<\/a><\/span><\/td>\n<td align=\"LEFT\"><span style=\"color: #000000;\"> J\u00e9r\u00f4me Boutillier, mobilit\u00e9, #DD et nouvelles TI\u2026 (Orzens, Suisse)<\/span><\/td>\n<\/tr>\n<tr>\n<td align=\"LEFT\" height=\"20\"><a href=\"http:\/\/twitter.com\/Juliendelabaca\">@Juliendelabaca<\/a><\/td>\n<td align=\"LEFT\">Le Facilitateur de Mobilit\u00e9 (Aquitaine)<\/td>\n<\/tr>\n<tr>\n<td align=\"LEFT\" height=\"20\"><a href=\"http:\/\/twitter.com\/kellyboubou\">@kellyboubou<\/a><\/td>\n<td align=\"LEFT\">Michele St-Jacques, physicienne, ing. et prof. en am\u00e9nag. routiers (Montr\u00e9al)<\/td>\n<\/tr>\n<tr>\n<td align=\"LEFT\" height=\"20\"><a href=\"http:\/\/twitter.com\/LadiesMobility\">@LadiesMobility<\/a><\/td>\n<td align=\"LEFT\">Projet collaboratif sur la mobilit\u00e9 durable et la diversit\u00e9 (Monaco)<\/td>\n<\/tr>\n<tr>\n<td align=\"LEFT\" height=\"20\"><span style=\"color: #000000;\"><a href=\"http:\/\/twitter.com\/Le_bug_urbain\">@Le_bug_urbain<\/a><\/span><\/td>\n<td align=\"LEFT\"><span style=\"color: #000000;\"> Usages des espaces publics, mobilit\u00e9 et question du genre en ville (Paris)<\/span><\/td>\n<\/tr>\n<tr>\n<td align=\"LEFT\" height=\"20\"><a href=\"http:\/\/twitter.com\/MattDeborbe\">@MattDeborbe<\/a><\/td>\n<td align=\"LEFT\">Matthieu D\u00e9borbe. Urbanisme, mouvement \u00e9tudiant&#8230;(Qu\u00e9bec)<\/td>\n<\/tr>\n<tr>\n<td align=\"LEFT\" height=\"20\"><a href=\"http:\/\/twitter.com\/mobilityacademy\">@mobilityacademy<\/a><\/td>\n<td align=\"LEFT\">Think tank for future trends in mobility (Berne)<\/td>\n<\/tr>\n<tr>\n<td align=\"LEFT\" height=\"20\"><span style=\"color: #000000;\"><a href=\"http:\/\/twitter.com\/neleeta\">@neleeta<\/a><\/span><\/td>\n<td align=\"LEFT\"><span style=\"color: #000000;\"> Nella Saborit Estev, enginyer t\u00e8cnic d\u2019Obres P\u00fabliquea (Barcelona)<\/span><\/td>\n<\/tr>\n<tr>\n<td align=\"LEFT\" height=\"20\">@Peterzestrong<\/td>\n<td align=\"LEFT\">Pierre Lefort\u2026aka PeterZestrong, Digital and Interactive Advisor (Montr\u00e9al)<\/td>\n<\/tr>\n<tr>\n<td align=\"LEFT\" height=\"20\"><a href=\"https:\/\/twitter.com\/RValiasRV\">@RvaliasRV<\/a><\/td>\n<td align=\"LEFT\">Herv\u00e9 Dago, \u00e9nerg\u00e9ticien (\u00cele-de-France)<\/td>\n<\/tr>\n<tr>\n<td align=\"LEFT\" height=\"20\"><a href=\"http:\/\/twitter.com\/tc297\">@tc297<\/a><\/td>\n<td align=\"LEFT\">Thomas Cuingnet, mobility, public transport, smart cities&#8230; (France)<\/td>\n<\/tr>\n<tr>\n<td align=\"LEFT\" height=\"20\"><span style=\"color: #000000;\"><a href=\"http:\/\/twitter.com\/ThibaudDELETRAZ\">@ThibaudDELETRAZ<\/a><\/span><\/td>\n<td align=\"LEFT\"><span style=\"color: #000000;\"> Acteur de la relation client dans le domaine de la mobilit\u00e9 (France)<\/span><\/td>\n<\/tr>\n<tr>\n<td align=\"LEFT\" height=\"20\"><a href=\"http:\/\/twitter.com\/Transactumedia\">@Transactumedia<\/a><\/td>\n<td align=\"LEFT\">Laurie M., actu transports \/ mobilit\u00e9 \/ NTIC (France)<\/td>\n<\/tr>\n<\/tbody>\n<\/table>\n","protected":false},"excerpt":{"rendered":"<p>Les T.O.T.E.M.S., un rendez-vous th\u00e9matique! Pour plus de d\u00e9tails, consultez les \u00e9ditions ant\u00e9rieures : 2012 Octobre Novembre D\u00e9cembre 2013 Janvier &#8211; F\u00e9vrier Mars &#8211; Avril Mai &#8211; Juin Juillet &#8211; Ao\u00fbt-septembre Octobre ____________________________________________________________________________________ @15marches Agence de conseil en strat\u00e9gie et marketing des services (Rennes) @adelbos Urbaniste. Programmiste. Int\u00e9ress\u00e9 par les mobilit\u00e9s et les transports (Paris) &hellip; <\/p>\n<p><a class=\"more-link btn\" href=\"https:\/\/mvt.qc.ca\/fr\/2013\/11\/totems-nov2013\/\">Lire la suite<\/a><\/p>\n","protected":false},"author":1,"featured_media":0,"comment_status":"open","ping_status":"open","sticky":false,"template":"","format":"standard","meta":{"footnotes":""},"categories":[1],"tags":[],"class_list":["post-5096","post","type-post","status-publish","format-standard","hentry","category-divers","nodate","item-wrap"],"_links":{"self":[{"href":"https:\/\/mvt.qc.ca\/fr\/wp-json\/wp\/v2\/posts\/5096","targetHints":{"allow":["GET"]}}],"collection":[{"href":"https:\/\/mvt.qc.ca\/fr\/wp-json\/wp\/v2\/posts"}],"about":[{"href":"https:\/\/mvt.qc.ca\/fr\/wp-json\/wp\/v2\/types\/post"}],"author":[{"embeddable":true,"href":"https:\/\/mvt.qc.ca\/fr\/wp-json\/wp\/v2\/users\/1"}],"replies":[{"embeddable":true,"href":"https:\/\/mvt.qc.ca\/fr\/wp-json\/wp\/v2\/comments?post=5096"}],"version-history":[{"count":10,"href":"https:\/\/mvt.qc.ca\/fr\/wp-json\/wp\/v2\/posts\/5096\/revisions"}],"predecessor-version":[{"id":8368,"href":"https:\/\/mvt.qc.ca\/fr\/wp-json\/wp\/v2\/posts\/5096\/revisions\/8368"}],"wp:attachment":[{"href":"https:\/\/mvt.qc.ca\/fr\/wp-json\/wp\/v2\/media?parent=5096"}],"wp:term":[{"taxonomy":"category","embeddable":true,"href":"https:\/\/mvt.qc.ca\/fr\/wp-json\/wp\/v2\/categories?post=5096"},{"taxonomy":"post_tag","embeddable":true,"href":"https:\/\/mvt.qc.ca\/fr\/wp-json\/wp\/v2\/tags?post=5096"}],"curies":[{"name":"wp","href":"https:\/\/api.w.org\/{rel}","templated":true}]}}