{"id":5083,"date":"2013-11-16T18:30:38","date_gmt":"2013-11-16T22:30:38","guid":{"rendered":"http:\/\/mvt.qc.ca\/fr\/?p=5083"},"modified":"2013-12-24T15:05:24","modified_gmt":"2013-12-24T19:05:24","slug":"mesure-audacieuse-autobus","status":"publish","type":"post","link":"https:\/\/mvt.qc.ca\/fr\/2013\/11\/mesure-audacieuse-autobus\/","title":{"rendered":"Une mesure plus audacieuse pour prioriser les autobus"},"content":{"rendered":"<p style=\"text-align: justify;\">Le<strong> <a href=\"http:\/\/pjcci.ca\/ponts-et-structures\/corridor-du-pont-champlain\/historique\/\">pont Champlain<\/a><\/strong>, inaugur\u00e9 en 1962 au-dessus du fleuve Saint-Laurent, est le plus fr\u00e9quent\u00e9 au Canada : ses six voies de circulation voient chaque jour 160 000 v\u00e9hicules le traverser, en moyenne.<\/p>\n<p style=\"text-align: justify;\">En 1978, une <a href=\"http:\/\/www.amt.qc.ca\/salle_de_presse\/communiques.aspx?communiqueid=256\"><strong>voie r\u00e9serv\u00e9e aux autobus<\/strong> <\/a>a \u00e9t\u00e9 mise en service, aux heures de pointe du matin et du soir : ne voulant pas nuire \u00e0 la circulation g\u00e9n\u00e9rale, on l&rsquo;\u00e9tablit \u00e0 contresens, sur la chauss\u00e9e oppos\u00e9e. Balis\u00e9e par des c\u00f4nes et des fl\u00e8ches lumineuses, cette voie permet de transporter autant de personnes que les trois autres voies de circulation r\u00e9unies : ainsi, plus de 20 000 d\u00e9placements sont r\u00e9alis\u00e9s au moyen de cette installation temporaire.<\/p>\n<p style=\"text-align: justify;\">Or, la semaine derni\u00e8re, la voie de droite, direction Rive-Sud, a \u00e9t\u00e9 ferm\u00e9e \u00e0 la circulation, suite \u00e0 la d\u00e9couverte d&rsquo;une fissure sur une poutre de rive, particuli\u00e8rement expos\u00e9e aux sels de voirie et aux embruns du fleuve : pour des raisons de s\u00e9curit\u00e9, on ne voulait plus exploiter la voie r\u00e9serv\u00e9e \u00e0 contresens, face \u00e0 une seule voie de circulation restante.<\/p>\n<p style=\"text-align: justify;\">Cette fermeture devait durer un jour : temporairement, les autobus ont \u00e9t\u00e9 redirig\u00e9s dans la circulation normale depuis l&rsquo;entr\u00e9e du pont. Mais on apprit qu&rsquo;il fallait proc\u00e9der \u00e0 des travaux de renforcement qui s&rsquo;\u00e9chelonneraient plut\u00f4t sur un mois. Une s\u00e9rie de mesures seront mises en place&#8230;<\/p>\n<div class=\"mceItemEmbedly\" style=\"text-align: justify; max-width: 600px;max-width:600px;\" data-ajax=\"{'url':'http:\/\/www.radio-canada.ca\/regions\/Montreal\/2013\/11\/15\/003-pont-champlain-rencontre-coderre-ministres.shtml','width':'600','words':'40','height':null,'embed':'&lt;div class=\\&quot;embedly\\&quot; style=\\&quot;max-width:600px;\\&quot;&gt;&lt;img src=\\&quot;http:\/\/img.src.ca\/2013\/11\/15\/420x236\/131115_6v8fp_pont-champlain-circulation_sn420.jpg\\&quot; class=\\&quot;thumb embedly-thumbnail-small\\&quot; \/&gt;&lt;a class=\\'embedly-title\\' target=\\'_blank\\' href=\\'http:\/\/www.radio-canada.ca\/regions\/Montreal\/2013\/11\/15\/003-pont-champlain-rencontre-coderre-ministres.shtml\\'&gt;Pont Champlain : 12 mesures pour att\\u00e9nuer les probl\\u00e8mes de circulation&lt;\/a&gt;Une voie r\\u00e9serv\\u00e9e pour le transport en commun sera ouverte de la Rive-Sud en direction de Montr\\u00e9al aux heures de pointe matinales sur le pont Champlain.&lt;div class=\\&quot;embedly-clear\\&quot;&gt;&lt;\/div&gt;&lt;span class=\\&quot;embedly-powered\\&quot; style=\\&quot;float:right;display:block\\&quot;&gt;&lt;a target=\\&quot;_blank\\&quot; href=\\&quot;http:\/\/embed.ly\/code?url=http%3A%2F%2Fwww.radio-canada.ca%2Fregions%2FMontreal%2F2013%2F11%2F15%2F003-pont-champlain-rencontre-coderre-ministres.shtml\\&quot; title=\\&quot;Powered by Embedly\\&quot;&gt;&lt;img src=\\&quot;http:\/\/static.embed.ly\/images\/logos\/embedly-powered-small-light.png\\&quot; alt=\\&quot;Embedly Powered\\&quot; \/&gt;&lt;\/a&gt;&lt;\/span&gt;&lt;div class=\\&quot;media-attribution\\&quot;&gt;&lt;span&gt;via &lt;\/span&gt;&lt;a href=\\&quot;http:\/\/www.radio-canada.ca\\&quot; class=\\&quot;media-attribution-link\\&quot; target=\\&quot;_blank\\&quot;&gt;Radio-canada&lt;\/a&gt;&lt;\/span&gt;&lt;\/div&gt;&lt;div class=\\&quot;embedly-clear\\&quot;&gt;&lt;\/div&gt;&lt;\/div&gt;'}\">\n<div class=\"embedly\" style=\"max-width:600px;\"><img decoding=\"async\" src=\"http:\/\/img.src.ca\/2013\/11\/15\/420x236\/131115_6v8fp_pont-champlain-circulation_sn420.jpg\" class=\"thumb embedly-thumbnail-small\" \/><a class='embedly-title' target='_blank' href='http:\/\/www.radio-canada.ca\/regions\/Montreal\/2013\/11\/15\/003-pont-champlain-rencontre-coderre-ministres.shtml'>Pont Champlain : 12 mesures pour att\u00e9nuer les probl\u00e8mes de circulation<\/a>Une voie r\u00e9serv\u00e9e pour le transport en commun sera ouverte de la Rive-Sud en direction de Montr\u00e9al aux heures de pointe matinales sur le pont Champlain.<\/p>\n<div class=\"embedly-clear\"><\/div>\n<p><span class=\"embedly-powered\" style=\"float:right;display:block\"><a target=\"_blank\" href=\"http:\/\/embed.ly\/code?url=http%3A%2F%2Fwww.radio-canada.ca%2Fregions%2FMontreal%2F2013%2F11%2F15%2F003-pont-champlain-rencontre-coderre-ministres.shtml\" title=\"Powered by Embedly\"><img decoding=\"async\" src=\"http:\/\/static.embed.ly\/images\/logos\/embedly-powered-small-light.png\" alt=\"Embedly Powered\" \/><\/a><\/span><\/p>\n<div class=\"media-attribution\"><span>via <\/span><a href=\"http:\/\/www.radio-canada.ca\" class=\"media-attribution-link\" target=\"_blank\">Radio-canada<\/a><\/span><\/div>\n<div class=\"embedly-clear\"><\/div>\n<\/div>\n<\/div>\n<div class=\"embedly-clear\" style=\"text-align: justify;\"><\/div>\n<div class=\"embedly-clear\">\n<p style=\"text-align: justify;\"><del>Ainsi, d\u00e8s lundi, l&rsquo;une des trois voies normales de circulation sera d\u00e9di\u00e9e aux autobus, en direction de Montr\u00e9al, dans le sens de la pointe, laissant les deux autres voies au reste des v\u00e9hicules.<\/del><\/p>\n<p style=\"text-align: justify;\"><strong><em><span style=\"color: #ff0000;\">NDLR : CETTE MESURE A \u00c9T\u00c9 <span style=\"text-decoration: underline; color: #0000ff;\"><a href=\"http:\/\/journalmetro.com\/actualites\/montreal\/405272\/champlain-la-voie-reservee-sacrifiee\/\"><span style=\"color: #0000ff; text-decoration: underline;\">SUSPENDUE<\/span><\/a><\/span>&#8230;avant m\u00eame qu&rsquo;elle n&rsquo;ait \u00e9t\u00e9 test\u00e9e.<\/span><br \/>\n<\/em><\/strong><\/p>\n<p style=\"text-align: justify;\">C&rsquo;est la configuration qu&rsquo;il aurait fallu mettre en place d\u00e8s le d\u00e9but, il y a 35 ans, pour affirmer la priorit\u00e9 des transports publics dans la circulation. Trop longtemps, les v\u00e9hicules de transport publics ont \u00e9t\u00e9 consid\u00e9r\u00e9s comme nuisibles \u00e0 la circulation automobile : ainsi, on d\u00e9terra les rails de tramway des chauss\u00e9es, en b\u00e2tissant plut\u00f4t des syst\u00e8mes de transport souterrains ou a\u00e9riens.<\/p>\n<p style=\"text-align: justify;\">Il restera \u00e0 voir comment les auto-solistes, qui forment la majorit\u00e9 du trafic, vont s&rsquo;adapter. En ce moment, il y a bien plus de places vides dans les automobiles, que de conducteurs traversant le pont Champlain.<\/p>\n<p style=\"text-align: justify;\">Que voil\u00e0 une brillante occasion de voir \u00e9merger un esprit de collaboration et de partage!<\/p>\n<p style=\"text-align: justify;\">\n<\/div>\n","protected":false},"excerpt":{"rendered":"<p>Le pont Champlain, inaugur\u00e9 en 1962 au-dessus du fleuve Saint-Laurent, est le plus fr\u00e9quent\u00e9 au Canada : ses six voies de circulation voient chaque jour 160 000 v\u00e9hicules le traverser, en moyenne. En 1978, une voie r\u00e9serv\u00e9e aux autobus a \u00e9t\u00e9 mise en service, aux heures de pointe du matin et du soir : ne &hellip; <\/p>\n<p><a class=\"more-link btn\" href=\"https:\/\/mvt.qc.ca\/fr\/2013\/11\/mesure-audacieuse-autobus\/\">Lire la suite<\/a><\/p>\n","protected":false},"author":1,"featured_media":0,"comment_status":"open","ping_status":"open","sticky":false,"template":"","format":"standard","meta":{"footnotes":""},"categories":[18,19,95,22,42],"tags":[371,505,504,622,502,506,503],"class_list":["post-5083","post","type-post","status-publish","format-standard","hentry","category-autobus","category-autocar","category-automobile","category-canada","category-montreal","tag-autobus-2","tag-congestion","tag-contresens","tag-montreal","tag-pont-champlain","tag-rive-sud","tag-voie-reservee","nodate","item-wrap"],"_links":{"self":[{"href":"https:\/\/mvt.qc.ca\/fr\/wp-json\/wp\/v2\/posts\/5083","targetHints":{"allow":["GET"]}}],"collection":[{"href":"https:\/\/mvt.qc.ca\/fr\/wp-json\/wp\/v2\/posts"}],"about":[{"href":"https:\/\/mvt.qc.ca\/fr\/wp-json\/wp\/v2\/types\/post"}],"author":[{"embeddable":true,"href":"https:\/\/mvt.qc.ca\/fr\/wp-json\/wp\/v2\/users\/1"}],"replies":[{"embeddable":true,"href":"https:\/\/mvt.qc.ca\/fr\/wp-json\/wp\/v2\/comments?post=5083"}],"version-history":[{"count":13,"href":"https:\/\/mvt.qc.ca\/fr\/wp-json\/wp\/v2\/posts\/5083\/revisions"}],"predecessor-version":[{"id":5108,"href":"https:\/\/mvt.qc.ca\/fr\/wp-json\/wp\/v2\/posts\/5083\/revisions\/5108"}],"wp:attachment":[{"href":"https:\/\/mvt.qc.ca\/fr\/wp-json\/wp\/v2\/media?parent=5083"}],"wp:term":[{"taxonomy":"category","embeddable":true,"href":"https:\/\/mvt.qc.ca\/fr\/wp-json\/wp\/v2\/categories?post=5083"},{"taxonomy":"post_tag","embeddable":true,"href":"https:\/\/mvt.qc.ca\/fr\/wp-json\/wp\/v2\/tags?post=5083"}],"curies":[{"name":"wp","href":"https:\/\/api.w.org\/{rel}","templated":true}]}}