{"id":5002,"date":"2013-10-22T21:00:53","date_gmt":"2013-10-23T01:00:53","guid":{"rendered":"http:\/\/mvt.qc.ca\/fr\/?p=5002"},"modified":"2015-11-16T20:28:06","modified_gmt":"2015-11-17T00:28:06","slug":"totems-oct2013","status":"publish","type":"post","link":"https:\/\/mvt.qc.ca\/fr\/2013\/10\/totems-oct2013\/","title":{"rendered":"T.O.T.E.M.S. \/\/ 10.2013"},"content":{"rendered":"<p><img loading=\"lazy\" decoding=\"async\" class=\"alignleft\" src=\"https:\/\/mvt.qc.ca\/fr\/wp-content\/uploads\/2013\/05\/TOTEM1-231x300.png\" alt=\"TOTEM\" width=\"231\" height=\"300\" \/><\/p>\n<p style=\"text-align: center;\"><span style=\"color: #003300;\"><strong>Les T.O.T.E.M.S., un rendez-vous th\u00e9matique!<\/strong><\/span><\/p>\n<p style=\"text-align: center;\">\n<span style=\"color: #003300;\"><strong> Pour plus de d\u00e9tails, consultez les \u00e9ditions ant\u00e9rieures :<\/strong><\/span><\/p>\n<p>&nbsp;<\/p>\n<p style=\"text-align: center;\"><strong>2012<\/strong><\/p>\n<p style=\"text-align: center;\"><a title=\"T.O.T.E.M.S. \/\/ 10.2012\" href=\"https:\/\/mvt.qc.ca\/fr\/2012\/10\/totems\/\">Octobre<br \/>\n<\/a><a title=\"T.O.T.E.M.S. \/\/ 11.2012\" href=\"https:\/\/mvt.qc.ca\/fr\/2012\/11\/totems-nov12\/\">Novembre<br \/>\n<\/a><a title=\"T.O.T.E.M.S. \/\/ 12.2012\" href=\"https:\/\/mvt.qc.ca\/fr\/2012\/12\/totems-dec12\/\">D\u00e9cembre<\/a><\/p>\n<p style=\"text-align: center;\"><strong>2013<\/strong><\/p>\n<p style=\"text-align: center;\"><a title=\"T.O.T.E.M.S. \/\/ 01.2013\" href=\"https:\/\/mvt.qc.ca\/fr\/2013\/01\/totems-jan13\/\">Janvier &#8211; <\/a><a title=\"T.O.T.E.M.S. \/\/ 02.2013\" href=\"https:\/\/mvt.qc.ca\/fr\/2013\/02\/totems-fev2013\/\">F\u00e9vrier<br \/>\n<\/a><a title=\"T.O.T.E.M.S. \/\/ 03.2013\" href=\"https:\/\/mvt.qc.ca\/fr\/2013\/03\/totems-mar2013\/\">Mars &#8211; <\/a><a title=\"T.O.T.E.M.S. \/\/ 04.2013\" href=\"https:\/\/mvt.qc.ca\/fr\/2013\/04\/totems-avr2013\/\">Avril<br \/>\n<\/a><a title=\"T.O.T.E.M.S. \/\/ 05.2013\" href=\"https:\/\/mvt.qc.ca\/fr\/2013\/05\/totems-mai2013\/\">Mai &#8211; <\/a><a title=\"T.O.T.E.M.S. \/\/ 06.2013\" href=\"https:\/\/mvt.qc.ca\/fr\/2013\/06\/totems-juin2013\/\">Juin<br \/>\n<\/a><a title=\"T.O.T.E.M.S. \/\/ 07.2013\" href=\"https:\/\/mvt.qc.ca\/fr\/2013\/07\/totems-juil2013\/\">Juillet &#8211; <\/a><a title=\"T.O.T.E.M.S. \/\/ 08-09.2013\" href=\"https:\/\/mvt.qc.ca\/fr\/2013\/09\/totems-aoutsept2013\/\">Ao\u00fbt-septembre<\/a><\/p>\n<p>&nbsp;<\/p>\n<p>____________________________________________________________________________________<\/p>\n<table border=\"0\" cellspacing=\"0\">\n<colgroup width=\"140\"><\/colgroup>\n<colgroup width=\"536\"><\/colgroup>\n<tbody>\n<tr>\n<td align=\"LEFT\" height=\"17\"><a href=\"http:\/\/twitter.com\/15marches\">@15marches<\/a><\/td>\n<td align=\"LEFT\">Agence de conseil en strat\u00e9gie et marketing des services (Rennes)<\/td>\n<\/tr>\n<tr>\n<td align=\"LEFT\" height=\"20\"><a href=\"http:\/\/twitter.com\/alexlampron\">@alexlampron<\/a><\/td>\n<td align=\"LEFT\">Alexandre Lampron. Coord. actualit\u00e9 politique (Mont\u00e9r\u00e9gie, Qu\u00e9bec)<\/td>\n<\/tr>\n<tr>\n<td align=\"LEFT\" height=\"20\"><a href=\"http:\/\/twitter.com\/AllianceTransit\">@AllianceTransit<\/a><\/td>\n<td align=\"LEFT\">Favoriser le d\u00e9veloppement et l\u2019am\u00e9lioration des TC au Qu\u00e9bec<\/td>\n<\/tr>\n<tr>\n<td align=\"LEFT\" height=\"20\"><span style=\"color: #000000;\"><a href=\"http:\/\/twitter.com\/Arzhur2v\">@Arzhur2v<\/a><\/span><\/td>\n<td align=\"LEFT\"><span style=\"color: #000000;\"> Arthur Devay, tr\u00e9sorier et webmaster, HSF-TOGO France<\/span><\/td>\n<\/tr>\n<tr>\n<td align=\"LEFT\" height=\"20\"><span style=\"color: #000000;\"><a href=\"http:\/\/twitter.com\/AutopartageMtl\">@AutopartageMtl<\/a><\/span><\/td>\n<td align=\"LEFT\"><span style=\"color: #000000;\"> Information, promotion et \u00e9change sur l\u2019autopartage \u00e0 Montr\u00e9al<\/span><\/td>\n<\/tr>\n<tr>\n<td align=\"LEFT\" height=\"20\"><a href=\"http:\/\/twitter.com\/BenjaminTaveau\">@BenjaminTaveau<\/a><\/td>\n<td align=\"LEFT\">Vers un renouveau territorial sur <a href=\"http:\/\/www.economie.blog.lemonde.fr\/\">http:\/\/www.economie.blog.lemonde.fr<\/a> (France)<\/td>\n<\/tr>\n<tr>\n<td align=\"LEFT\" height=\"20\"><a href=\"http:\/\/twitter.com\/Breezcar_FR\">@Breezcar_FR<\/a><\/td>\n<td align=\"LEFT\">Guide d&rsquo;achat des v\u00e9hicules #\u00e9lectriques et #hybrides (Paris)<\/td>\n<\/tr>\n<tr>\n<td align=\"LEFT\" height=\"20\"><span style=\"color: #000000;\"><a href=\"http:\/\/twitter.com\/brunfal\">@brunfal<\/a><\/span><\/td>\n<td align=\"LEFT\"><span style=\"color: #000000;\"> Bruno Falardeau, urbanisme durable et transports collectifs (Montr\u00e9al)<\/span><\/td>\n<\/tr>\n<tr>\n<td align=\"LEFT\" height=\"20\"><a href=\"http:\/\/twitter.com\/carfreefrance\">@carfreefrance<\/a><\/td>\n<td align=\"LEFT\"><span style=\"color: #000000;\"> Autres mobilit\u00e9s et alternatives (France)<\/span><\/td>\n<\/tr>\n<tr>\n<td align=\"LEFT\" height=\"20\"><span style=\"color: #000000;\"><a href=\"http:\/\/twitter.com\/catchthetrout\">@catchthetrout<\/a><\/span><\/td>\n<td align=\"LEFT\"><span style=\"color: #000000;\"> The Rural Overland Utility Transit (T.R.O.U.T.) &#8211; Bancroft, Ontario (Canada)<\/span><\/td>\n<\/tr>\n<tr>\n<td align=\"LEFT\" height=\"20\"><span style=\"color: #000000;\"><a href=\"http:\/\/twitter.com\/chgl95\">@chgl95<\/a><\/span><\/td>\n<td align=\"LEFT\"><span style=\"color: #000000;\"> Christian Grellier. Directeur Innovation de Bouygues Immobilier (Paris)<\/span><\/td>\n<\/tr>\n<tr>\n<td align=\"LEFT\" height=\"20\"><span style=\"color: #000000;\"><a href=\"http:\/\/twitter.com\/cjemelin\">@cjemelin<\/a><\/span><\/td>\n<td align=\"LEFT\"><span style=\"color: #000000;\"> Christophe Jemelin. Passionn\u00e9 de mobilit\u00e9 (Lausanne, Suisse)<\/span><\/td>\n<\/tr>\n<tr>\n<td align=\"LEFT\" height=\"20\"><span style=\"color: #000000;\"><a href=\"http:\/\/twitter.com\/Conducteur_SNCF\">@Conducteur_SNCF<\/a><\/span><\/td>\n<td align=\"LEFT\"><span style=\"color: #000000;\"> Conducteur de trains SNCF TER Midi-Pyr\u00e9n\u00e9es (France)<\/span><\/td>\n<\/tr>\n<tr>\n<td align=\"LEFT\" height=\"20\"><a href=\"http:\/\/twitter.com\/DeplacementsPro\">@DeplacementsPro<\/a><\/td>\n<td align=\"LEFT\">Marcel Levy, premier site d\u2019actualit\u00e9 du voyage d\u2019affaires (Paris)<\/td>\n<\/tr>\n<tr>\n<td align=\"LEFT\" height=\"20\"><a href=\"http:\/\/twitter.com\/EdortaBergua\">@EdortaBergua<\/a><\/td>\n<td align=\"LEFT\"><em>\u00a0Mugikortasun eta bizikletari buruzko ideiak (Donostia)<\/em><\/td>\n<\/tr>\n<tr>\n<td align=\"LEFT\" height=\"20\"><a href=\"http:\/\/twitter.com\/enertweets\">@enertweets<\/a><\/td>\n<td align=\"LEFT\">Soci\u00e9t\u00e9 des mus\u00e9es de sciences et technologies du Canada<\/td>\n<\/tr>\n<tr>\n<td align=\"LEFT\" height=\"20\"><a href=\"http:\/\/twitter.com\/FNAUT_officiel\">@FNAUT_officiel<\/a><\/td>\n<td align=\"LEFT\">F\u00e9d\u00e9ration Nationale des Associations d&rsquo;Usagers des Transports (France)<\/td>\n<\/tr>\n<tr>\n<td align=\"LEFT\" height=\"20\"><span style=\"color: #000000;\"><a href=\"http:\/\/twitter.com\/Fnaut_PdL\">@Fnaut_PdL<\/a><\/span><\/td>\n<td align=\"LEFT\"><span style=\"color: #000000;\"> FNAUT Pays de Loire (France)<\/span><\/td>\n<\/tr>\n<tr>\n<td align=\"LEFT\" height=\"20\"><a href=\"http:\/\/twitter.com\/galoreinoso\">@galoreinoso<\/a><\/td>\n<td align=\"LEFT\">Galo Reinoso. Transports actifs et collectifs (r\u00e9gion de Montr\u00e9al)<\/td>\n<\/tr>\n<tr>\n<td align=\"LEFT\" height=\"20\"><span style=\"color: #000000;\"><a href=\"http:\/\/twitter.com\/Greg72100\">@Greg72100<\/a><\/span><\/td>\n<td align=\"LEFT\"><span style=\"color: #000000;\"> Gr\u00e9goire Brossard, du ferroviaire et un peu d&rsquo;autres choses&#8230; (Dijon)<\/span><\/td>\n<\/tr>\n<tr>\n<td align=\"LEFT\" height=\"20\"><span style=\"color: #000000;\"><a href=\"http:\/\/twitter.com\/jboutill\">@jboutill<\/a><\/span><\/td>\n<td align=\"LEFT\"><span style=\"color: #000000;\"> J\u00e9r\u00f4me Boutillier, mobilit\u00e9, #DD et nouvelles TI\u2026 (Orzens, Suisse)<\/span><\/td>\n<\/tr>\n<tr>\n<td align=\"LEFT\" height=\"20\"><a href=\"http:\/\/twitter.com\/Juliendelabaca\">@Juliendelabaca<\/a><\/td>\n<td align=\"LEFT\">Le Facilitateur de Mobilit\u00e9 (Aquitaine)<\/td>\n<\/tr>\n<tr>\n<td align=\"LEFT\" height=\"20\"><span style=\"color: #000000;\"><a href=\"http:\/\/twitter.com\/Le_bug_urbain\">@Le_bug_urbain<\/a><\/span><\/td>\n<td align=\"LEFT\"><span style=\"color: #000000;\"> Usages des espaces publics, mobilit\u00e9 et question du genre en ville (Paris)<\/span><\/td>\n<\/tr>\n<tr>\n<td align=\"LEFT\" height=\"20\"><a href=\"http:\/\/twitter.com\/lefebvreg\">@lefebvreg<\/a><\/td>\n<td align=\"LEFT\">Guillaume Lef\u00e8vre, optimisation et s\u00e9curit\u00e9 des transports (Noum\u00e9a)<\/td>\n<\/tr>\n<tr>\n<td align=\"LEFT\" height=\"20\"><a href=\"http:\/\/twitter.com\/localstories1\">@localstories1<\/a><\/td>\n<td align=\"LEFT\">Digitalisation du transport #usages #offre #Transport #Digital (Paris)<\/td>\n<\/tr>\n<tr>\n<td align=\"LEFT\" height=\"20\"><a href=\"http:\/\/twitter.com\/lpietri\">@lpietri<\/a><\/td>\n<td align=\"LEFT\">Toujours mobile&#8230; Saint-Cloud, Paris, Cr\u00e9teil (France)<\/td>\n<\/tr>\n<tr>\n<td align=\"LEFT\" height=\"20\"><a href=\"https:\/\/twitter.com\/i\/redirect?url=https%3A%2F%2Ftwitter.com%2FMedMezghani&amp;sig=c1c2c59904a36389134bd03c015b6bbcf0436314&amp;uid=72715535&amp;iid=8b68b1fa-f79c-4b43-b81e-325c7ecfda3f&amp;nid=6+281&amp;t=1\">@MedMezghani<\/a><\/td>\n<td align=\"LEFT\">Mohamed Mezghani, Public Transport and Urban Mobility (France)<\/td>\n<\/tr>\n<tr>\n<td align=\"LEFT\" height=\"20\"><span style=\"color: #000000;\"><a href=\"https:\/\/twitter.com\/MonCherVelo\">@MonCherVelo<\/a><\/span><\/td>\n<td align=\"LEFT\"><span style=\"color: #000000;\"> Association de promotion du v\u00e9lo en tant que mode de transport (Bourges)<\/span><\/td>\n<\/tr>\n<tr>\n<td align=\"LEFT\" height=\"20\"><span style=\"color: #000000;\"><a href=\"http:\/\/twitter.com\/neleeta\">@neleeta<\/a><\/span><\/td>\n<td align=\"LEFT\"><span style=\"color: #000000;\"> Nella Saborit Estev, enginyer t\u00e8cnic d\u2019Obres P\u00fabliquea (Barcelona)<\/span><\/td>\n<\/tr>\n<tr>\n<td align=\"LEFT\" height=\"20\">@Peterzestrong<\/td>\n<td align=\"LEFT\">Pierre Lefort\u2026aka PeterZestrong, Digital and Interactive Advisor (Montr\u00e9al)<\/td>\n<\/tr>\n<tr>\n<td align=\"LEFT\" height=\"20\"><a href=\"http:\/\/twitter.com\/PierrePoulet\">@PierrePoulet<\/a><\/td>\n<td align=\"LEFT\">Transports en commun, (Eco)-Mobilit\u00e9, tech. (Paris)<\/td>\n<\/tr>\n<tr>\n<td align=\"LEFT\" height=\"20\"><a href=\"http:\/\/twitter.com\/qstraint\">@qstraint<\/a><\/td>\n<td align=\"LEFT\"><em> Wheelchair passenger safety solutions (Fort Lauderdale, USA)<\/em><\/td>\n<\/tr>\n<tr>\n<td align=\"LEFT\" height=\"20\"><a href=\"https:\/\/twitter.com\/RValiasRV\">@RvaliasRV<\/a><\/td>\n<td align=\"LEFT\">Herv\u00e9 Dago, \u00e9nerg\u00e9ticien (\u00cele-de-France)<\/td>\n<\/tr>\n<tr>\n<td align=\"LEFT\" height=\"20\"><span style=\"color: #000000;\">@snotpg_geneve<\/span><\/td>\n<td align=\"LEFT\"><span style=\"color: #000000;\"> Histoire &amp; actualit\u00e9s de la mobilit\u00e9 genevoise (Gen\u00e8ve)<\/span><\/td>\n<\/tr>\n<tr>\n<td align=\"LEFT\" height=\"20\"><a href=\"http:\/\/twitter.com\/stephaneschultz\">@stephaneschultz<\/a><\/td>\n<td align=\"LEFT\">Travaille chez @15marches et @Pollen_Studio (Rennes, France)<\/td>\n<\/tr>\n<tr>\n<td align=\"LEFT\" height=\"20\"><span style=\"color: #000000;\"><a href=\"http:\/\/twitter.com\/TdF__ademe\">@TdF__ademe<\/a><\/span><\/td>\n<td align=\"LEFT\"><span style=\"color: #000000;\"> Gabriel Plassat, ing\u00e9nieur Energies &amp; Prospectives, ADEME (France)<\/span><\/td>\n<\/tr>\n<tr>\n<td align=\"LEFT\" height=\"20\"><a href=\"http:\/\/twitter.com\/thomavenel\">@thomavenel<\/a><\/td>\n<td align=\"LEFT\">Thomas Avenel, #mobilit\u00e9urbaine #associatif #secteurmedicosocial (France)<\/td>\n<\/tr>\n<tr>\n<td align=\"LEFT\" height=\"20\"><a href=\"http:\/\/twitter.com\/traficquebec\">@TraficQuebec<\/a><\/td>\n<td align=\"LEFT\">Gaby Drolet, chroniqueur radio et t\u00e9l\u00e9 de circulation (Qu\u00e9bec)<\/td>\n<\/tr>\n<tr>\n<td align=\"LEFT\" height=\"20\"><a href=\"http:\/\/twitter.com\/Transactumedia\">@Transactumedia<\/a><\/td>\n<td align=\"LEFT\">Laurie M., actu transports \/ mobilit\u00e9 \/ NTIC (France)<\/td>\n<\/tr>\n<tr>\n<td align=\"LEFT\" height=\"20\"><a href=\"http:\/\/twitter.com\/uvn_fnaut\">@uvn_fnaut<\/a><\/td>\n<td align=\"LEFT\">Union des Voyageurs du Nord (Nord \u2013 Pas-de-Calais)<\/td>\n<\/tr>\n<tr>\n<td align=\"LEFT\" height=\"20\"><a href=\"http:\/\/twitter.com\/veilleaction\">@veilleaction<\/a><\/td>\n<td align=\"LEFT\">Pour de saines habitudes de vie (Trois-Rivi\u00e8res)<\/td>\n<\/tr>\n<tr>\n<td align=\"LEFT\" height=\"20\"><a href=\"http:\/\/twitter.com\/vmullerfr\">@vmullerfr<\/a><\/td>\n<td align=\"LEFT\">Vincent Muller. Technologies innovantes et leurs usages (Paris)<\/td>\n<\/tr>\n<tr>\n<td align=\"LEFT\" height=\"20\"><span style=\"color: #000000;\"><a href=\"http:\/\/twitter.com\/XavierTackoen\">@XavierTackoen<\/a><\/span><\/td>\n<td align=\"LEFT\"><span style=\"color: #000000;\"> Managing Director of Espaces-Mobilit\u00e9s (Bruxelles)<\/span><\/td>\n<\/tr>\n<tr>\n<td align=\"LEFT\" height=\"20\"><a href=\"http:\/\/twitter.com\/YohannVerdon\">@YohannVerdon<\/a><\/td>\n<td align=\"LEFT\">Responsable Etudes, CCI Vend\u00e9e (France)<\/td>\n<\/tr>\n<\/tbody>\n<\/table>\n<p>&nbsp;<\/p>\n<p>&nbsp;<\/p>\n","protected":false},"excerpt":{"rendered":"<p>Les T.O.T.E.M.S., un rendez-vous th\u00e9matique! Pour plus de d\u00e9tails, consultez les \u00e9ditions ant\u00e9rieures : &nbsp; 2012 Octobre Novembre D\u00e9cembre 2013 Janvier &#8211; F\u00e9vrier Mars &#8211; Avril Mai &#8211; Juin Juillet &#8211; Ao\u00fbt-septembre &nbsp; ____________________________________________________________________________________ @15marches Agence de conseil en strat\u00e9gie et marketing des services (Rennes) @alexlampron Alexandre Lampron. Coord. actualit\u00e9 politique (Mont\u00e9r\u00e9gie, Qu\u00e9bec) @AllianceTransit Favoriser &hellip; <\/p>\n<p><a class=\"more-link btn\" href=\"https:\/\/mvt.qc.ca\/fr\/2013\/10\/totems-oct2013\/\">Lire la suite<\/a><\/p>\n","protected":false},"author":1,"featured_media":0,"comment_status":"open","ping_status":"open","sticky":false,"template":"","format":"standard","meta":{"footnotes":""},"categories":[1],"tags":[],"class_list":["post-5002","post","type-post","status-publish","format-standard","hentry","category-divers","nodate","item-wrap"],"_links":{"self":[{"href":"https:\/\/mvt.qc.ca\/fr\/wp-json\/wp\/v2\/posts\/5002","targetHints":{"allow":["GET"]}}],"collection":[{"href":"https:\/\/mvt.qc.ca\/fr\/wp-json\/wp\/v2\/posts"}],"about":[{"href":"https:\/\/mvt.qc.ca\/fr\/wp-json\/wp\/v2\/types\/post"}],"author":[{"embeddable":true,"href":"https:\/\/mvt.qc.ca\/fr\/wp-json\/wp\/v2\/users\/1"}],"replies":[{"embeddable":true,"href":"https:\/\/mvt.qc.ca\/fr\/wp-json\/wp\/v2\/comments?post=5002"}],"version-history":[{"count":14,"href":"https:\/\/mvt.qc.ca\/fr\/wp-json\/wp\/v2\/posts\/5002\/revisions"}],"predecessor-version":[{"id":7038,"href":"https:\/\/mvt.qc.ca\/fr\/wp-json\/wp\/v2\/posts\/5002\/revisions\/7038"}],"wp:attachment":[{"href":"https:\/\/mvt.qc.ca\/fr\/wp-json\/wp\/v2\/media?parent=5002"}],"wp:term":[{"taxonomy":"category","embeddable":true,"href":"https:\/\/mvt.qc.ca\/fr\/wp-json\/wp\/v2\/categories?post=5002"},{"taxonomy":"post_tag","embeddable":true,"href":"https:\/\/mvt.qc.ca\/fr\/wp-json\/wp\/v2\/tags?post=5002"}],"curies":[{"name":"wp","href":"https:\/\/api.w.org\/{rel}","templated":true}]}}