{"id":4961,"date":"2013-10-14T21:30:57","date_gmt":"2013-10-15T01:30:57","guid":{"rendered":"http:\/\/mvt.qc.ca\/fr\/?p=4961"},"modified":"2013-11-17T10:11:49","modified_gmt":"2013-11-17T14:11:49","slug":"als-montreal","status":"publish","type":"post","link":"https:\/\/mvt.qc.ca\/fr\/2013\/10\/als-montreal\/","title":{"rendered":"Deux syst\u00e8mes d&rsquo;automobiles en libre-service \u00e0 Montr\u00e9al"},"content":{"rendered":"<p style=\"text-align: justify;\">Au Canada, <strong><a href=\"https:\/\/www.car2go.com\">car2go<\/a> <\/strong>a fait son apparition \u00e0 Toronto, Calgary, Vancouver, et tr\u00e8s bient\u00f4t, ce service arrivera \u00e0 Montr\u00e9al. Cela a encourag\u00e9<strong> <a href=\"http:\/\/www.communauto.com\">Communauto<\/a><\/strong>, op\u00e9rateur historique, \u00e0 lancer son propre service d&rsquo;automobiles en libre-service, avec le souci de devancer ce concurrent potentiel : on a choisi une tarification \u00e0 la minute, \u00e0 l&rsquo;heure et \u00e0 la journ\u00e9e, selon les m\u00eames principes appliqu\u00e9s chez car2go.<\/p>\n<p style=\"text-align: justify;\">Cet \u00e9t\u00e9, <strong><a href=\"http:\/\/www.communauto.com\/auto-mobile\/\"><em>Auto Mobile<\/em><\/a><\/strong> a vu le jour, sous la forme d&rsquo;un projet-pilote. On voulait conna\u00eetre l&rsquo;impact de cette formule dans l&rsquo;arrondissement du Plateau Mont-Royal, l&rsquo;un des quartiers centraux de Montr\u00e9al, avant de g\u00e9n\u00e9raliser son d\u00e9ploiement. R\u00e9cemment, Communauto a publi\u00e9 un <a href=\"http:\/\/owl.li\/pOKWT\"><strong>rapport<\/strong><\/a> faisant \u00e9tat des premiers mois d&rsquo;exploitation du service.<\/p>\n<div id=\"attachment_4971\" style=\"width: 337px\" class=\"wp-caption alignleft\"><a href=\"http:\/\/owl.li\/pOKWT\"><img loading=\"lazy\" decoding=\"async\" aria-describedby=\"caption-attachment-4971\" class=\"wp-image-4971     \" src=\"https:\/\/mvt.qc.ca\/fr\/wp-content\/uploads\/2013\/10\/AutoMobile_ProjetPilote.png\" alt=\"Comment se seraient d\u00e9plac\u00e9s les usagers du projet-pilote d'auto en libre-service? Source : http:\/\/www.communauto.com\/auto-mobile\/rapport.pdf\" width=\"337\" height=\"252\" \/><\/a><p id=\"caption-attachment-4971\" class=\"wp-caption-text\">L&rsquo;influence de la disponibilit\u00e9 de l&rsquo;auto-mobile sur les autres moyens de transport. Source : http:\/\/owl.li\/pOKWT<\/p><\/div>\n<p style=\"text-align: justify;\">On y apprend que les d\u00e9placements r\u00e9alis\u00e9s \u00e0 bord d&rsquo;une automobile en libre-service rempla\u00e7aient essentiellement des trajets en transports collectifs (28%), des d\u00e9placements non-motoris\u00e9s (23%, en combinant la marche, l&rsquo;usage d&rsquo;un v\u00e9lo priv\u00e9 ou d&rsquo;un v\u00e9lo en libre-service), ou encore des d\u00e9placements qui n&rsquo;auraient pas eu lieu (11%).<\/p>\n<p style=\"text-align: justify;\">Pour 19% des trajets, ils auraient plut\u00f4t \u00e9t\u00e9 r\u00e9alis\u00e9s en auto-partage classique, en aller-retour. Cela conduira sans doute Communauto \u00e0 une r\u00e9vision de l&rsquo;affectation du parc automobile.<\/p>\n<p style=\"text-align: justify;\">L&rsquo;impact sur les services de taxi est relativement faible (11%), mais surtout, cette nouvelle offre aura convaincu encore peu de propri\u00e9taires, automobilistes ou motocyclistes, \u00e0 renoncer \u00e0 l&rsquo;usage de leur v\u00e9hicule (4%).<\/p>\n<p style=\"text-align: justify;\">Il est encore trop t\u00f4t pour juger des perspectives \u00e0 long terme de la disponibilit\u00e9 de ce nouveau service sur le taux de motorisation des m\u00e9nages du quartier, mais l&rsquo;objectif est affich\u00e9 : convaincre les citoyens que la possession d&rsquo;un v\u00e9hicule n&rsquo;est plus aussi pertinente, compte-tenu des solutions de rechange mises \u00e0 leur disposition. Passer d&rsquo;une logique de propri\u00e9t\u00e9, \u00e0 celle d&rsquo;un service partag\u00e9 et au b\u00e9n\u00e9fice du plus grand nombre.<\/p>\n<p style=\"text-align: justify;\">Est-ce que l&rsquo;arriv\u00e9e d&rsquo;un joueur additionnel contribuera \u00e0 l&rsquo;engorgement du r\u00e9seau routier, ou plut\u00f4t \u00e0 pousser un nombre suppl\u00e9mentaire d&rsquo;automobilistes \u00e0 abandonner leur propre v\u00e9hicule?<\/p>\n<p style=\"text-align: justify;\">Dans l&rsquo;article ci-dessous, car2go est d&rsquo;abord pr\u00e9sent\u00e9e comme une solution de rechange aux transports collectifs, plut\u00f4t que comme une autre fa\u00e7on d&rsquo;envisager la mobilit\u00e9 individuelle&#8230;<\/p>\n<div class=\"mceItemEmbedly\" style=\"max-width: 600px;max-width:600px;\" data-ajax=\"{'url':'http:\/\/www.autogo.ca\/actualite\/nouvelles-automobiles\/car2go-autopartage-sera-lance-a-montreal-en-novembre','width':'600','words':'35','height':null,'embed':'&lt;div class=\\&quot;embedly\\&quot; style=\\&quot;max-width:600px;max-height:nullpx\\&quot;&gt;&lt;img src=\\&quot;http:\/\/www.autogo.ca\/assets\/image\/car2go-2-1\\&quot; class=\\&quot;thumb embedly-thumbnail-small\\&quot; \/&gt;&lt;a class=\\'embedly-title\\' href=\\'http:\/\/www.autogo.ca\/actualite\/nouvelles-automobiles\/car2go-autopartage-sera-lance-a-montreal-en-novembre\\'&gt;Car2go autopartage sera lanc\\u00e9 \\u00e0 Montr\\u00e9al en novembre&lt;\/a&gt;Car2go autopartage, une entreprise qui est la propri\\u00e9t\\u00e9 de Daimler Am\\u00e9rique du Nord, va lancer son nouveau programme de partage automobile \\u00e9cologique \\u00e0 Montr\\u00e9al le 2 novembre prochain. Pour les Montr\\u00e9alais, il s\\'agit d\\'une nouvelle alternative unique au transport en commun.&lt;div class=\\&quot;embedly-clear\\&quot;&gt;&lt;\/div&gt;&lt;span class=\\&quot;embedly-powered\\&quot; style=\\&quot;float:right;display:block\\&quot;&gt;&lt;a target=\\&quot;_blank\\&quot; href=\\&quot;http:\/\/embed.ly?src=anywhere\\&quot; title=\\&quot;Powered by Embedly\\&quot;&gt;&lt;img src=\\&quot;\/\/static.embed.ly\/images\/logos\/embedly-powered-small-light.png\\&quot; alt=\\&quot;Embedly Powered\\&quot; \/&gt;&lt;\/a&gt;&lt;\/span&gt;&lt;div class=\\&quot;media-attribution\\&quot;&gt;&lt;span&gt;via &lt;\/span&gt;&lt;a href=\\&quot;http:\/\/www.autogo.ca\\&quot; class=\\&quot;media-attribution-link\\&quot; target=\\&quot;_blank\\&quot;&gt;Autogo&lt;\/a&gt;&lt;\/span&gt;&lt;\/div&gt;&lt;div class=\\&quot;embedly-clear\\&quot;&gt;&lt;\/div&gt;&lt;\/div&gt;'}\">\n<div class=\"embedly\" style=\"max-width:600px;max-height:nullpx\"><img decoding=\"async\" src=\"http:\/\/www.autogo.ca\/assets\/image\/car2go-2-1\" class=\"thumb embedly-thumbnail-small\" \/><a class='embedly-title' href='http:\/\/www.autogo.ca\/actualite\/nouvelles-automobiles\/car2go-autopartage-sera-lance-a-montreal-en-novembre'>Car2go autopartage sera lanc\u00e9 \u00e0 Montr\u00e9al en novembre<\/a>Car2go autopartage, une entreprise qui est la propri\u00e9t\u00e9 de Daimler Am\u00e9rique du Nord, va lancer son nouveau programme de partage automobile \u00e9cologique \u00e0 Montr\u00e9al le 2 novembre prochain. Pour les Montr\u00e9alais, il s&rsquo;agit d&rsquo;une nouvelle alternative unique au transport en commun.<\/p>\n<div class=\"embedly-clear\"><\/div>\n<p><span class=\"embedly-powered\" style=\"float:right;display:block\"><a target=\"_blank\" href=\"http:\/\/embed.ly?src=anywhere\" title=\"Powered by Embedly\"><img decoding=\"async\" src=\"\/\/static.embed.ly\/images\/logos\/embedly-powered-small-light.png\" alt=\"Embedly Powered\" \/><\/a><\/span><\/p>\n<div class=\"media-attribution\"><span>via <\/span><a href=\"http:\/\/www.autogo.ca\" class=\"media-attribution-link\" target=\"_blank\">Autogo<\/a><\/span><\/div>\n<div class=\"embedly-clear\"><\/div>\n<\/div>\n<\/div>\n<p style=\"text-align: justify;\">\n","protected":false},"excerpt":{"rendered":"<p>Au Canada, car2go a fait son apparition \u00e0 Toronto, Calgary, Vancouver, et tr\u00e8s bient\u00f4t, ce service arrivera \u00e0 Montr\u00e9al. Cela a encourag\u00e9 Communauto, op\u00e9rateur historique, \u00e0 lancer son propre service d&rsquo;automobiles en libre-service, avec le souci de devancer ce concurrent potentiel : on a choisi une tarification \u00e0 la minute, \u00e0 l&rsquo;heure et \u00e0 la &hellip; <\/p>\n<p><a class=\"more-link btn\" href=\"https:\/\/mvt.qc.ca\/fr\/2013\/10\/als-montreal\/\">Lire la suite<\/a><\/p>\n","protected":false},"author":1,"featured_media":0,"comment_status":"open","ping_status":"open","sticky":false,"template":"","format":"standard","meta":{"footnotes":""},"categories":[95,42],"tags":[501,99,499,500],"class_list":["post-4961","post","type-post","status-publish","format-standard","hentry","category-automobile","category-montreal","tag-auto-mobile","tag-autopartage","tag-car2go","tag-communauto","nodate","item-wrap"],"_links":{"self":[{"href":"https:\/\/mvt.qc.ca\/fr\/wp-json\/wp\/v2\/posts\/4961","targetHints":{"allow":["GET"]}}],"collection":[{"href":"https:\/\/mvt.qc.ca\/fr\/wp-json\/wp\/v2\/posts"}],"about":[{"href":"https:\/\/mvt.qc.ca\/fr\/wp-json\/wp\/v2\/types\/post"}],"author":[{"embeddable":true,"href":"https:\/\/mvt.qc.ca\/fr\/wp-json\/wp\/v2\/users\/1"}],"replies":[{"embeddable":true,"href":"https:\/\/mvt.qc.ca\/fr\/wp-json\/wp\/v2\/comments?post=4961"}],"version-history":[{"count":13,"href":"https:\/\/mvt.qc.ca\/fr\/wp-json\/wp\/v2\/posts\/4961\/revisions"}],"predecessor-version":[{"id":4981,"href":"https:\/\/mvt.qc.ca\/fr\/wp-json\/wp\/v2\/posts\/4961\/revisions\/4981"}],"wp:attachment":[{"href":"https:\/\/mvt.qc.ca\/fr\/wp-json\/wp\/v2\/media?parent=4961"}],"wp:term":[{"taxonomy":"category","embeddable":true,"href":"https:\/\/mvt.qc.ca\/fr\/wp-json\/wp\/v2\/categories?post=4961"},{"taxonomy":"post_tag","embeddable":true,"href":"https:\/\/mvt.qc.ca\/fr\/wp-json\/wp\/v2\/tags?post=4961"}],"curies":[{"name":"wp","href":"https:\/\/api.w.org\/{rel}","templated":true}]}}