{"id":4939,"date":"2013-10-08T21:00:52","date_gmt":"2013-10-09T01:00:52","guid":{"rendered":"http:\/\/mvt.qc.ca\/fr\/?p=4939"},"modified":"2013-10-08T22:13:51","modified_gmt":"2013-10-09T02:13:51","slug":"mobilite-espace-temps","status":"publish","type":"post","link":"https:\/\/mvt.qc.ca\/fr\/2013\/10\/mobilite-espace-temps\/","title":{"rendered":"La mobilit\u00e9, l&rsquo;am\u00e9nagement du territoire et&#8230; du temps"},"content":{"rendered":"<p style=\"text-align: justify;\">Quand on y pense, ce sont les ph\u00e9nom\u00e8nes de pointe qui dimensionnent nos infrastructures de transport : la largeur des routes, la grandeur des stationnements, la longueur des trains, le nombre d&rsquo;autobus&#8230;<\/p>\n<p style=\"text-align: justify;\">Comment \u00e9cr\u00eater les pointes? En s&rsquo;interrogeant d\u00e9j\u00e0 sur l&rsquo;organisation temporelle des principaux g\u00e9n\u00e9rateurs de d\u00e9placements. Le concept de \u00ab\u00a0bureau des temps\u00a0\u00bb est en \u00e9mergence, depuis une dizaine d&rsquo;ann\u00e9es au moins.<\/p>\n<p style=\"text-align: justify;\">\u00c0 Poitiers, Paris, Rennes, Lyon, et bien d&rsquo;autres villes europ\u00e9ennes, les heures de fonctionnement des entreprises, commerces et institutions sont dans la mire. Au Qu\u00e9bec, l&rsquo;Agence des temps de la MRC de Charlevoix-Est met l&rsquo;accent sur la conciliation travail-famille. Bref, l&rsquo;id\u00e9e fait son chemin!<\/p>\n<div class=\"mceItemEmbedly\" style=\"max-width: 600px;max-width:600px;\" data-ajax=\"{'url':'http:\/\/www.lapresse.ca\/le-soleil\/actualites\/transports\/201310\/04\/01-4696770-cinq-pistes-pour-mieux-organiser-le-temps-a-quebec.php?utm_categorieinterne=trafficdrivers','width':'600','words':'40','height':null,'embed':'&lt;div class=\\&quot;embedly\\&quot; style=\\&quot;max-width:600px;max-height:nullpx\\&quot;&gt;&lt;img src=\\&quot;http:\/\/images.lpcdn.ca\/435x290\/201310\/04\/753134-avant-elargir-routes-on-pourrait.jpg\\&quot; class=\\&quot;thumb embedly-thumbnail-small\\&quot; \/&gt;&lt;a class=\\'embedly-title\\' href=\\'http:\/\/www.lapresse.ca\/le-soleil\/actualites\/transports\/201310\/04\/01-4696770-cinq-pistes-pour-mieux-organiser-le-temps-a-quebec.php?utm_categorieinterne=trafficdrivers\\'&gt;Cinq pistes pour mieux organiser le temps \\u00e0 Qu\\u00e9bec&lt;\/a&gt;(Qu\\u00e9bec) Le Plan de mobilit\\u00e9 de l\\'administration Labeaume reste \\u00e0 moyen et long terme une excellente orientation pour Qu\\u00e9bec. Ce plan est cependant impuissant pour le court terme, car il implique de transformer la ville et des infrastructures de transport.&lt;div class=\\&quot;embedly-clear\\&quot;&gt;&lt;\/div&gt;&lt;span class=\\&quot;embedly-powered\\&quot; style=\\&quot;float:right;display:block\\&quot;&gt;&lt;a target=\\&quot;_blank\\&quot; href=\\&quot;http:\/\/embed.ly?src=anywhere\\&quot; title=\\&quot;Powered by Embedly\\&quot;&gt;&lt;img src=\\&quot;\/\/static.embed.ly\/images\/logos\/embedly-powered-small-light.png\\&quot; alt=\\&quot;Embedly Powered\\&quot; \/&gt;&lt;\/a&gt;&lt;\/span&gt;&lt;div class=\\&quot;media-attribution\\&quot;&gt;&lt;span&gt;via &lt;\/span&gt;&lt;a href=\\&quot;http:\/\/www.lapresse.ca\\&quot; class=\\&quot;media-attribution-link\\&quot; target=\\&quot;_blank\\&quot;&gt;Lapresse&lt;\/a&gt;&lt;\/span&gt;&lt;\/div&gt;&lt;div class=\\&quot;embedly-clear\\&quot;&gt;&lt;\/div&gt;&lt;\/div&gt;'}\">\n<div class=\"embedly\" style=\"max-width:600px;max-height:nullpx\"><img decoding=\"async\" src=\"http:\/\/images.lpcdn.ca\/435x290\/201310\/04\/753134-avant-elargir-routes-on-pourrait.jpg\" class=\"thumb embedly-thumbnail-small\" \/><a class='embedly-title' href='http:\/\/www.lapresse.ca\/le-soleil\/actualites\/transports\/201310\/04\/01-4696770-cinq-pistes-pour-mieux-organiser-le-temps-a-quebec.php?utm_categorieinterne=trafficdrivers'>Cinq pistes pour mieux organiser le temps \u00e0 Qu\u00e9bec<\/a>(Qu\u00e9bec) Le Plan de mobilit\u00e9 de l&rsquo;administration Labeaume reste \u00e0 moyen et long terme une excellente orientation pour Qu\u00e9bec. Ce plan est cependant impuissant pour le court terme, car il implique de transformer la ville et des infrastructures de transport.<\/p>\n<div class=\"embedly-clear\"><\/div>\n<p><span class=\"embedly-powered\" style=\"float:right;display:block\"><a target=\"_blank\" href=\"http:\/\/embed.ly?src=anywhere\" title=\"Powered by Embedly\"><img decoding=\"async\" src=\"\/\/static.embed.ly\/images\/logos\/embedly-powered-small-light.png\" alt=\"Embedly Powered\" \/><\/a><\/span><\/p>\n<div class=\"media-attribution\"><span>via <\/span><a href=\"http:\/\/www.lapresse.ca\" class=\"media-attribution-link\" target=\"_blank\">Lapresse<\/a><\/span><\/div>\n<div class=\"embedly-clear\"><\/div>\n<\/div>\n<\/div>\n<div class=\"mceItemEmbedly\" style=\"max-width: 600px;max-width:600px;\" data-ajax=\"{'url':'http:\/\/www.lapresse.ca\/le-soleil\/dossiers\/elections-municipales\/elections-a-quebec\/201310\/04\/01-4696769-a-la-recherche-du-temps-perdu.php?utm_categorieinterne=trafficdrivers&amp;utm_contenuinterne=cyberpresse_vous_suggere_4696770_article_POS1','width':'600','words':'40','height':null,'embed':'&lt;div class=\\&quot;embedly\\&quot; style=\\&quot;max-width:600px;max-height:nullpx\\&quot;&gt;&lt;img src=\\&quot;http:\/\/images.lpcdn.ca\/435x290\/201310\/04\/753133-soixante-millions-annee-cout-congestion.jpg\\&quot; class=\\&quot;thumb embedly-thumbnail-small\\&quot; \/&gt;&lt;a class=\\'embedly-title\\' href=\\'http:\/\/www.lapresse.ca\/le-soleil\/dossiers\/elections-municipales\/elections-a-quebec\/201310\/04\/01-4696769-a-la-recherche-du-temps-perdu.php?utm_categorieinterne=trafficdrivers&amp;utm_contenuinterne=cyberpresse_vous_suggere_4696770_article_POS1\\'&gt;\\u00c0 la recherche du temps perdu&lt;\/a&gt;Soixante millions $ par ann\\u00e9e est le co\\u00fbt de la congestion \\u00e0 Qu\\u00e9bec pour la perte de productivit\\u00e9, l\\'essence gaspill\\u00e9e et la pollution, selon le Groupe de travail sur les transports urbains au Canada. (Qu\\u00e9bec) D\\u00e9placements. Densification. D\\u00e9penses.&lt;div class=\\&quot;embedly-clear\\&quot;&gt;&lt;\/div&gt;&lt;span class=\\&quot;embedly-powered\\&quot; style=\\&quot;float:right;display:block\\&quot;&gt;&lt;a target=\\&quot;_blank\\&quot; href=\\&quot;http:\/\/embed.ly?src=anywhere\\&quot; title=\\&quot;Powered by Embedly\\&quot;&gt;&lt;img src=\\&quot;\/\/static.embed.ly\/images\/logos\/embedly-powered-small-light.png\\&quot; alt=\\&quot;Embedly Powered\\&quot; \/&gt;&lt;\/a&gt;&lt;\/span&gt;&lt;div class=\\&quot;media-attribution\\&quot;&gt;&lt;span&gt;via &lt;\/span&gt;&lt;a href=\\&quot;http:\/\/www.lapresse.ca\\&quot; class=\\&quot;media-attribution-link\\&quot; target=\\&quot;_blank\\&quot;&gt;Lapresse&lt;\/a&gt;&lt;\/span&gt;&lt;\/div&gt;&lt;div class=\\&quot;embedly-clear\\&quot;&gt;&lt;\/div&gt;&lt;\/div&gt;'}\">\n<div class=\"embedly\" style=\"max-width:600px;max-height:nullpx\"><img decoding=\"async\" src=\"http:\/\/images.lpcdn.ca\/435x290\/201310\/04\/753133-soixante-millions-annee-cout-congestion.jpg\" class=\"thumb embedly-thumbnail-small\" \/><a class='embedly-title' href='http:\/\/www.lapresse.ca\/le-soleil\/dossiers\/elections-municipales\/elections-a-quebec\/201310\/04\/01-4696769-a-la-recherche-du-temps-perdu.php?utm_categorieinterne=trafficdrivers&#038;utm_contenuinterne=cyberpresse_vous_suggere_4696770_article_POS1'>\u00c0 la recherche du temps perdu<\/a>Soixante millions $ par ann\u00e9e est le co\u00fbt de la congestion \u00e0 Qu\u00e9bec pour la perte de productivit\u00e9, l&rsquo;essence gaspill\u00e9e et la pollution, selon le Groupe de travail sur les transports urbains au Canada. (Qu\u00e9bec) D\u00e9placements. Densification. D\u00e9penses.<\/p>\n<div class=\"embedly-clear\"><\/div>\n<p><span class=\"embedly-powered\" style=\"float:right;display:block\"><a target=\"_blank\" href=\"http:\/\/embed.ly?src=anywhere\" title=\"Powered by Embedly\"><img decoding=\"async\" src=\"\/\/static.embed.ly\/images\/logos\/embedly-powered-small-light.png\" alt=\"Embedly Powered\" \/><\/a><\/span><\/p>\n<div class=\"media-attribution\"><span>via <\/span><a href=\"http:\/\/www.lapresse.ca\" class=\"media-attribution-link\" target=\"_blank\">Lapresse<\/a><\/span><\/div>\n<div class=\"embedly-clear\"><\/div>\n<\/div>\n<\/div>\n","protected":false},"excerpt":{"rendered":"<p>Quand on y pense, ce sont les ph\u00e9nom\u00e8nes de pointe qui dimensionnent nos infrastructures de transport : la largeur des routes, la grandeur des stationnements, la longueur des trains, le nombre d&rsquo;autobus&#8230; Comment \u00e9cr\u00eater les pointes? En s&rsquo;interrogeant d\u00e9j\u00e0 sur l&rsquo;organisation temporelle des principaux g\u00e9n\u00e9rateurs de d\u00e9placements. Le concept de \u00ab\u00a0bureau des temps\u00a0\u00bb est en &hellip; <\/p>\n<p><a class=\"more-link btn\" href=\"https:\/\/mvt.qc.ca\/fr\/2013\/10\/mobilite-espace-temps\/\">Lire la suite<\/a><\/p>\n","protected":false},"author":1,"featured_media":0,"comment_status":"open","ping_status":"open","sticky":false,"template":"","format":"standard","meta":{"footnotes":""},"categories":[493,494],"tags":[495,496,498,497],"class_list":["post-4939","post","type-post","status-publish","format-standard","hentry","category-amenagement-du-territoire","category-organisation-temporelle","tag-amenagement-du-territoire-2","tag-bureau-des-temps","tag-espace-temps","tag-organisation-spatio-temporelle","nodate","item-wrap"],"_links":{"self":[{"href":"https:\/\/mvt.qc.ca\/fr\/wp-json\/wp\/v2\/posts\/4939","targetHints":{"allow":["GET"]}}],"collection":[{"href":"https:\/\/mvt.qc.ca\/fr\/wp-json\/wp\/v2\/posts"}],"about":[{"href":"https:\/\/mvt.qc.ca\/fr\/wp-json\/wp\/v2\/types\/post"}],"author":[{"embeddable":true,"href":"https:\/\/mvt.qc.ca\/fr\/wp-json\/wp\/v2\/users\/1"}],"replies":[{"embeddable":true,"href":"https:\/\/mvt.qc.ca\/fr\/wp-json\/wp\/v2\/comments?post=4939"}],"version-history":[{"count":7,"href":"https:\/\/mvt.qc.ca\/fr\/wp-json\/wp\/v2\/posts\/4939\/revisions"}],"predecessor-version":[{"id":4946,"href":"https:\/\/mvt.qc.ca\/fr\/wp-json\/wp\/v2\/posts\/4939\/revisions\/4946"}],"wp:attachment":[{"href":"https:\/\/mvt.qc.ca\/fr\/wp-json\/wp\/v2\/media?parent=4939"}],"wp:term":[{"taxonomy":"category","embeddable":true,"href":"https:\/\/mvt.qc.ca\/fr\/wp-json\/wp\/v2\/categories?post=4939"},{"taxonomy":"post_tag","embeddable":true,"href":"https:\/\/mvt.qc.ca\/fr\/wp-json\/wp\/v2\/tags?post=4939"}],"curies":[{"name":"wp","href":"https:\/\/api.w.org\/{rel}","templated":true}]}}