{"id":4760,"date":"2013-09-08T15:00:18","date_gmt":"2013-09-08T19:00:18","guid":{"rendered":"http:\/\/mvt.tc\/fr\/?p=4760"},"modified":"2013-09-08T16:10:46","modified_gmt":"2013-09-08T20:10:46","slug":"pont-raymond-barre","status":"publish","type":"post","link":"https:\/\/mvt.qc.ca\/fr\/2013\/09\/pont-raymond-barre\/","title":{"rendered":"Un pont r\u00e9serv\u00e9 aux tramways, v\u00e9los et pi\u00e9tons"},"content":{"rendered":"<p style=\"text-align: justify;\">\u00c0 Lyon, le pont Raymond-Barre a \u00e9t\u00e9 mis en place! Assembl\u00e9 sur la rive, \u00e0 environ un kilom\u00e8tre, il a ensuite \u00e9t\u00e9 transport\u00e9 par barge jusqu&rsquo;au lieu o\u00f9 il franchira le Rh\u00f4ne.<\/p>\n<p style=\"text-align: justify;\">[osm_map lat=\u00a0\u00bb45.732&Prime; long=\u00a0\u00bb4.82&Prime; zoom=\u00a0\u00bb15&Prime; width=\u00a0\u00bb600&Prime; height=\u00a0\u00bb187&Prime; marker=\u00a0\u00bb45.73261,4.82035&Prime; marker_name=\u00a0\u00bbwpttemp-green.png\u00a0\u00bb]<\/p>\n<p style=\"text-align: justify;\">Une particularit\u00e9 de ce pont : il sera r\u00e9serv\u00e9 exclusivement aux tramways, v\u00e9los et pi\u00e9tons. Il mesure 170 m\u00e8tres de long, 30 m de haut, entre 17 et 20 m\u00e8tres de large et il p\u00e8se 2 600 tonnes.<\/p>\n<p style=\"text-align: justify;\">La ligne T1 pourra ainsi \u00eatre prolong\u00e9e de la station <em>H\u00f4tel de R\u00e9gion &#8211; Montrochet<\/em> vers la station <em>Debourg<\/em>, permettant ainsi une correspondance avec la ligne B du m\u00e9tro. Ouverture pr\u00e9vue en f\u00e9vrier 2014.<\/p>\n<div class=\"mceItemEmbedly\" style=\"max-width: 600px;max-width:600px;\" data-ajax=\"{'url':'http:\/\/www.youtube.com\/watch?v=kpCHPaxGLVk#t=41','width':'600','words':'40','height':null,'embed':'&lt;div class=\\&quot;embedly\\&quot; style=\\&quot;max-width:600px;max-height:nullpx\\&quot;&gt;&lt;iframe width=\\&quot;600\\&quot; height=\\&quot;450\\&quot; src=\\&quot;http:\/\/www.youtube.com\/embed\/kpCHPaxGLVk?feature=oembed&amp;start=41\\&quot; frameborder=\\&quot;0\\&quot; allowfullscreen&gt;&lt;\/iframe&gt;&lt;div class=\\&quot;embedly-clear\\&quot;&gt;&lt;\/div&gt;&lt;span class=\\&quot;embedly-powered\\&quot; style=\\&quot;float:right;display:block\\&quot;&gt;&lt;a target=\\&quot;_blank\\&quot; href=\\&quot;http:\/\/embed.ly?src=anywhere\\&quot; title=\\&quot;Powered by Embedly\\&quot;&gt;&lt;img src=\\&quot;\/\/static.embed.ly\/images\/logos\/embedly-powered-small-light.png\\&quot; alt=\\&quot;Embedly Powered\\&quot; \/&gt;&lt;\/a&gt;&lt;\/span&gt;&lt;div class=\\&quot;media-attribution\\&quot;&gt;&lt;span&gt;via &lt;\/span&gt;&lt;a href=\\&quot;http:\/\/www.youtube.com\/\\&quot; class=\\&quot;media-attribution-link\\&quot; target=\\&quot;_blank\\&quot;&gt;YouTube&lt;\/a&gt;&lt;\/span&gt;&lt;\/div&gt;&lt;div class=\\&quot;embedly-clear\\&quot;&gt;&lt;\/div&gt;&lt;\/div&gt;'}\">\n<div class=\"embedly\" style=\"max-width:600px;max-height:nullpx\"><iframe loading=\"lazy\" width=\"600\" height=\"450\" src=\"http:\/\/www.youtube.com\/embed\/kpCHPaxGLVk?feature=oembed&#038;start=41\" frameborder=\"0\" allowfullscreen><\/iframe><\/p>\n<div class=\"embedly-clear\"><\/div>\n<p><span class=\"embedly-powered\" style=\"float:right;display:block\"><a target=\"_blank\" href=\"http:\/\/embed.ly?src=anywhere\" title=\"Powered by Embedly\"><img decoding=\"async\" src=\"\/\/static.embed.ly\/images\/logos\/embedly-powered-small-light.png\" alt=\"Embedly Powered\" \/><\/a><\/span><\/p>\n<div class=\"media-attribution\"><span>via <\/span><a href=\"http:\/\/www.youtube.com\/\" class=\"media-attribution-link\" target=\"_blank\">YouTube<\/a><\/span><\/div>\n<div class=\"embedly-clear\"><\/div>\n<\/div>\n<\/div>\n<p>&nbsp;<\/p>\n<div class=\"mceItemEmbedly\" style=\"max-width: 600px;max-width:600px;\" data-ajax=\"{'url':'http:\/\/www.magazine.grandlyon.com\/2013\/09\/04\/pont-raymond-barre-le-tablier-est-pose\/','width':'600','words':'40','height':null,'embed':'&lt;div class=\\&quot;embedly\\&quot; style=\\&quot;max-width:600px;max-height:nullpx\\&quot;&gt;&lt;img src=\\&quot;http:\/\/www.magazine.grandlyon.com\/wp-content\/blogs.dir\/19\/files\/cache\/1191_crop_584x289_pontraymondbarre_sytral_nicolasrobin.jpg\\&quot; class=\\&quot;thumb embedly-thumbnail-small\\&quot; \/&gt;&lt;a class=\\'embedly-title\\' href=\\'http:\/\/www.magazine.grandlyon.com\/2013\/09\/04\/pont-raymond-barre-le-tablier-est-pose\/\\'&gt;Pont Raymond Barre : le tablier est pos\\u00e9 !&lt;\/a&gt;Pont Raymond Barre : le tablier est pos\\u00e9 ! Pont Raymond Barre : le tablier a \\u00e9t\\u00e9 install\\u00e9 apr\\u00e8s de spectaculaires manipulations de rotation et de d\\u00e9pose sur les piles qui le soutiennent, mardi 3 septembre.&lt;div class=\\&quot;embedly-clear\\&quot;&gt;&lt;\/div&gt;&lt;span class=\\&quot;embedly-powered\\&quot; style=\\&quot;float:right;display:block\\&quot;&gt;&lt;a target=\\&quot;_blank\\&quot; href=\\&quot;http:\/\/embed.ly?src=anywhere\\&quot; title=\\&quot;Powered by Embedly\\&quot;&gt;&lt;img src=\\&quot;\/\/static.embed.ly\/images\/logos\/embedly-powered-small-light.png\\&quot; alt=\\&quot;Embedly Powered\\&quot; \/&gt;&lt;\/a&gt;&lt;\/span&gt;&lt;div class=\\&quot;media-attribution\\&quot;&gt;&lt;span&gt;via &lt;\/span&gt;&lt;a href=\\&quot;http:\/\/www.magazine.grandlyon.com\\&quot; class=\\&quot;media-attribution-link\\&quot; target=\\&quot;_blank\\&quot;&gt;Grandlyon&lt;\/a&gt;&lt;\/span&gt;&lt;\/div&gt;&lt;div class=\\&quot;embedly-clear\\&quot;&gt;&lt;\/div&gt;&lt;\/div&gt;'}\">\n<div class=\"embedly\" style=\"max-width:600px;max-height:nullpx\"><img decoding=\"async\" src=\"http:\/\/www.magazine.grandlyon.com\/wp-content\/blogs.dir\/19\/files\/cache\/1191_crop_584x289_pontraymondbarre_sytral_nicolasrobin.jpg\" class=\"thumb embedly-thumbnail-small\" \/><a class='embedly-title' href='http:\/\/www.magazine.grandlyon.com\/2013\/09\/04\/pont-raymond-barre-le-tablier-est-pose\/'>Pont Raymond Barre : le tablier est pos\u00e9 !<\/a>Pont Raymond Barre : le tablier est pos\u00e9 ! Pont Raymond Barre : le tablier a \u00e9t\u00e9 install\u00e9 apr\u00e8s de spectaculaires manipulations de rotation et de d\u00e9pose sur les piles qui le soutiennent, mardi 3 septembre.<\/p>\n<div class=\"embedly-clear\"><\/div>\n<p><span class=\"embedly-powered\" style=\"float:right;display:block\"><a target=\"_blank\" href=\"http:\/\/embed.ly?src=anywhere\" title=\"Powered by Embedly\"><img decoding=\"async\" src=\"\/\/static.embed.ly\/images\/logos\/embedly-powered-small-light.png\" alt=\"Embedly Powered\" \/><\/a><\/span><\/p>\n<div class=\"media-attribution\"><span>via <\/span><a href=\"http:\/\/www.magazine.grandlyon.com\" class=\"media-attribution-link\" target=\"_blank\">Grandlyon<\/a><\/span><\/div>\n<div class=\"embedly-clear\"><\/div>\n<\/div>\n<\/div>\n<p>&nbsp;<\/p>\n","protected":false},"excerpt":{"rendered":"<p>\u00c0 Lyon, le pont Raymond-Barre a \u00e9t\u00e9 mis en place! Assembl\u00e9 sur la rive, \u00e0 environ un kilom\u00e8tre, il a ensuite \u00e9t\u00e9 transport\u00e9 par barge jusqu&rsquo;au lieu o\u00f9 il franchira le Rh\u00f4ne. [osm_map lat=\u00a0\u00bb45.732&Prime; long=\u00a0\u00bb4.82&Prime; zoom=\u00a0\u00bb15&Prime; width=\u00a0\u00bb600&Prime; height=\u00a0\u00bb187&Prime; marker=\u00a0\u00bb45.73261,4.82035&Prime; marker_name=\u00a0\u00bbwpttemp-green.png\u00a0\u00bb] Une particularit\u00e9 de ce pont : il sera r\u00e9serv\u00e9 exclusivement aux tramways, v\u00e9los et pi\u00e9tons. &hellip; <\/p>\n<p><a class=\"more-link btn\" href=\"https:\/\/mvt.qc.ca\/fr\/2013\/09\/pont-raymond-barre\/\">Lire la suite<\/a><\/p>\n","protected":false},"author":1,"featured_media":0,"comment_status":"open","ping_status":"open","sticky":false,"template":"","format":"standard","meta":{"footnotes":""},"categories":[16,231,13,15],"tags":[490,626,488,489,487,492,491,65],"class_list":["post-4760","post","type-post","status-publish","format-standard","hentry","category-a-pied","category-lyon","category-tramway","category-velo","tag-cyclistes","tag-lyon","tag-passerelle","tag-pietons","tag-pont","tag-rhone","tag-tcl","tag-tramway-2","nodate","item-wrap"],"_links":{"self":[{"href":"https:\/\/mvt.qc.ca\/fr\/wp-json\/wp\/v2\/posts\/4760","targetHints":{"allow":["GET"]}}],"collection":[{"href":"https:\/\/mvt.qc.ca\/fr\/wp-json\/wp\/v2\/posts"}],"about":[{"href":"https:\/\/mvt.qc.ca\/fr\/wp-json\/wp\/v2\/types\/post"}],"author":[{"embeddable":true,"href":"https:\/\/mvt.qc.ca\/fr\/wp-json\/wp\/v2\/users\/1"}],"replies":[{"embeddable":true,"href":"https:\/\/mvt.qc.ca\/fr\/wp-json\/wp\/v2\/comments?post=4760"}],"version-history":[{"count":24,"href":"https:\/\/mvt.qc.ca\/fr\/wp-json\/wp\/v2\/posts\/4760\/revisions"}],"predecessor-version":[{"id":4784,"href":"https:\/\/mvt.qc.ca\/fr\/wp-json\/wp\/v2\/posts\/4760\/revisions\/4784"}],"wp:attachment":[{"href":"https:\/\/mvt.qc.ca\/fr\/wp-json\/wp\/v2\/media?parent=4760"}],"wp:term":[{"taxonomy":"category","embeddable":true,"href":"https:\/\/mvt.qc.ca\/fr\/wp-json\/wp\/v2\/categories?post=4760"},{"taxonomy":"post_tag","embeddable":true,"href":"https:\/\/mvt.qc.ca\/fr\/wp-json\/wp\/v2\/tags?post=4760"}],"curies":[{"name":"wp","href":"https:\/\/api.w.org\/{rel}","templated":true}]}}