{"id":4751,"date":"2013-09-07T20:00:39","date_gmt":"2013-09-08T00:00:39","guid":{"rendered":"http:\/\/mvt.tc\/fr\/?p=4751"},"modified":"2014-07-06T20:58:21","modified_gmt":"2014-07-07T00:58:21","slug":"totems-aoutsept2013","status":"publish","type":"post","link":"https:\/\/mvt.qc.ca\/fr\/2013\/09\/totems-aoutsept2013\/","title":{"rendered":"T.O.T.E.M.S. \/\/ 08-09.2013"},"content":{"rendered":"<p><img loading=\"lazy\" decoding=\"async\" class=\"alignleft\" src=\"https:\/\/mvt.qc.ca\/fr\/wp-content\/uploads\/2013\/05\/TOTEM1-231x300.png\" alt=\"TOTEM\" width=\"231\" height=\"300\" \/><\/p>\n<p>D\u00e9couvrez les comptes Twitter interactifs avec <a href=\"http:\/\/twitter.com\/mvt_tc\">@mvt_tc<\/a>!<\/p>\n<p>Une occasion de r\u00e9seauter avec des partenaires situ\u00e9s de part et d&rsquo;autre de l&rsquo;Atlantique&#8230;et plus loin parfois!<\/p>\n<p>Ce tableau sera augment\u00e9 \u00e0 mesure, selon vos interactions.<\/p>\n<p><span style=\"color: #000080;\"><strong><span style=\"color: #008000;\">\u255e T<\/span>ransports<\/strong><\/span><br \/>\n<span style=\"color: #000080;\"> <strong><span style=\"color: #008000;\">\u255e O<\/span>rganisations<br \/>\n<span style=\"color: #008000;\">\u255e T<\/span>erritoire<br \/>\n<span style=\"color: #008000;\">\u255e E<\/span>nvironnement et \u00e9nergie<\/strong><\/span><br \/>\n<span style=\"color: #000080;\"> <strong><span style=\"color: #008000;\">\u255e M<\/span>obilit\u00e9<br \/>\n<span style=\"color: #008000;\">\u255e S<\/span>oci\u00e9t\u00e9<\/strong><\/span><\/p>\n<p>\u00c9ditions ant\u00e9rieures :<br \/>\n2012 : <a title=\"T.O.T.E.M.S. \/\/ 10.2012\" href=\"https:\/\/mvt.qc.ca\/fr\/2012\/10\/totems\/\">Octobre &#8211; <\/a><a title=\"T.O.T.E.M.S. \/\/ 11.2012\" href=\"https:\/\/mvt.qc.ca\/fr\/2012\/11\/totems-nov12\/\">Novembre<\/a><a title=\"T.O.T.E.M.S. \/\/ 10.2012\" href=\"https:\/\/mvt.qc.ca\/fr\/2012\/10\/totems\/\"> &#8211; <\/a><a title=\"T.O.T.E.M.S. \/\/ 12.2012\" href=\"https:\/\/mvt.qc.ca\/fr\/2012\/12\/totems-dec12\/\">D\u00e9cembre<\/a><br \/>\n2013 : <a title=\"T.O.T.E.M.S. \/\/ 01.2013\" href=\"https:\/\/mvt.qc.ca\/fr\/2013\/01\/totems-jan13\/\">Janvier &#8211; <\/a><a title=\"T.O.T.E.M.S. \/\/ 02.2013\" href=\"https:\/\/mvt.qc.ca\/fr\/2013\/02\/totems-fev2013\/\">F\u00e9vrier &#8211; <\/a><a title=\"T.O.T.E.M.S. \/\/ 03.2013\" href=\"https:\/\/mvt.qc.ca\/fr\/2013\/03\/totems-mar2013\/\">Mars &#8211; <\/a><a title=\"T.O.T.E.M.S. \/\/ 04.2013\" href=\"https:\/\/mvt.qc.ca\/fr\/2013\/04\/totems-avr2013\/\">Avril<\/a> <a title=\"T.O.T.E.M.S. \/\/ 05.2013\" href=\"https:\/\/mvt.qc.ca\/fr\/2013\/05\/totems-mai2013\/\">&#8211; Mai <\/a><a title=\"T.O.T.E.M.S. \/\/ 05.2013\" href=\"https:\/\/mvt.qc.ca\/fr\/2013\/05\/totems-mai2013\/\">&#8211; <\/a><a title=\"T.O.T.E.M.S. \/\/ 06.2013\" href=\"https:\/\/mvt.qc.ca\/fr\/2013\/06\/totems-juin2013\/\">Juin<\/a><a title=\"T.O.T.E.M.S. \/\/ 07.2013\" href=\"https:\/\/mvt.qc.ca\/fr\/2013\/07\/totems-juil2013\/\"> &#8211; Juillet<\/a><\/p>\n<p>Au plaisir de vous lire!<\/p>\n<p>____________________________________________________________________________________<\/p>\n<p>&nbsp;<\/p>\n<table border=\"0\" cellspacing=\"0\">\n<colgroup width=\"140\"><\/colgroup>\n<colgroup width=\"536\"><\/colgroup>\n<tbody>\n<tr>\n<td align=\"LEFT\" height=\"17\"><a href=\"http:\/\/twitter.com\/15marches\">@15marches<\/a><\/td>\n<td align=\"LEFT\">Agence de conseil en strat\u00e9gie et marketing des services (Rennes)<\/td>\n<\/tr>\n<tr>\n<td align=\"LEFT\" height=\"20\"><a href=\"http:\/\/twitter.com\/alexlampron\">@alexlampron<\/a><\/td>\n<td align=\"LEFT\">Alexandre Lampron. Coord. actualit\u00e9 politique (Mont\u00e9r\u00e9gie, Qu\u00e9bec)<\/td>\n<\/tr>\n<tr>\n<td align=\"LEFT\" height=\"20\"><a href=\"http:\/\/twitter.com\/arkanta\">@arkanta<\/a><\/td>\n<td align=\"LEFT\">Patrick Emeriau &#8211; Conseil et ing\u00e9nierie (Paris, Nice)<\/td>\n<\/tr>\n<tr>\n<td align=\"LEFT\" height=\"20\"><span style=\"color: #000000;\"><a href=\"http:\/\/twitter.com\/Arzhur2v\">@Arzhur2v<\/a><\/span><\/td>\n<td align=\"LEFT\"><span style=\"color: #000000;\"> Arthur Devay, tr\u00e9sorier et webmaster, HSF-TOGO France<\/span><\/td>\n<\/tr>\n<tr>\n<td align=\"LEFT\" height=\"20\"><span style=\"color: #000000;\"><a href=\"http:\/\/twitter.com\/AutopartageMtl\">@AutopartageMtl<\/a><\/span><\/td>\n<td align=\"LEFT\"><span style=\"color: #000000;\"> Information, promotion et \u00e9change sur l\u2019autopartage \u00e0 Montr\u00e9al<\/span><\/td>\n<\/tr>\n<tr>\n<td align=\"LEFT\" height=\"20\">@BenkiraneUrba<\/td>\n<td align=\"LEFT\">Benkirane Mohamed, urbaniste (Casablanca)<\/td>\n<\/tr>\n<tr>\n<td align=\"LEFT\" height=\"20\"><a href=\"http:\/\/twitter.com\/Breezcar_FR\">@Breezcar_FR<\/a><\/td>\n<td align=\"LEFT\">Guide d&rsquo;achat des v\u00e9hicules #\u00e9lectriques et #hybrides (Paris)<\/td>\n<\/tr>\n<tr>\n<td align=\"LEFT\" height=\"20\"><span style=\"color: #000000;\"><a href=\"http:\/\/twitter.com\/brunfal\">@brunfal<\/a><\/span><\/td>\n<td align=\"LEFT\"><span style=\"color: #000000;\"> Bruno Falardeau, urbanisme durable et transports collectifs (Montr\u00e9al)<\/span><\/td>\n<\/tr>\n<tr>\n<td align=\"LEFT\" height=\"20\"><span style=\"color: #000000;\"><a href=\"http:\/\/twitter.com\/catchthetrout\">@catchthetrout<\/a><\/span><\/td>\n<td align=\"LEFT\"><span style=\"color: #000000;\"> The Rural Overland Utility Transit (T.R.O.U.T.) &#8211; Bancroft, Ontario (Canada)<\/span><\/td>\n<\/tr>\n<tr>\n<td align=\"LEFT\" height=\"20\"><span style=\"color: #000000;\"><a href=\"http:\/\/twitter.com\/chgl95\">@chgl95<\/a><\/span><\/td>\n<td align=\"LEFT\"><span style=\"color: #000000;\"> Christian Grellier. Directeur Innovation de Bouygues Immobilier (Paris)<\/span><\/td>\n<\/tr>\n<tr>\n<td align=\"LEFT\" height=\"20\"><span style=\"color: #000000;\"><a href=\"http:\/\/twitter.com\/cjemelin\">@cjemelin<\/a><\/span><\/td>\n<td align=\"LEFT\"><span style=\"color: #000000;\"> Christophe Jemelin. Passionn\u00e9 de mobilit\u00e9 (Lausanne, Suisse)<\/span><\/td>\n<\/tr>\n<tr>\n<td align=\"LEFT\" height=\"20\"><a href=\"http:\/\/twitter.com\/D_Mauree\">@D_Mauree<\/a><\/td>\n<td align=\"LEFT\">Dasareden Mauree, Researcher ADEME (University of Strasbourg)<\/td>\n<\/tr>\n<tr>\n<td align=\"LEFT\" height=\"20\"><a href=\"http:\/\/twitter.com\/DeplacementsPro\">@DeplacementsPro<\/a><\/td>\n<td align=\"LEFT\">Marcel Levy, premier site d\u2019actualit\u00e9 du voyage d\u2019affaires (Paris)<\/td>\n<\/tr>\n<tr>\n<td align=\"LEFT\" height=\"20\"><a href=\"http:\/\/twitter.com\/EdortaBergua\">@EdortaBergua<\/a><\/td>\n<td align=\"LEFT\"><em>\u00a0Mugikortasun eta bizikletari buruzko ideiak (Donostia)<\/em><\/td>\n<\/tr>\n<tr>\n<td align=\"LEFT\" height=\"20\"><a href=\"http:\/\/twitter.com\/EFFIA_Synergies\">@EFFIA_Synergies<\/a><\/td>\n<td align=\"LEFT\">Conseil et services associ\u00e9s au transport de voyageurs (France)<\/td>\n<\/tr>\n<tr>\n<td align=\"LEFT\" height=\"20\"><a href=\"http:\/\/twitter.com\/ELRoroBeN\">@ELRoroBeN<\/a><\/td>\n<td align=\"LEFT\">Benjamin R\u00f6del, urbaniste (Bordeaux)<\/td>\n<\/tr>\n<tr>\n<td align=\"LEFT\" height=\"20\"><a href=\"http:\/\/twitter.com\/enertweets\">@enertweets<\/a><\/td>\n<td align=\"LEFT\">Soci\u00e9t\u00e9 des mus\u00e9es de sciences et technologies du Canada<\/td>\n<\/tr>\n<tr>\n<td align=\"LEFT\" height=\"20\"><a href=\"http:\/\/twitter.com\/FNAUT_officiel\">@FNAUT_officiel<\/a><\/td>\n<td align=\"LEFT\">F\u00e9d\u00e9ration Nationale des Associations d&rsquo;Usagers des Transports (France)<\/td>\n<\/tr>\n<tr>\n<td align=\"LEFT\" height=\"20\"><span style=\"color: #000000;\"><a href=\"http:\/\/twitter.com\/Fnaut_PdL\">@Fnaut_PdL<\/a><\/span><\/td>\n<td align=\"LEFT\"><span style=\"color: #000000;\"> FNAUT Pays de Loire (France)<\/span><\/td>\n<\/tr>\n<tr>\n<td align=\"LEFT\" height=\"20\"><a href=\"http:\/\/twitter.com\/FTFrance\">@FTFrance<\/a><\/td>\n<td align=\"LEFT\">Faiveley Brakes &#8211; Equipementier ferroviaire (Amiens)<\/td>\n<\/tr>\n<tr>\n<td align=\"LEFT\" height=\"20\"><span style=\"color: #000000;\"><a href=\"http:\/\/twitter.com\/jboutill\">@jboutill<\/a><\/span><\/td>\n<td align=\"LEFT\"><span style=\"color: #000000;\"> J\u00e9r\u00f4me Boutillier, mobilit\u00e9, #DD et nouvelles TI\u2026 (Orzens, Suisse)<\/span><\/td>\n<\/tr>\n<tr>\n<td align=\"LEFT\" height=\"20\"><a href=\"https:\/\/twitter.com\/jocbourb\">@jocbourb<\/a><\/td>\n<td align=\"LEFT\">Jocelyn Bourbonnais, veille m\u00e9diatique, red\u00e9ploiement de l&rsquo;info. (Montr\u00e9al)<\/td>\n<\/tr>\n<tr>\n<td align=\"LEFT\" height=\"20\"><a href=\"http:\/\/twitter.com\/Juliendelabaca\">@Juliendelabaca<\/a><\/td>\n<td align=\"LEFT\">Le Facilitateur de Mobilit\u00e9 (Aquitaine)<\/td>\n<\/tr>\n<tr>\n<td align=\"LEFT\" height=\"20\"><a href=\"http:\/\/twitter.com\/keoscopie\">@keoscopie<\/a><\/td>\n<td align=\"LEFT\">Observatoire permanent des modes de vie et de la mobilit\u00e9 de Keolis (Paris)<\/td>\n<\/tr>\n<tr>\n<td align=\"LEFT\" height=\"20\"><a href=\"http:\/\/twitter.com\/localstories1\">@localstories1<\/a><\/td>\n<td align=\"LEFT\">Digitalisation du transport #usages #offre #Transport #Digital (Paris)<\/td>\n<\/tr>\n<tr>\n<td align=\"LEFT\" height=\"20\"><a href=\"https:\/\/twitter.com\/M2tremblay\">@M2Tremblay<\/a><\/td>\n<td align=\"LEFT\">Michel Tremblay. Transport de personnes (r\u00e9gion de Montr\u00e9al)<\/td>\n<\/tr>\n<tr>\n<td align=\"LEFT\" height=\"20\"><a href=\"https:\/\/twitter.com\/MAGrimpe\">@MAGrimpe<\/a><\/td>\n<td align=\"LEFT\">Marc-Andr\u00e9 Grimpe. Mobilit\u00e9 durable-\u00e9ducation collaborative-urbanisme&#8230;<\/td>\n<\/tr>\n<tr>\n<td align=\"LEFT\" height=\"20\"><span style=\"color: #000000;\"><a href=\"http:\/\/twitter.com\/matseguin\">@matseguin<\/a><\/span><\/td>\n<td align=\"LEFT\"><span style=\"color: #000000;\"> Mathieu S\u00e9guin, cycliste urbain (Montr\u00e9al)<\/span><\/td>\n<\/tr>\n<tr>\n<td align=\"LEFT\" height=\"20\"><a href=\"https:\/\/twitter.com\/i\/redirect?url=https%3A%2F%2Ftwitter.com%2FMedMezghani&amp;sig=c1c2c59904a36389134bd03c015b6bbcf0436314&amp;uid=72715535&amp;iid=8b68b1fa-f79c-4b43-b81e-325c7ecfda3f&amp;nid=6+281&amp;t=1\">@MedMezghani<\/a><\/td>\n<td align=\"LEFT\">Mohamed Mezghani, Public Transport and Urban Mobility (France)<\/td>\n<\/tr>\n<tr>\n<td align=\"LEFT\" height=\"20\"><a href=\"http:\/\/twitter.com\/mobilityacademy\">@mobilityacademy<\/a><\/td>\n<td align=\"LEFT\">Think tank for future trends in mobility (Berne)<\/td>\n<\/tr>\n<tr>\n<td align=\"LEFT\" height=\"20\"><span style=\"color: #000000;\"><a href=\"https:\/\/twitter.com\/MonCherVelo\">@MonCherVelo<\/a><\/span><\/td>\n<td align=\"LEFT\"><span style=\"color: #000000;\"> Association de promotion du v\u00e9lo en tant que mode de transport (Bourges)<\/span><\/td>\n<\/tr>\n<tr>\n<td align=\"LEFT\" height=\"20\"><a href=\"http:\/\/twitter.com\/MrioGrnier\">@MrioGrnier<\/a><\/td>\n<td align=\"LEFT\">Mario Grenier, journaliste d\u00e9sabus\u00e9 et d\u00e9froqu\u00e9 (r\u00e9gion de Montr\u00e9al)<\/td>\n<\/tr>\n<tr>\n<td align=\"LEFT\" height=\"20\"><span style=\"color: #000000;\"><a href=\"http:\/\/twitter.com\/neleeta\">@neleeta<\/a><\/span><\/td>\n<td align=\"LEFT\"><span style=\"color: #000000;\"> Nella Saborit Estev, enginyer t\u00e8cnic d\u2019Obres P\u00fabliquea (Barcelona)<\/span><\/td>\n<\/tr>\n<tr>\n<td align=\"LEFT\" height=\"20\"><a href=\"https:\/\/twitter.com\/ParkNPlugVE\">@ParkNPlugVE<\/a><\/td>\n<td align=\"LEFT\">La solution de recharge pour l&rsquo;habitat collectif et les collectivit\u00e9s<\/td>\n<\/tr>\n<tr>\n<td align=\"LEFT\" height=\"20\"><a href=\"http:\/\/twitter.com\/pasqualelm\">@pasqualelm<\/a><\/td>\n<td align=\"LEFT\">Pasquale Lo Mascolo, transport en commun, v\u00e9lo, urbanisme&#8230; (Montr\u00e9al)<\/td>\n<\/tr>\n<tr>\n<td align=\"LEFT\" height=\"20\"><a href=\"https:\/\/twitter.com\/RValiasRV\">@RvaliasRV<\/a><\/td>\n<td align=\"LEFT\">Herv\u00e9 Dago, \u00e9nerg\u00e9ticien (\u00cele-de-France)<\/td>\n<\/tr>\n<tr>\n<td align=\"LEFT\" height=\"20\"><a href=\"https:\/\/twitter.com\/saavymarian\">@saavymarian<\/a><\/td>\n<td align=\"LEFT\">Marian Saavedra, Transportation professional&#8230; (Hamilton, Canada)<\/td>\n<\/tr>\n<tr>\n<td align=\"LEFT\" height=\"20\"><a href=\"https:\/\/twitter.com\/SLOCATCornie\">@SLOCATCornie<\/a><\/td>\n<td align=\"LEFT\">Cornie Huizenga. SloCaT (Shangha\u00ef)<\/td>\n<\/tr>\n<tr>\n<td align=\"LEFT\" height=\"20\"><a href=\"https:\/\/twitter.com\/Smart_Move\">@Smart_Move<\/a><\/td>\n<td align=\"LEFT\"><em> A global awareness campaign promoting a greater use of bus and coach&#8230;<\/em><\/td>\n<\/tr>\n<tr>\n<td align=\"LEFT\" height=\"20\"><span style=\"color: #000000;\">@snotpg_geneve<\/span><\/td>\n<td align=\"LEFT\"><span style=\"color: #000000;\"> Histoire &amp; actualit\u00e9s de la mobilit\u00e9 genevoise (Gen\u00e8ve)<\/span><\/td>\n<\/tr>\n<tr>\n<td align=\"LEFT\" height=\"20\"><a href=\"http:\/\/twitter.com\/stifoon\">@stifoon<\/a><\/td>\n<td align=\"LEFT\">Stephan Simart, responsable de l&rsquo;\u00e9quipe RO, Canal TP (Paris)<\/td>\n<\/tr>\n<tr>\n<td align=\"LEFT\" height=\"20\"><span style=\"color: #000000;\"><a href=\"http:\/\/twitter.com\/TdF__ademe\">@TdF__ademe<\/a><\/span><\/td>\n<td align=\"LEFT\"><span style=\"color: #000000;\"> Gabriel Plassat, ing\u00e9nieur Energies &amp; Prospectives, ADEME (France)<\/span><\/td>\n<\/tr>\n<tr>\n<td align=\"LEFT\" height=\"20\"><span style=\"color: #000000;\">@Tdurable<\/span><\/td>\n<td align=\"LEFT\"><span style=\"color: #000000;\"> Tout le transport, dans une perspective de d\u00e9veloppement durable (Qu\u00e9bec)<\/span><\/td>\n<\/tr>\n<tr>\n<td align=\"LEFT\" height=\"20\"><span style=\"color: #000000;\"><a href=\"http:\/\/twitter.com\/ThibaudDELETRAZ\">@ThibaudDELETRAZ<\/a><\/span><\/td>\n<td align=\"LEFT\"><span style=\"color: #000000;\"> Acteur de la relation client dans le domaine de la mobilit\u00e9 (France)<\/span><\/td>\n<\/tr>\n<tr>\n<td align=\"LEFT\" height=\"20\"><a href=\"http:\/\/twitter.com\/thomavenel\">@thomavenel<\/a><\/td>\n<td align=\"LEFT\">Thomas Avenel, #mobilit\u00e9urbaine #associatif #secteurmedicosocial (France)<\/td>\n<\/tr>\n<tr>\n<td align=\"LEFT\" height=\"20\"><a href=\"http:\/\/twitter.com\/Transactumedia\">@Transactumedia<\/a><\/td>\n<td align=\"LEFT\">Laurie M., actu transports \/ mobilit\u00e9 \/ NTIC (France)<\/td>\n<\/tr>\n<tr>\n<td align=\"LEFT\" height=\"20\"><a href=\"http:\/\/twitter.com\/TransportMobile\">@TransportMobile<\/a><\/td>\n<td align=\"LEFT\">Un \u0153il sur les transports du quotidien et de demain (France)<\/td>\n<\/tr>\n<tr>\n<td align=\"LEFT\" height=\"20\"><a href=\"http:\/\/twitter.com\/transportpublic\">@transportpublic<\/a><\/td>\n<td align=\"LEFT\">L\u2019Associaci\u00f3 per a la Promoci\u00f3 del Transport P\u00fablic (Barcelona)<\/td>\n<\/tr>\n<tr>\n<td align=\"LEFT\" height=\"20\"><a href=\"https:\/\/twitter.com\/UITPnews\">@UITPnews<\/a><\/td>\n<td align=\"LEFT\"><em> News channel of the International Association of Public Transport (UITP)<\/em><\/td>\n<\/tr>\n<tr>\n<td align=\"LEFT\" height=\"20\"><a href=\"http:\/\/twitter.com\/uvn_fnaut\">@uvn_fnaut<\/a><\/td>\n<td align=\"LEFT\">Union des Voyageurs du Nord (Nord \u2013 Pas-de-Calais)<\/td>\n<\/tr>\n<tr>\n<td align=\"LEFT\" height=\"20\"><a href=\"http:\/\/twitter.com\/veilleaction\">@veilleaction<\/a><\/td>\n<td align=\"LEFT\">Pour de saines habitudes de vie (Trois-Rivi\u00e8res)<\/td>\n<\/tr>\n<tr>\n<td align=\"LEFT\" height=\"20\"><a href=\"http:\/\/twitter.com\/Villescyclables\">@Villescyclables<\/a><\/td>\n<td align=\"LEFT\">Le club des villes et territoires cyclables (France)<\/td>\n<\/tr>\n<tr>\n<td align=\"LEFT\" height=\"20\"><a href=\"http:\/\/twitter.com\/vmullerfr\">@vmullerfr<\/a><\/td>\n<td align=\"LEFT\">Vincent Muller. Technologies innovantes et leurs usages (Paris)<\/td>\n<\/tr>\n<tr>\n<td align=\"LEFT\" height=\"20\"><span style=\"color: #000000;\"><a href=\"http:\/\/twitter.com\/XavierTackoen\">@XavierTackoen<\/a><\/span><\/td>\n<td align=\"LEFT\"><span style=\"color: #000000;\"> Managing Director of Espaces-Mobilit\u00e9s (Bruxelles)<\/span><\/td>\n<\/tr>\n<\/tbody>\n<\/table>\n<p>&nbsp;<\/p>\n","protected":false},"excerpt":{"rendered":"<p>D\u00e9couvrez les comptes Twitter interactifs avec @mvt_tc! Une occasion de r\u00e9seauter avec des partenaires situ\u00e9s de part et d&rsquo;autre de l&rsquo;Atlantique&#8230;et plus loin parfois! Ce tableau sera augment\u00e9 \u00e0 mesure, selon vos interactions. \u255e Transports \u255e Organisations \u255e Territoire \u255e Environnement et \u00e9nergie \u255e Mobilit\u00e9 \u255e Soci\u00e9t\u00e9 \u00c9ditions ant\u00e9rieures : 2012 : Octobre &#8211; Novembre &hellip; <\/p>\n<p><a class=\"more-link btn\" href=\"https:\/\/mvt.qc.ca\/fr\/2013\/09\/totems-aoutsept2013\/\">Lire la suite<\/a><\/p>\n","protected":false},"author":1,"featured_media":0,"comment_status":"open","ping_status":"open","sticky":false,"template":"","format":"standard","meta":{"footnotes":""},"categories":[1],"tags":[],"class_list":["post-4751","post","type-post","status-publish","format-standard","hentry","category-divers","nodate","item-wrap"],"_links":{"self":[{"href":"https:\/\/mvt.qc.ca\/fr\/wp-json\/wp\/v2\/posts\/4751","targetHints":{"allow":["GET"]}}],"collection":[{"href":"https:\/\/mvt.qc.ca\/fr\/wp-json\/wp\/v2\/posts"}],"about":[{"href":"https:\/\/mvt.qc.ca\/fr\/wp-json\/wp\/v2\/types\/post"}],"author":[{"embeddable":true,"href":"https:\/\/mvt.qc.ca\/fr\/wp-json\/wp\/v2\/users\/1"}],"replies":[{"embeddable":true,"href":"https:\/\/mvt.qc.ca\/fr\/wp-json\/wp\/v2\/comments?post=4751"}],"version-history":[{"count":15,"href":"https:\/\/mvt.qc.ca\/fr\/wp-json\/wp\/v2\/posts\/4751\/revisions"}],"predecessor-version":[{"id":5750,"href":"https:\/\/mvt.qc.ca\/fr\/wp-json\/wp\/v2\/posts\/4751\/revisions\/5750"}],"wp:attachment":[{"href":"https:\/\/mvt.qc.ca\/fr\/wp-json\/wp\/v2\/media?parent=4751"}],"wp:term":[{"taxonomy":"category","embeddable":true,"href":"https:\/\/mvt.qc.ca\/fr\/wp-json\/wp\/v2\/categories?post=4751"},{"taxonomy":"post_tag","embeddable":true,"href":"https:\/\/mvt.qc.ca\/fr\/wp-json\/wp\/v2\/tags?post=4751"}],"curies":[{"name":"wp","href":"https:\/\/api.w.org\/{rel}","templated":true}]}}