{"id":4598,"date":"2013-07-11T23:00:14","date_gmt":"2013-07-12T03:00:14","guid":{"rendered":"http:\/\/mvt.tc\/fr\/?p=4598"},"modified":"2014-07-06T20:58:21","modified_gmt":"2014-07-07T00:58:21","slug":"totems-juil2013","status":"publish","type":"post","link":"https:\/\/mvt.qc.ca\/fr\/2013\/07\/totems-juil2013\/","title":{"rendered":"T.O.T.E.M.S. \/\/ 07.2013"},"content":{"rendered":"<p><img loading=\"lazy\" decoding=\"async\" class=\"alignleft\" src=\"https:\/\/mvt.qc.ca\/fr\/wp-content\/uploads\/2013\/05\/TOTEM1-231x300.png\" alt=\"TOTEM\" width=\"231\" height=\"300\" \/><\/p>\n<p style=\"text-align: justify;\">D\u00e9couvrez les comptes Twitter interactifs avec <a href=\"http:\/\/twitter.com\/mvt_tc\">@mvt_tc<\/a>!<\/p>\n<p style=\"text-align: justify;\">Une occasion de r\u00e9seauter avec des partenaires situ\u00e9s de part et d&rsquo;autre de l&rsquo;Atlantique&#8230;et plus loin parfois!<\/p>\n<p style=\"text-align: justify;\">Ce tableau sera augment\u00e9 au cours du mois, selon vos interactions. Au plaisir de vous lire!<\/p>\n<p><span style=\"color: #000080;\"><strong><span style=\"color: #008000;\">\u255e T<\/span>ransports<\/strong><\/span><br \/>\n<span style=\"color: #000080;\"> <strong><span style=\"color: #008000;\">\u255e O<\/span>rganisations<br \/>\n<span style=\"color: #008000;\"> \u255e T<\/span>erritoire<br \/>\n<span style=\"color: #008000;\">\u255e E<\/span>nvironnement et \u00e9nergie<\/strong><\/span><br \/>\n<span style=\"color: #000080;\"> <strong><span style=\"color: #008000;\">\u255e M<\/span>obilit\u00e9<br \/>\n<span style=\"color: #008000;\">\u255e S<\/span>oci\u00e9t\u00e9<\/strong><\/span><\/p>\n<p>\u00c9ditions ant\u00e9rieures :<br \/>\n2012 : <a title=\"T.O.T.E.M.S. \/\/ 10.2012\" href=\"https:\/\/mvt.qc.ca\/fr\/2012\/10\/totems\/\">Octobre &#8211; <\/a><a title=\"T.O.T.E.M.S. \/\/ 11.2012\" href=\"https:\/\/mvt.qc.ca\/fr\/2012\/11\/totems-nov12\/\">Novembre<\/a><a title=\"T.O.T.E.M.S. \/\/ 10.2012\" href=\"https:\/\/mvt.qc.ca\/fr\/2012\/10\/totems\/\"> &#8211; <\/a><a title=\"T.O.T.E.M.S. \/\/ 12.2012\" href=\"https:\/\/mvt.qc.ca\/fr\/2012\/12\/totems-dec12\/\">D\u00e9cembre<\/a><br \/>\n2013 : <a title=\"T.O.T.E.M.S. \/\/ 01.2013\" href=\"https:\/\/mvt.qc.ca\/fr\/2013\/01\/totems-jan13\/\">Janvier &#8211; <\/a><a title=\"T.O.T.E.M.S. \/\/ 02.2013\" href=\"https:\/\/mvt.qc.ca\/fr\/2013\/02\/totems-fev2013\/\">F\u00e9vrier &#8211; <\/a><a title=\"T.O.T.E.M.S. \/\/ 03.2013\" href=\"https:\/\/mvt.qc.ca\/fr\/2013\/03\/totems-mar2013\/\">Mars &#8211; <\/a><a title=\"T.O.T.E.M.S. \/\/ 04.2013\" href=\"https:\/\/mvt.qc.ca\/fr\/2013\/04\/totems-avr2013\/\">Avril<\/a> <a title=\"T.O.T.E.M.S. \/\/ 05.2013\" href=\"https:\/\/mvt.qc.ca\/fr\/2013\/05\/totems-mai2013\/\">&#8211; Mai <\/a><a title=\"T.O.T.E.M.S. \/\/ 05.2013\" href=\"https:\/\/mvt.qc.ca\/fr\/2013\/05\/totems-mai2013\/\">&#8211; <\/a><a title=\"T.O.T.E.M.S. \/\/ 06.2013\" href=\"https:\/\/mvt.qc.ca\/fr\/2013\/06\/totems-juin2013\/\">Juin<\/a><\/p>\n<p>____________________________________________________________________________________<\/p>\n<table border=\"0\" cellspacing=\"0\">\n<colgroup width=\"140\"><\/colgroup>\n<colgroup width=\"536\"><\/colgroup>\n<tbody>\n<tr>\n<td align=\"LEFT\" height=\"20\"><a href=\"http:\/\/twitter.com\/AETOS_EE\">@AETOS_EE<\/a><\/td>\n<td align=\"LEFT\">International relations company in energy &amp; environment (Qu\u00e9bec)<\/td>\n<\/tr>\n<tr>\n<td align=\"LEFT\" height=\"20\"><span style=\"color: #000000;\"><a href=\"http:\/\/twitter.com\/afionamclean\">@afionamclean<\/a><\/span><\/td>\n<td align=\"LEFT\"><em><span style=\"color: #000000;\"> Sustainable Transport &amp; Mobility Consultant (BCN, BXL, LDN &amp; TRN)<\/span><\/em><\/td>\n<\/tr>\n<tr>\n<td align=\"LEFT\" height=\"20\"><a href=\"http:\/\/twitter.com\/alexlampron\">@alexlampron<\/a><\/td>\n<td align=\"LEFT\">Alexandre Lampron. Coord. actualit\u00e9 politique (Mont\u00e9r\u00e9gie, Qu\u00e9bec)<\/td>\n<\/tr>\n<tr>\n<td align=\"LEFT\" height=\"20\"><a href=\"http:\/\/twitter.com\/AllianceTransit\">@AllianceTransit<\/a><\/td>\n<td align=\"LEFT\">Favoriser le d\u00e9veloppement et l\u2019am\u00e9lioration des TC au Qu\u00e9bec<\/td>\n<\/tr>\n<tr>\n<td align=\"LEFT\" height=\"20\"><a href=\"http:\/\/twitter.com\/arigaud_ca\">@arigaud_ca<\/a><\/td>\n<td align=\"LEFT\">Int\u00e9grateur web et expert en accessibilit\u00e9 (Montr\u00e9al)<\/td>\n<\/tr>\n<tr>\n<td align=\"LEFT\" height=\"20\"><a href=\"http:\/\/twitter.com\/arkanta\">@arkanta<\/a><\/td>\n<td align=\"LEFT\">Patrick Emeriau &#8211; Conseil et ing\u00e9nierie (Paris, Nice)<\/td>\n<\/tr>\n<tr>\n<td align=\"LEFT\" height=\"20\"><a href=\"http:\/\/twitter.com\/artduservice\">@artduservice<\/a><\/td>\n<td align=\"LEFT\">Bruno Belb\u00e9zier, obs\u00e9d\u00e9 par le service client\u2026 et le transport a\u00e9rien! (Paris)<\/td>\n<\/tr>\n<tr>\n<td align=\"LEFT\" height=\"20\"><span style=\"color: #000000;\"><a href=\"http:\/\/twitter.com\/Arzhur2v\">@Arzhur2v<\/a><\/span><\/td>\n<td align=\"LEFT\"><span style=\"color: #000000;\"> Arthur Devay, tr\u00e9sorier et webmaster, HSF-TOGO France<\/span><\/td>\n<\/tr>\n<tr>\n<td align=\"LEFT\" height=\"20\"><span style=\"color: #000000;\"><a href=\"http:\/\/twitter.com\/AutopartageMtl\">@AutopartageMtl<\/a><\/span><\/td>\n<td align=\"LEFT\"><span style=\"color: #000000;\"> Information, promotion et \u00e9change sur l\u2019autopartage \u00e0 Montr\u00e9al<\/span><\/td>\n<\/tr>\n<tr>\n<td align=\"LEFT\" height=\"20\">@BenkiraneUrba<\/td>\n<td align=\"LEFT\">Benkirane Mohamed, urbaniste (Casablanca)<\/td>\n<\/tr>\n<tr>\n<td align=\"LEFT\" height=\"20\"><a href=\"http:\/\/twitter.com\/BernadetteCH\">@BernadetteCH<\/a><\/td>\n<td align=\"LEFT\">Bernadette Caillard-Humeau, journaliste, sociologue et \u00e9lue locale (Angers)<\/td>\n<\/tr>\n<tr>\n<td align=\"LEFT\" height=\"20\"><span style=\"color: #000000;\"><a href=\"http:\/\/twitter.com\/bouchecl\">@bouchecl<\/a><\/span><\/td>\n<td align=\"LEFT\"><span style=\"color: #000000;\"> Claude Boucher, simple citoyen, Wikip\u00e9dien \u00e0 ses heures (Qu\u00e9bec)<\/span><\/td>\n<\/tr>\n<tr>\n<td align=\"LEFT\" height=\"20\"><a href=\"http:\/\/twitter.com\/Breezcar_FR\">@Breezcar_FR<\/a><\/td>\n<td align=\"LEFT\">Guide d&rsquo;achat des v\u00e9hicules #\u00e9lectriques et #hybrides (Paris)<\/td>\n<\/tr>\n<tr>\n<td align=\"LEFT\" height=\"20\"><span style=\"color: #000000;\"><a href=\"http:\/\/twitter.com\/brunfal\">@brunfal<\/a><\/span><\/td>\n<td align=\"LEFT\"><span style=\"color: #000000;\"> Bruno Falardeau, urbanisme durable et transports collectifs (Montr\u00e9al)<\/span><\/td>\n<\/tr>\n<tr>\n<td align=\"LEFT\" height=\"20\"><span style=\"color: #000000;\"><a href=\"http:\/\/twitter.com\/catchthetrout\">@catchthetrout<\/a><\/span><\/td>\n<td align=\"LEFT\"><span style=\"color: #000000;\"> The Rural Overland Utility Transit (T.R.O.U.T.) &#8211; Bancroft, Ontario (Canada)<\/span><\/td>\n<\/tr>\n<tr>\n<td align=\"LEFT\" height=\"20\"><span style=\"color: #000000;\"><a href=\"http:\/\/twitter.com\/CCOOMohn\">@CCOOMohn<\/a><\/span><\/td>\n<td align=\"LEFT\"><em><span style=\"color: #000000;\"> Secci\u00f3 Sindical de CCOO a Mohn S.L\u00a0 (Viladecans, Catalunya)<\/span><\/em><\/td>\n<\/tr>\n<tr>\n<td align=\"LEFT\" height=\"20\"><span style=\"color: #000000;\"><a href=\"http:\/\/twitter.com\/ch_pasquier\">@ch_pasquier<\/a><\/span><\/td>\n<td align=\"LEFT\"><span style=\"color: #000000;\"> Christophe Pasquier, conseil et services, transport de voyageurs (Lyon, Paris)<\/span><\/td>\n<\/tr>\n<tr>\n<td align=\"LEFT\" height=\"20\"><span style=\"color: #000000;\"><a href=\"http:\/\/twitter.com\/chgl95\">@chgl95<\/a><\/span><\/td>\n<td align=\"LEFT\"><span style=\"color: #000000;\"> Christian Grellier. Directeur Innovation de Bouygues Immobilier (Paris)<\/span><\/td>\n<\/tr>\n<tr>\n<td align=\"LEFT\" height=\"20\"><span style=\"color: #000000;\"><a href=\"http:\/\/twitter.com\/Conducteur_SNCF\">@Conducteur_SNCF<\/a><\/span><\/td>\n<td align=\"LEFT\"><span style=\"color: #000000;\"> Conducteur de trains SNCF TER Midi-Pyr\u00e9n\u00e9es (France)<\/span><\/td>\n<\/tr>\n<tr>\n<td align=\"LEFT\" height=\"20\"><a href=\"http:\/\/twitter.com\/D_Mauree\">@D_Mauree<\/a><\/td>\n<td align=\"LEFT\">Dasareden Mauree, Researcher ADEME (University of Strasbourg)<\/td>\n<\/tr>\n<tr>\n<td align=\"LEFT\" height=\"20\"><a href=\"http:\/\/twitter.com\/DesignEco_ca\">@DesignEco_ca<\/a><\/td>\n<td align=\"LEFT\">Twitter du blog Design-Eco.ca et de la page FB \u00c9co designers du Qu\u00e9bec<\/td>\n<\/tr>\n<tr>\n<td align=\"LEFT\" height=\"20\"><a href=\"http:\/\/twitter.com\/EFFIA_Synergies\">@EFFIA_Synergies<\/a><\/td>\n<td align=\"LEFT\">Conseil et services associ\u00e9s au transport de voyageurs (France)<\/td>\n<\/tr>\n<tr>\n<td align=\"LEFT\" height=\"20\"><a href=\"http:\/\/twitter.com\/enerev\">@enerev<\/a><\/td>\n<td align=\"LEFT\">Energy Revolution. Suivi de l\u2019actualit\u00e9 de la transition \u00e9nerg\u00e9tique (Alsace)<\/td>\n<\/tr>\n<tr>\n<td align=\"LEFT\" height=\"20\"><a href=\"http:\/\/twitter.com\/enrico_Mh\">@enrico_Mh<\/a><\/td>\n<td align=\"LEFT\">Agent de maitrise SNCF EIC PACA (Marseille)<\/td>\n<\/tr>\n<tr>\n<td align=\"LEFT\" height=\"20\"><span style=\"color: #000000;\"><a href=\"http:\/\/twitter.com\/Fnaut_PdL\">@Fnaut_PdL<\/a><\/span><\/td>\n<td align=\"LEFT\"><span style=\"color: #000000;\"> FNAUT Pays de Loire (France)<\/span><\/td>\n<\/tr>\n<tr>\n<td align=\"LEFT\" height=\"20\"><span style=\"color: #000000;\"><a href=\"http:\/\/twitter.com\/FrDumontVDR\">@FrDumontVDR<\/a><\/span><\/td>\n<td align=\"LEFT\"><span style=\"color: #000000;\"> Fran\u00e7ois Dumont. Journaliste, La Vie du rail, Ville, rail &amp; transports (France)<\/span><\/td>\n<\/tr>\n<tr>\n<td align=\"LEFT\" height=\"20\"><a href=\"http:\/\/twitter.com\/FTFrance\">@FTFrance<\/a><\/td>\n<td align=\"LEFT\">Faiveley Brakes &#8211; Equipementier ferroviaire (Amiens)<\/td>\n<\/tr>\n<tr>\n<td align=\"LEFT\" height=\"20\"><span style=\"color: #000000;\"><a href=\"http:\/\/twitter.com\/FThiebaux\">@FThiebaux<\/a><\/span><\/td>\n<td align=\"LEFT\"><span style=\"color: #000000;\"> Fabrice Thiebaux, Chef de projet expert en g\u00e9omatique (France)<\/span><\/td>\n<\/tr>\n<tr>\n<td align=\"LEFT\" height=\"20\"><a href=\"http:\/\/twitter.com\/gilles_laurent_\">@gilles_laurent_<\/a><\/td>\n<td align=\"LEFT\">Ing\u00e9nieur en r\u00e9seaux \u00e9lectriques et en \u00e9comobilit\u00e9.<\/td>\n<\/tr>\n<tr>\n<td align=\"LEFT\" height=\"20\"><a href=\"http:\/\/twitter.com\/GrudlerCh\">@GrudlerCh<\/a><\/td>\n<td align=\"LEFT\">Christophe Grudler, conseiller general et municipal de Belfort (90)<\/td>\n<\/tr>\n<tr>\n<td align=\"LEFT\" height=\"20\"><a href=\"http:\/\/twitter.com\/HugoJarrige\">@HugoJarrige<\/a><\/td>\n<td align=\"LEFT\">Passionn\u00e9 en transport de voyageurs.<\/td>\n<\/tr>\n<tr>\n<td align=\"LEFT\" height=\"20\"><a href=\"http:\/\/twitter.com\/igianpaolo\">@igianpaolo<\/a><\/td>\n<td align=\"LEFT\">Giungere all&rsquo;essenziale &lsquo;per via di levare (Roma)<\/td>\n<\/tr>\n<tr>\n<td align=\"LEFT\" height=\"20\"><span style=\"color: #000000;\"><a href=\"http:\/\/twitter.com\/jboutill\">@jboutill<\/a><\/span><\/td>\n<td align=\"LEFT\"><span style=\"color: #000000;\"> J\u00e9r\u00f4me Boutillier, mobilit\u00e9, #DD et nouvelles TI\u2026 (Orzens, Suisse)<\/span><\/td>\n<\/tr>\n<tr>\n<td align=\"LEFT\" height=\"20\"><a href=\"http:\/\/twitter.com\/JoyDuscher\">@JoyDuscher<\/a><\/td>\n<td align=\"LEFT\">Communication de #crise \/ M2 #CELSA \/ #Ferroviaire (Paris)<\/td>\n<\/tr>\n<tr>\n<td align=\"LEFT\" height=\"20\"><a href=\"http:\/\/twitter.com\/JulesVilleneuve\">@JulesVilleneuve<\/a><\/td>\n<td align=\"LEFT\">Julien Villeneuve, chef de projet chez Canal TP (r\u00e9gion parisienne)<\/td>\n<\/tr>\n<tr>\n<td align=\"LEFT\" height=\"20\"><a href=\"http:\/\/twitter.com\/keoscopie\">@keoscopie<\/a><\/td>\n<td align=\"LEFT\">Observatoire permanent des modes de vie et de la mobilit\u00e9 de Keolis (Paris)<\/td>\n<\/tr>\n<tr>\n<td align=\"LEFT\" height=\"20\"><a href=\"http:\/\/twitter.com\/LadiesMobility\">@LadiesMobility<\/a><\/td>\n<td align=\"LEFT\">Projet collaboratif sur la mobilit\u00e9 durable et la diversit\u00e9 (Monaco)<\/td>\n<\/tr>\n<tr>\n<td align=\"LEFT\" height=\"20\"><span style=\"color: #000000;\"><a href=\"http:\/\/twitter.com\/Le_bug_urbain\">@Le_bug_urbain<\/a><\/span><\/td>\n<td align=\"LEFT\"><span style=\"color: #000000;\"> Usages des espaces publics, mobilit\u00e9 et question du genre en ville (Paris)<\/span><\/td>\n<\/tr>\n<tr>\n<td align=\"LEFT\" height=\"20\"><a href=\"http:\/\/twitter.com\/lefebvreg\">@lefebvreg<\/a><\/td>\n<td align=\"LEFT\">Guillaume Lef\u00e8vre, optimisation et s\u00e9curit\u00e9 des transports (Noum\u00e9a)<\/td>\n<\/tr>\n<tr>\n<td align=\"LEFT\" height=\"20\"><a href=\"http:\/\/twitter.com\/localstories1\">@localstories1<\/a><\/td>\n<td align=\"LEFT\">Digitalisation du transport #usages #offre #Transport #Digital (Paris)<\/td>\n<\/tr>\n<tr>\n<td align=\"LEFT\" height=\"20\"><a href=\"http:\/\/twitter.com\/lucmtl\">@LucMtl<\/a><\/td>\n<td align=\"LEFT\">Luc Gagnon. Urbanisme et am\u00e9nagement urbain (Montr\u00e9al)<\/td>\n<\/tr>\n<tr>\n<td align=\"LEFT\" height=\"20\"><span style=\"color: #000000;\"><a href=\"http:\/\/twitter.com\/matseguin\">@matseguin<\/a><\/span><\/td>\n<td align=\"LEFT\"><span style=\"color: #000000;\"> Mathieu S\u00e9guin, cycliste urbain (Montr\u00e9al)<\/span><\/td>\n<\/tr>\n<tr>\n<td align=\"LEFT\" height=\"20\"><a href=\"https:\/\/twitter.com\/i\/redirect?url=https%3A%2F%2Ftwitter.com%2FMedMezghani&amp;sig=c1c2c59904a36389134bd03c015b6bbcf0436314&amp;uid=72715535&amp;iid=8b68b1fa-f79c-4b43-b81e-325c7ecfda3f&amp;nid=6+281&amp;t=1\">@MedMezghani<\/a><\/td>\n<td align=\"LEFT\">Mohamed Mezghani, Public Transport and Urban Mobility (France)<\/td>\n<\/tr>\n<tr>\n<td align=\"LEFT\" height=\"20\"><a href=\"http:\/\/twitter.com\/Millergie\">@Millergie<\/a><\/td>\n<td align=\"LEFT\">Genevi\u00e8ve Gauthier, ing\u00e9nieure, eff. \u00e9nerg\u00e9tique et \u00e9ner. renouv. (Montr\u00e9al)<\/td>\n<\/tr>\n<tr>\n<td align=\"LEFT\" height=\"20\"><a href=\"http:\/\/twitter.com\/mobilityacademy\">@mobilityacademy<\/a><\/td>\n<td align=\"LEFT\">Think tank for future trends in mobility (Berne)<\/td>\n<\/tr>\n<tr>\n<td align=\"LEFT\" height=\"20\"><a href=\"http:\/\/twitter.com\/mxbasty\">@mxbasty<\/a><\/td>\n<td align=\"LEFT\">Marius Basty, Transport planning consultant\/French-Austrian citizen (Paris)<\/td>\n<\/tr>\n<tr>\n<td align=\"LEFT\" height=\"20\"><a href=\"http:\/\/twitter.com\/NadGover\">@NadGover<\/a><\/td>\n<td align=\"LEFT\">Nadia Goyer, professionnelle des relations publiques (r\u00e9gion de Montr\u00e9al)<\/td>\n<\/tr>\n<tr>\n<td align=\"LEFT\" height=\"20\"><span style=\"color: #000000;\"><a href=\"http:\/\/twitter.com\/neleeta\">@neleeta<\/a><\/span><\/td>\n<td align=\"LEFT\"><span style=\"color: #000000;\"> Nella Saborit Estev, enginyer t\u00e8cnic d\u2019Obres P\u00fabliquea (Barcelona)<\/span><\/td>\n<\/tr>\n<tr>\n<td align=\"LEFT\" height=\"20\"><span style=\"color: #000000;\"><a href=\"http:\/\/twitter.com\/ogential\">@ogential<\/a><\/span><\/td>\n<td align=\"LEFT\"><span style=\"color: #000000;\"> #Architect &amp; #UrbanPlanner&#8230; (Lausanne)<\/span><\/td>\n<\/tr>\n<tr>\n<td align=\"LEFT\" height=\"20\"><span style=\"color: #000000;\"><a href=\"http:\/\/twitter.com\/perdlespedales\">@perdlespedales<\/a><\/span><\/td>\n<td align=\"LEFT\"><span style=\"color: #000000;\"> Ronald Houde, Slow V\u00e9lo, ski de fond et un monde durable (Montr\u00e9al)<\/span><\/td>\n<\/tr>\n<tr>\n<td align=\"LEFT\" height=\"20\"><span style=\"color: #000000;\"><a href=\"http:\/\/twitter.com\/provosterik\">@provosterik<\/a><\/span><\/td>\n<td align=\"LEFT\"><span style=\"color: #000000;\"> \u00c9rik Provost, am\u00e9nagiste (Montr\u00e9al)<\/span><\/td>\n<\/tr>\n<tr>\n<td align=\"LEFT\" height=\"20\"><a href=\"http:\/\/twitter.com\/Remi_Crombez\">@Remi_Crombez<\/a><\/td>\n<td align=\"LEFT\">Apprenti urbaniste, blogueur d\u00e9butant (Europe)<\/td>\n<\/tr>\n<tr>\n<td align=\"LEFT\" height=\"20\"><span style=\"color: #000000;\"><a href=\"http:\/\/twitter.com\/RNCREQ\">@RNCREQ<\/a><\/span><\/td>\n<td align=\"LEFT\"><span style=\"color: #000000;\"> Regroupement des 16 conseils r\u00e9gionaux en environnement du Qu\u00e9bec<\/span><\/td>\n<\/tr>\n<tr>\n<td align=\"LEFT\" height=\"20\"><a href=\"http:\/\/twitter.com\/S_yelle\">@S_yelle<\/a><\/td>\n<td align=\"LEFT\">Sylvain Yelle, \u00ab Parlez-moi de (\u2026) transport collectif, j\u2019adore! \u00bb (Montr\u00e9al)<\/td>\n<\/tr>\n<tr>\n<td align=\"LEFT\" height=\"20\">@sblelion<\/td>\n<td align=\"LEFT\">Pro du rail suisse (Martigny)<\/td>\n<\/tr>\n<tr>\n<td align=\"LEFT\" height=\"20\"><a href=\"http:\/\/twitter.com\/slasherfun\">@slasherfun<\/a><\/td>\n<td align=\"LEFT\">Traveler, geek, plane spotter, transports, urbanisme, d\u00e9veloppement durable<\/td>\n<\/tr>\n<tr>\n<td align=\"LEFT\" height=\"20\"><a href=\"http:\/\/twitter.com\/smbilodeau\">@smbilodeau<\/a><\/td>\n<td align=\"LEFT\">St\u00e9phane Bilodeau, pr\u00e9sident, Groupe Enerstat inc. (Sherbrooke)<\/td>\n<\/tr>\n<tr>\n<td align=\"LEFT\" height=\"20\"><span style=\"color: #000000;\">@snotpg_geneve<\/span><\/td>\n<td align=\"LEFT\"><span style=\"color: #000000;\"> Histoire &amp; actualit\u00e9s de la mobilit\u00e9 genevoise (Gen\u00e8ve)<\/span><\/td>\n<\/tr>\n<tr>\n<td align=\"LEFT\" height=\"20\"><a href=\"http:\/\/twitter.com\/stifoon\">@stifoon<\/a><\/td>\n<td align=\"LEFT\">Stephan Simart, responsable de l&rsquo;\u00e9quipe RO, Canal TP (Paris)<\/td>\n<\/tr>\n<tr>\n<td align=\"LEFT\" height=\"20\"><span style=\"color: #000000;\"><a href=\"http:\/\/twitter.com\/TdF__ademe\">@TdF__ademe<\/a><\/span><\/td>\n<td align=\"LEFT\"><span style=\"color: #000000;\"> Gabriel Plassat, ing\u00e9nieur Energies &amp; Prospectives, ADEME (France)<\/span><\/td>\n<\/tr>\n<tr>\n<td align=\"LEFT\" height=\"20\"><span style=\"color: #000000;\">@Tdurable<\/span><\/td>\n<td align=\"LEFT\"><span style=\"color: #000000;\"> Tout le transport, dans une perspective de d\u00e9veloppement durable (Qu\u00e9bec)<\/span><\/td>\n<\/tr>\n<tr>\n<td align=\"LEFT\" height=\"20\"><span style=\"color: #000000;\"><a href=\"http:\/\/twitter.com\/ThibaudDELETRAZ\">@ThibaudDELETRAZ<\/a><\/span><\/td>\n<td align=\"LEFT\"><span style=\"color: #000000;\"> Acteur de la relation client dans le domaine de la mobilit\u00e9 (France)<\/span><\/td>\n<\/tr>\n<tr>\n<td align=\"LEFT\" height=\"20\"><a href=\"http:\/\/twitter.com\/TMonzies\">@Tmonzies<\/a><\/td>\n<td align=\"LEFT\">Theodore Monzies, intrapreneur du service SNCF Porte \u00e0 Porte (France)<\/td>\n<\/tr>\n<tr>\n<td align=\"LEFT\" height=\"20\"><a href=\"http:\/\/twitter.com\/uvn_fnaut\">@uvn_fnaut<\/a><\/td>\n<td align=\"LEFT\">Union des Voyageurs du Nord (Nord \u2013 Pas-de-Calais)<\/td>\n<\/tr>\n<tr>\n<td align=\"LEFT\" height=\"20\"><a href=\"http:\/\/twitter.com\/Villescyclables\">@Villescyclables<\/a><\/td>\n<td align=\"LEFT\">Le club des villes et territoires cyclables (France)<\/td>\n<\/tr>\n<\/tbody>\n<\/table>\n<p>&nbsp;<\/p>\n<p>&nbsp;<\/p>\n","protected":false},"excerpt":{"rendered":"<p>D\u00e9couvrez les comptes Twitter interactifs avec @mvt_tc! Une occasion de r\u00e9seauter avec des partenaires situ\u00e9s de part et d&rsquo;autre de l&rsquo;Atlantique&#8230;et plus loin parfois! Ce tableau sera augment\u00e9 au cours du mois, selon vos interactions. Au plaisir de vous lire! \u255e Transports \u255e Organisations \u255e Territoire \u255e Environnement et \u00e9nergie \u255e Mobilit\u00e9 \u255e Soci\u00e9t\u00e9 \u00c9ditions &hellip; <\/p>\n<p><a class=\"more-link btn\" href=\"https:\/\/mvt.qc.ca\/fr\/2013\/07\/totems-juil2013\/\">Lire la suite<\/a><\/p>\n","protected":false},"author":1,"featured_media":0,"comment_status":"open","ping_status":"open","sticky":false,"template":"","format":"standard","meta":{"footnotes":""},"categories":[1],"tags":[],"class_list":["post-4598","post","type-post","status-publish","format-standard","hentry","category-divers","nodate","item-wrap"],"_links":{"self":[{"href":"https:\/\/mvt.qc.ca\/fr\/wp-json\/wp\/v2\/posts\/4598","targetHints":{"allow":["GET"]}}],"collection":[{"href":"https:\/\/mvt.qc.ca\/fr\/wp-json\/wp\/v2\/posts"}],"about":[{"href":"https:\/\/mvt.qc.ca\/fr\/wp-json\/wp\/v2\/types\/post"}],"author":[{"embeddable":true,"href":"https:\/\/mvt.qc.ca\/fr\/wp-json\/wp\/v2\/users\/1"}],"replies":[{"embeddable":true,"href":"https:\/\/mvt.qc.ca\/fr\/wp-json\/wp\/v2\/comments?post=4598"}],"version-history":[{"count":19,"href":"https:\/\/mvt.qc.ca\/fr\/wp-json\/wp\/v2\/posts\/4598\/revisions"}],"predecessor-version":[{"id":5749,"href":"https:\/\/mvt.qc.ca\/fr\/wp-json\/wp\/v2\/posts\/4598\/revisions\/5749"}],"wp:attachment":[{"href":"https:\/\/mvt.qc.ca\/fr\/wp-json\/wp\/v2\/media?parent=4598"}],"wp:term":[{"taxonomy":"category","embeddable":true,"href":"https:\/\/mvt.qc.ca\/fr\/wp-json\/wp\/v2\/categories?post=4598"},{"taxonomy":"post_tag","embeddable":true,"href":"https:\/\/mvt.qc.ca\/fr\/wp-json\/wp\/v2\/tags?post=4598"}],"curies":[{"name":"wp","href":"https:\/\/api.w.org\/{rel}","templated":true}]}}