{"id":4534,"date":"2013-07-01T18:00:40","date_gmt":"2013-07-01T22:00:40","guid":{"rendered":"http:\/\/mvt.tc\/fr\/?p=4534"},"modified":"2014-11-15T12:20:51","modified_gmt":"2014-11-15T16:20:51","slug":"tramway-aubagne","status":"publish","type":"post","link":"https:\/\/mvt.qc.ca\/fr\/2013\/07\/tramway-aubagne\/","title":{"rendered":"Le design du futur tramway (gratuit) d&rsquo;Aubagne"},"content":{"rendered":"<p style=\"text-align: justify;\">Apr\u00e8s avoir mis en place la gratuit\u00e9 de ses services d&rsquo;autobus en 2009, et face au succ\u00e8s retentissant de cette mesure, la <a href=\"http:\/\/www.agglo-paysdaubagne.com\/\"><strong>Communaut\u00e9 d\u2019Agglom\u00e9ration du Pays d\u2019Aubagne et de l\u2019Etoile <\/strong><\/a>a choisi en 2010 de b\u00e2tir <a href=\"http:\/\/www.tramway-paysdaubagne.com\/\"><strong>deux lignes de tramway<\/strong><\/a> sur la partie centrale de son territoire.<\/p>\n<p style=\"text-align: justify;\">On pr\u00e9voit la mise en service du tramway en 2014 et, la semaine derni\u00e8re, <strong>le design des rames Citadis d&rsquo;Alstom a \u00e9t\u00e9 d\u00e9voil\u00e9<\/strong> (<strong>vid\u00e9o<\/strong>). Tout comme le service bus, le tramway sera gratuit \u00e0 l&rsquo;utilisation. Le <a href=\"http:\/\/www.tramway-paysdaubagne.com\/financement\"><strong>financement<\/strong><\/a> de la gratuit\u00e9 reposera sur la contribution du Conseil g\u00e9n\u00e9ral des Bouches-du-Rh\u00f4ne, du Conseil r\u00e9gional Provence-Alpes-C\u00f4te d&rsquo;Azur, de l&rsquo;Union europ\u00e9enne, ainsi que du versement transport per\u00e7u aupr\u00e8s des entreprises du territoire.<\/p>\n<p style=\"text-align: justify;\">\n<div class=\"mceItemEmbedly\" style=\"max-width:600px;\" data-ajax=\"{'url':'http:\/\/www.alstom.com\/press-centre\/fr\/2013\/6\/tramway-citadis-du-pays-daubagne-et-de-letoile-le-design-unique-du-futur-tramway-de-lagglomeration-devoile-\/','width':'600','words':'40','height':null,'embed':'&lt;div class=\\&quot;embedly\\&quot; style=\\&quot;max-width:600px;max-height:nullpx\\&quot;&gt;&lt;img src=\\&quot;http:\/\/www.alstom.com\/Global\/Transport\/Resources\/Images\/News%20and%20Events\/Press%20releases\/Citadis_Aubagne_1.jpg?h=&amp;w=&amp;maxheight=&amp;maxwidth=&amp;scale=upscalecanvas\\&quot; class=\\&quot;thumb embedly-thumbnail-small\\&quot; \/&gt;&lt;a class=\\'embedly-title\\' href=\\'http:\/\/www.alstom.com\/press-centre\/fr\/2013\/6\/tramway-citadis-du-pays-daubagne-et-de-letoile-le-design-unique-du-futur-tramway-de-lagglomeration-devoile-\/\\'&gt;Tramway Citadis Compact du Pays d\\'Aubagne et de l\\'Etoile : le design unique du futur tramway de l\\'agglom\\u00e9ration d\\u00e9voil\\u00e9&lt;\/a&gt;Le 28 juin 2013, Magali Giovannangeli, Pr\\u00e9sidente de la Communaut\\u00e9 d\\'Agglom\\u00e9ration du Pays d\\'Aubagne et de l\\'Etoile, l\\'artiste Herv\\u00e9 Di Rosa, et Xavier Allard, Directeur Design&amp;Styling d\\'Alstom Transport, ont d\\u00e9voil\\u00e9 en avant-premi\\u00e8re le design et la livr\\u00e9e du premier Citadis Compact d\\'Alstom.&lt;div class=\\&quot;embedly-clear\\&quot;&gt;&lt;\/div&gt;&lt;span class=\\&quot;embedly-powered\\&quot; style=\\&quot;float:right;display:block\\&quot;&gt;&lt;a target=\\&quot;_blank\\&quot; href=\\&quot;http:\/\/embed.ly?src=anywhere\\&quot; title=\\&quot;Powered by Embedly\\&quot;&gt;&lt;img src=\\&quot;\/\/static.embed.ly\/images\/logos\/embedly-powered-small-light.png\\&quot; alt=\\&quot;Embedly Powered\\&quot; \/&gt;&lt;\/a&gt;&lt;\/span&gt;&lt;div class=\\&quot;media-attribution\\&quot;&gt;&lt;span&gt;via &lt;\/span&gt;&lt;a href=\\&quot;http:\/\/www.alstom.com\\&quot; class=\\&quot;media-attribution-link\\&quot; target=\\&quot;_blank\\&quot;&gt;Alstom&lt;\/a&gt;&lt;\/span&gt;&lt;\/div&gt;&lt;div class=\\&quot;embedly-clear\\&quot;&gt;&lt;\/div&gt;&lt;\/div&gt;'}\">\n<div class=\"embedly\" style=\"max-width:600px;max-height:nullpx\"><img decoding=\"async\" src=\"http:\/\/www.alstom.com\/Global\/Transport\/Resources\/Images\/News%20and%20Events\/Press%20releases\/Citadis_Aubagne_1.jpg?h=&#038;w=&#038;maxheight=&#038;maxwidth=&#038;scale=upscalecanvas\" class=\"thumb embedly-thumbnail-small\" \/>Tramway Citadis Compact du Pays d&rsquo;Aubagne et de l&rsquo;Etoile : le design unique du futur tramway de l&rsquo;agglom\u00e9ration d\u00e9voil\u00e9Le 28 juin 2013, Magali Giovannangeli, Pr\u00e9sidente de la Communaut\u00e9 d&rsquo;Agglom\u00e9ration du Pays d&rsquo;Aubagne et de l&rsquo;Etoile, l&rsquo;artiste Herv\u00e9 Di Rosa, et Xavier Allard, Directeur Design&#038;Styling d&rsquo;Alstom Transport, ont d\u00e9voil\u00e9 en avant-premi\u00e8re le design et la livr\u00e9e du premier Citadis Compact d&rsquo;Alstom.<\/p>\n<div class=\"embedly-clear\"><\/div>\n<p><span class=\"embedly-powered\" style=\"float:right;display:block\"><a target=\"_blank\" href=\"http:\/\/embed.ly?src=anywhere\" title=\"Powered by Embedly\"><img decoding=\"async\" src=\"\/\/static.embed.ly\/images\/logos\/embedly-powered-small-light.png\" alt=\"Embedly Powered\" \/><\/a><\/span><\/p>\n<div class=\"media-attribution\"><span>via <\/span><a href=\"http:\/\/www.alstom.com\" class=\"media-attribution-link\" target=\"_blank\">Alstom<\/a><\/span><\/div>\n<div class=\"embedly-clear\"><\/div>\n<\/div>\n<\/div>\n<p style=\"text-align: justify;\">\n","protected":false},"excerpt":{"rendered":"<p>Apr\u00e8s avoir mis en place la gratuit\u00e9 de ses services d&rsquo;autobus en 2009, et face au succ\u00e8s retentissant de cette mesure, la Communaut\u00e9 d\u2019Agglom\u00e9ration du Pays d\u2019Aubagne et de l\u2019Etoile a choisi en 2010 de b\u00e2tir deux lignes de tramway sur la partie centrale de son territoire. On pr\u00e9voit la mise en service du tramway &hellip; <\/p>\n<p><a class=\"more-link btn\" href=\"https:\/\/mvt.qc.ca\/fr\/2013\/07\/tramway-aubagne\/\">Lire la suite<\/a><\/p>\n","protected":false},"author":1,"featured_media":0,"comment_status":"open","ping_status":"open","sticky":false,"template":"","format":"standard","meta":{"footnotes":""},"categories":[211,74,26,13],"tags":[480,481,482,75,65],"class_list":["post-4534","post","type-post","status-publish","format-standard","hentry","category-actualites","category-aubagne","category-france","category-tramway","tag-alstom","tag-citadis","tag-financement","tag-gratuite","tag-tramway-2","nodate","item-wrap"],"_links":{"self":[{"href":"https:\/\/mvt.qc.ca\/fr\/wp-json\/wp\/v2\/posts\/4534","targetHints":{"allow":["GET"]}}],"collection":[{"href":"https:\/\/mvt.qc.ca\/fr\/wp-json\/wp\/v2\/posts"}],"about":[{"href":"https:\/\/mvt.qc.ca\/fr\/wp-json\/wp\/v2\/types\/post"}],"author":[{"embeddable":true,"href":"https:\/\/mvt.qc.ca\/fr\/wp-json\/wp\/v2\/users\/1"}],"replies":[{"embeddable":true,"href":"https:\/\/mvt.qc.ca\/fr\/wp-json\/wp\/v2\/comments?post=4534"}],"version-history":[{"count":11,"href":"https:\/\/mvt.qc.ca\/fr\/wp-json\/wp\/v2\/posts\/4534\/revisions"}],"predecessor-version":[{"id":6057,"href":"https:\/\/mvt.qc.ca\/fr\/wp-json\/wp\/v2\/posts\/4534\/revisions\/6057"}],"wp:attachment":[{"href":"https:\/\/mvt.qc.ca\/fr\/wp-json\/wp\/v2\/media?parent=4534"}],"wp:term":[{"taxonomy":"category","embeddable":true,"href":"https:\/\/mvt.qc.ca\/fr\/wp-json\/wp\/v2\/categories?post=4534"},{"taxonomy":"post_tag","embeddable":true,"href":"https:\/\/mvt.qc.ca\/fr\/wp-json\/wp\/v2\/tags?post=4534"}],"curies":[{"name":"wp","href":"https:\/\/api.w.org\/{rel}","templated":true}]}}