{"id":4398,"date":"2013-06-17T22:00:56","date_gmt":"2013-06-18T02:00:56","guid":{"rendered":"http:\/\/mvt.tc\/fr\/?p=4398"},"modified":"2013-06-17T22:52:13","modified_gmt":"2013-06-18T02:52:13","slug":"uitp2013-electrification-bus","status":"publish","type":"post","link":"https:\/\/mvt.qc.ca\/fr\/2013\/06\/uitp2013-electrification-bus\/","title":{"rendered":"L&rsquo;\u00e9lectrification des bus, th\u00e8me fort de l&rsquo;UITP 2013"},"content":{"rendered":"<p style=\"text-align: justify;\">C&rsquo;est le moins que l&rsquo;on puisse dire! \u00c0 l&rsquo;occasion du congr\u00e8s mondial de l&rsquo;<a href=\"http:\/\/www.uitp.org\"><strong>Union internationale des transports publics (UITP)<\/strong><\/a> \u00e0 Gen\u00e8ve, organis\u00e9 fin mai, et qui a regroup\u00e9 plus de 10 000 participants, de nombreuses innovations y ont officiellement \u00e9t\u00e9 pr\u00e9sent\u00e9es.<\/p>\n<p style=\"text-align: justify;\">C&rsquo;est le cas de plusieurs syst\u00e8mes d&rsquo;\u00e9lectrification sp\u00e9cialement adapt\u00e9s aux autobus, par biberonnage ou par induction.<\/p>\n<div class=\"mceItemEmbedly\" style=\"max-width: 600px;max-width:600px;\" data-ajax=\"{'url':'http:\/\/www.passengertransport.co.uk\/2013\/06\/electric-ideas-on-show\/','width':'600','words':'30','height':null,'embed':'&lt;div class=\\&quot;embedly\\&quot; style=\\&quot;max-width:600px;max-height:nullpx\\&quot;&gt;&lt;img src=\\&quot;http:\/\/www.passengertransport.co.uk\/wp-content\/uploads\/geneva1.jpg\\&quot; class=\\&quot;thumb embedly-thumbnail-small\\&quot; \/&gt;&lt;a class=\\'embedly-title\\' href=\\'http:\/\/www.passengertransport.co.uk\/2013\/06\/electric-ideas-on-show\/\\'&gt;Electric ideas on show at UITP in Geneva&lt;\/a&gt;Over 10,000 passenger transport professionals gathered in Geneva last week for UITP World Congress - a showcase for the latest developments in public transport from around the world.&lt;div class=\\&quot;embedly-clear\\&quot;&gt;&lt;\/div&gt;&lt;span class=\\&quot;embedly-powered\\&quot; style=\\&quot;float:right;display:block\\&quot;&gt;&lt;a target=\\&quot;_blank\\&quot; href=\\&quot;http:\/\/embed.ly?src=anywhere\\&quot; title=\\&quot;Powered by Embedly\\&quot;&gt;&lt;img src=\\&quot;\/\/static.embed.ly\/images\/logos\/embedly-powered-small-light.png\\&quot; alt=\\&quot;Embedly Powered\\&quot; \/&gt;&lt;\/a&gt;&lt;\/span&gt;&lt;div class=\\&quot;media-attribution\\&quot;&gt;&lt;span&gt;via &lt;\/span&gt;&lt;a href=\\&quot;http:\/\/www.passengertransport.co.uk\\&quot; class=\\&quot;media-attribution-link\\&quot; target=\\&quot;_blank\\&quot;&gt;Passengertransport&lt;\/a&gt;&lt;\/span&gt;&lt;\/div&gt;&lt;div class=\\&quot;embedly-clear\\&quot;&gt;&lt;\/div&gt;&lt;\/div&gt;'}\">\n<div class=\"embedly\" style=\"max-width:600px;max-height:nullpx\"><img decoding=\"async\" src=\"http:\/\/www.passengertransport.co.uk\/wp-content\/uploads\/geneva1.jpg\" class=\"thumb embedly-thumbnail-small\" \/><a class='embedly-title' href='http:\/\/www.passengertransport.co.uk\/2013\/06\/electric-ideas-on-show\/'>Electric ideas on show at UITP in Geneva<\/a>Over 10,000 passenger transport professionals gathered in Geneva last week for UITP World Congress &#8211; a showcase for the latest developments in public transport from around the world.<\/p>\n<div class=\"embedly-clear\"><\/div>\n<p><span class=\"embedly-powered\" style=\"float:right;display:block\"><a target=\"_blank\" href=\"http:\/\/embed.ly?src=anywhere\" title=\"Powered by Embedly\"><img decoding=\"async\" src=\"\/\/static.embed.ly\/images\/logos\/embedly-powered-small-light.png\" alt=\"Embedly Powered\" \/><\/a><\/span><\/p>\n<div class=\"media-attribution\"><span>via <\/span><a href=\"http:\/\/www.passengertransport.co.uk\" class=\"media-attribution-link\" target=\"_blank\">Passengertransport<\/a><\/span><\/div>\n<div class=\"embedly-clear\"><\/div>\n<\/div>\n<\/div>\n<p>&nbsp;<\/p>\n","protected":false},"excerpt":{"rendered":"<p>C&rsquo;est le moins que l&rsquo;on puisse dire! \u00c0 l&rsquo;occasion du congr\u00e8s mondial de l&rsquo;Union internationale des transports publics (UITP) \u00e0 Gen\u00e8ve, organis\u00e9 fin mai, et qui a regroup\u00e9 plus de 10 000 participants, de nombreuses innovations y ont officiellement \u00e9t\u00e9 pr\u00e9sent\u00e9es. C&rsquo;est le cas de plusieurs syst\u00e8mes d&rsquo;\u00e9lectrification sp\u00e9cialement adapt\u00e9s aux autobus, par biberonnage ou &hellip; <\/p>\n<p><a class=\"more-link btn\" href=\"https:\/\/mvt.qc.ca\/fr\/2013\/06\/uitp2013-electrification-bus\/\">Lire la suite<\/a><\/p>\n","protected":false},"author":1,"featured_media":0,"comment_status":"open","ping_status":"open","sticky":false,"template":"","format":"standard","meta":{"footnotes":""},"categories":[211,18,14],"tags":[371,359,372,476,354,475],"class_list":["post-4398","post","type-post","status-publish","format-standard","hentry","category-actualites","category-autobus","category-trolleybus","tag-autobus-2","tag-biberonnage","tag-electrification","tag-induction","tag-trolleybus-2","tag-uitp","nodate","item-wrap"],"_links":{"self":[{"href":"https:\/\/mvt.qc.ca\/fr\/wp-json\/wp\/v2\/posts\/4398","targetHints":{"allow":["GET"]}}],"collection":[{"href":"https:\/\/mvt.qc.ca\/fr\/wp-json\/wp\/v2\/posts"}],"about":[{"href":"https:\/\/mvt.qc.ca\/fr\/wp-json\/wp\/v2\/types\/post"}],"author":[{"embeddable":true,"href":"https:\/\/mvt.qc.ca\/fr\/wp-json\/wp\/v2\/users\/1"}],"replies":[{"embeddable":true,"href":"https:\/\/mvt.qc.ca\/fr\/wp-json\/wp\/v2\/comments?post=4398"}],"version-history":[{"count":10,"href":"https:\/\/mvt.qc.ca\/fr\/wp-json\/wp\/v2\/posts\/4398\/revisions"}],"predecessor-version":[{"id":4409,"href":"https:\/\/mvt.qc.ca\/fr\/wp-json\/wp\/v2\/posts\/4398\/revisions\/4409"}],"wp:attachment":[{"href":"https:\/\/mvt.qc.ca\/fr\/wp-json\/wp\/v2\/media?parent=4398"}],"wp:term":[{"taxonomy":"category","embeddable":true,"href":"https:\/\/mvt.qc.ca\/fr\/wp-json\/wp\/v2\/categories?post=4398"},{"taxonomy":"post_tag","embeddable":true,"href":"https:\/\/mvt.qc.ca\/fr\/wp-json\/wp\/v2\/tags?post=4398"}],"curies":[{"name":"wp","href":"https:\/\/api.w.org\/{rel}","templated":true}]}}