{"id":4364,"date":"2013-06-12T13:30:24","date_gmt":"2013-06-12T17:30:24","guid":{"rendered":"http:\/\/mvt.tc\/fr\/?p=4364"},"modified":"2015-11-16T20:28:05","modified_gmt":"2015-11-17T00:28:05","slug":"totems-juin2013","status":"publish","type":"post","link":"https:\/\/mvt.qc.ca\/fr\/2013\/06\/totems-juin2013\/","title":{"rendered":"T.O.T.E.M.S. \/\/ 06.2013"},"content":{"rendered":"<p><img loading=\"lazy\" decoding=\"async\" class=\"alignleft\" src=\"https:\/\/mvt.qc.ca\/fr\/wp-content\/uploads\/2013\/05\/TOTEM1-231x300.png\" alt=\"TOTEM\" width=\"231\" height=\"300\" \/><\/p>\n<p style=\"text-align: justify;\">D\u00e9couvrez les comptes Twitter interactifs avec <a href=\"http:\/\/twitter.com\/mvt_tc\">@mvt_tc<\/a>!<\/p>\n<p style=\"text-align: justify;\">Une occasion de r\u00e9seauter avec des partenaires situ\u00e9s de part et d&rsquo;autre de l&rsquo;Atlantique&#8230;et plus loin parfois!<\/p>\n<p style=\"text-align: justify;\">Ce tableau sera augment\u00e9 au cours du mois, selon vos interactions. Au plaisir de vous lire!<\/p>\n<p><strong><span style=\"color: #008000;\">\u255e<\/span> <span style=\"color: #008000;\">T<\/span><span style=\"color: #000080;\">ransports<\/span><\/strong><br \/>\n<strong><span style=\"color: #008000;\">\u255e <\/span><span style=\"color: #008000;\">O<\/span><span style=\"color: #008000;\"><span style=\"color: #000080;\">rganisations<\/span><br \/>\n\u255e <\/span><span style=\"color: #008000;\">T<\/span><span style=\"color: #008000;\"><span style=\"color: #000080;\">erritoire<\/span><br \/>\n\u255e<\/span> <span style=\"color: #008000;\">E<\/span><span style=\"color: #000080;\">nvironnement et \u00e9nergie<\/span><\/strong><br \/>\n<strong><span style=\"color: #008000;\">\u255e <\/span><span style=\"color: #008000;\">M<\/span><span style=\"color: #008000;\"><span style=\"color: #000080;\">obilit\u00e9<\/span><br \/>\n\u255e <\/span><span style=\"color: #008000;\">S<\/span><span style=\"color: #000080;\">oci\u00e9t\u00e9<\/span><\/strong><\/p>\n<p>\u00c9ditions ant\u00e9rieures :<br \/>\n2012 : <a title=\"T.O.T.E.M.S. \/\/ 10.2012\" href=\"https:\/\/mvt.qc.ca\/fr\/2012\/10\/totems\/\">Octobre &#8211; <\/a><a title=\"T.O.T.E.M.S. \/\/ 11.2012\" href=\"https:\/\/mvt.qc.ca\/fr\/2012\/11\/totems-nov12\/\">Novembre<\/a><a title=\"T.O.T.E.M.S. \/\/ 10.2012\" href=\"https:\/\/mvt.qc.ca\/fr\/2012\/10\/totems\/\"> &#8211; <\/a><a title=\"T.O.T.E.M.S. \/\/ 12.2012\" href=\"https:\/\/mvt.qc.ca\/fr\/2012\/12\/totems-dec12\/\">D\u00e9cembre<\/a><br \/>\n2013 : <a title=\"T.O.T.E.M.S. \/\/ 01.2013\" href=\"https:\/\/mvt.qc.ca\/fr\/2013\/01\/totems-jan13\/\">Janvier &#8211; <\/a><a title=\"T.O.T.E.M.S. \/\/ 02.2013\" href=\"https:\/\/mvt.qc.ca\/fr\/2013\/02\/totems-fev2013\/\">F\u00e9vrier &#8211; <\/a><a title=\"T.O.T.E.M.S. \/\/ 03.2013\" href=\"https:\/\/mvt.qc.ca\/fr\/2013\/03\/totems-mar2013\/\">Mars &#8211; <\/a><a title=\"T.O.T.E.M.S. \/\/ 04.2013\" href=\"https:\/\/mvt.qc.ca\/fr\/2013\/04\/totems-avr2013\/\">Avril<\/a> <a title=\"T.O.T.E.M.S. \/\/ 05.2013\" href=\"https:\/\/mvt.qc.ca\/fr\/2013\/05\/totems-mai2013\/\">&#8211; Mai<\/a><\/p>\n<p>____________________________________________________________________________________<\/p>\n<p><em>En ordre alphab\u00e9tique inverse, cette fois-ci! \ud83d\ude42<\/p>\n<p><\/em><\/p>\n<table border=\"0\" cellspacing=\"0\">\n<colgroup width=\"149\"><\/colgroup>\n<colgroup width=\"536\"><\/colgroup>\n<tbody>\n<tr>\n<td align=\"LEFT\" height=\"19\"><span style=\"color: #000000;\"><a href=\"http:\/\/twitter.com\/XavierTackoen\">@XavierTackoen<\/a><\/span><\/td>\n<td align=\"LEFT\"><span style=\"color: #000000;\"> Managing Director of Espaces-Mobilit\u00e9s (Bruxelles)<\/span><\/td>\n<\/tr>\n<tr>\n<td align=\"LEFT\" height=\"19\"><a href=\"http:\/\/twitter.com\/Villescyclables\">@Villescyclables<\/a><\/td>\n<td align=\"LEFT\">Le club des villes et territoires cyclables (France)<\/td>\n<\/tr>\n<tr>\n<td align=\"LEFT\" height=\"19\">@Vero_Varlin<\/td>\n<td align=\"LEFT\">V\u00e9ronique Varlin, directrice des \u00e9tudes chez Havas Worldwide Paris<\/td>\n<\/tr>\n<tr>\n<td align=\"LEFT\" height=\"19\"><a href=\"http:\/\/twitter.com\/TransportView\">@TransportView<\/a><\/td>\n<td align=\"LEFT\">News &amp; information: roads, rail freight &amp; PT, transport science and tech.<\/td>\n<\/tr>\n<tr>\n<td align=\"LEFT\" height=\"19\"><span style=\"color: #000000;\"><a href=\"https:\/\/twitter.com\/transitmy\">@transitmy<\/a><\/span><\/td>\n<td align=\"LEFT\"><span style=\"color: #000000;\"> TRANSIT &#8211; A voice for public transport users in Malaysia (Kuala Lumpur)<\/span><\/td>\n<\/tr>\n<tr>\n<td align=\"LEFT\" height=\"19\"><a href=\"http:\/\/twitter.com\/thomavenel\">@thomavenel<\/a><\/td>\n<td align=\"LEFT\">Thomas Avenel, #mobilit\u00e9urbaine #associatif #secteurmedicosocial (France)<\/td>\n<\/tr>\n<tr>\n<td align=\"LEFT\" height=\"19\"><span style=\"color: #000000;\"><a href=\"http:\/\/twitter.com\/ThibaudDELETRAZ\">@ThibaudDELETRAZ<\/a><\/span><\/td>\n<td align=\"LEFT\"><span style=\"color: #000000;\"> Acteur de la relation client dans le domaine de la mobilit\u00e9 (France)<\/span><\/td>\n<\/tr>\n<tr>\n<td align=\"LEFT\" height=\"19\"><span style=\"color: #000000;\"><a href=\"http:\/\/twitter.com\/TdF__ademe\">@TdF__ademe<\/a><\/span><\/td>\n<td align=\"LEFT\"><span style=\"color: #000000;\"> Gabriel Plassat, ing\u00e9nieur Energies &amp; Prospectives, ADEME (France)<\/span><\/td>\n<\/tr>\n<tr>\n<td align=\"LEFT\" height=\"19\"><a href=\"http:\/\/twitter.com\/SylvainOuellet\">@SylvainOuellet<\/a><\/td>\n<td align=\"LEFT\">\u00c9co-conseiller politique #DD, mairie de Montr\u00e9al<\/td>\n<\/tr>\n<tr>\n<td align=\"LEFT\" height=\"19\"><a href=\"http:\/\/twitter.com\/SunTrotteuse\">@SunTrotteuse<\/a><\/td>\n<td align=\"LEFT\">V\u00e9lo \u00e0 assistance \u00e9lectrique solaire\u2026 de Savoie au Kazakhstan (Montr\u00e9al)<\/td>\n<\/tr>\n<tr>\n<td align=\"LEFT\" height=\"19\"><a href=\"http:\/\/twitter.com\/stifoon\">@stifoon<\/a><\/td>\n<td align=\"LEFT\">Stephan Simart, responsable de l&rsquo;\u00e9quipe RO, Canal TP (Paris)<\/td>\n<\/tr>\n<tr>\n<td align=\"LEFT\" height=\"19\"><a href=\"http:\/\/twitter.com\/SolenneCucchi\">@SolenneCucchi<\/a><\/td>\n<td align=\"LEFT\"><em> Urban planner. Sust. Mobility and Environment project manager (Bogota)<\/em><\/td>\n<\/tr>\n<tr>\n<td align=\"LEFT\" height=\"19\"><a href=\"http:\/\/twitter.com\/smbilodeau\">@smbilodeau<\/a><\/td>\n<td align=\"LEFT\">St\u00e9phane Bilodeau, pr\u00e9sident, Groupe Enerstat inc. (Sherbrooke)<\/td>\n<\/tr>\n<tr>\n<td align=\"LEFT\" height=\"19\"><a href=\"http:\/\/twitter.com\/S_yelle\">@S_yelle<\/a><\/td>\n<td align=\"LEFT\">Sylvain Yelle, \u00ab Parlez-moi de (\u2026) transport collectif, j\u2019adore! \u00bb (Montr\u00e9al)<\/td>\n<\/tr>\n<tr>\n<td align=\"LEFT\" height=\"19\">@PTremblay_Vert<\/td>\n<td align=\"LEFT\">Pierre Tremblay, VP francophone, Parti vert du Canada<\/td>\n<\/tr>\n<tr>\n<td align=\"LEFT\" height=\"19\">@Peterzestrong<\/td>\n<td align=\"LEFT\">Pierre Lefort\u2026aka PeterZestrong, Digital and Interactive Advisor (Montr\u00e9al)<\/td>\n<\/tr>\n<tr>\n<td align=\"LEFT\" height=\"19\"><span style=\"color: #000000;\"><a href=\"http:\/\/twitter.com\/perdlespedales\">@perdlespedales<\/a><\/span><\/td>\n<td align=\"LEFT\"><span style=\"color: #000000;\"> Ronald Houde, Slow V\u00e9lo, ski de fond et un monde durable (Montr\u00e9al)<\/span><\/td>\n<\/tr>\n<tr>\n<td align=\"LEFT\" height=\"19\"><span style=\"color: #000000;\"><a href=\"http:\/\/twitter.com\/OlivierRazemon\">@OlivierRazemon<\/a><\/span><\/td>\n<td align=\"LEFT\"><span style=\"color: #000000;\"> Journaliste. Transports. V\u00e9lo. Ville. Voyages (Europe)<\/span><\/td>\n<\/tr>\n<tr>\n<td align=\"LEFT\" height=\"19\"><a href=\"http:\/\/twitter.com\/MrioGrnier\">@MrioGrnier<\/a><\/td>\n<td align=\"LEFT\">Mario Grenier, journaliste d\u00e9sabus\u00e9 et d\u00e9froqu\u00e9 (r\u00e9gion de Montr\u00e9al)<\/td>\n<\/tr>\n<tr>\n<td align=\"LEFT\" height=\"19\"><span style=\"color: #000000;\">@Mobiligo<\/span><\/td>\n<td align=\"LEFT\"><span style=\"color: #000000;\"> Promouvoir et faciliter l\u2019utilisation des transports durables (Montr\u00e9al) <\/span><\/td>\n<\/tr>\n<tr>\n<td align=\"LEFT\" height=\"19\"><a href=\"http:\/\/twitter.com\/MedMezghani\">@MedMezghani<\/a><\/td>\n<td align=\"LEFT\">Mohamed Mezghani, Public Transport and Urban Mobility (France)<\/td>\n<\/tr>\n<tr>\n<td align=\"LEFT\" height=\"19\"><a href=\"http:\/\/twitter.com\/mardiDD\">@mardiDD<\/a><\/td>\n<td align=\"LEFT\">Partagez vos initiatives et projets futurs via le hashtag #mardiDD (Montr\u00e9al)<\/td>\n<\/tr>\n<tr>\n<td align=\"LEFT\" height=\"19\"><a href=\"http:\/\/twitter.com\/ludovicbu\">@ludovicbu<\/a><\/td>\n<td align=\"LEFT\">Mobilit\u00e9, \u00e9cologie, musique de qualit\u00e9, et quelques autres trucs (France)<\/td>\n<\/tr>\n<tr>\n<td align=\"LEFT\" height=\"19\"><a href=\"http:\/\/twitter.com\/LucRabouin\">@LucRabouin<\/a><\/td>\n<td align=\"LEFT\">Directeur de la Soci\u00e9t\u00e9 d\u2019autopartage Mobizen (Paris)<\/td>\n<\/tr>\n<tr>\n<td align=\"LEFT\" height=\"19\"><a href=\"http:\/\/twitter.com\/lescarbeau\">@lescarbeau<\/a><\/td>\n<td align=\"LEFT\">Nicholas Lescarbeau, organisateur \u2013 Qu\u00e9bec, Parti vert du Canada<\/td>\n<\/tr>\n<tr>\n<td align=\"LEFT\" height=\"19\"><a href=\"http:\/\/twitter.com\/lefevreg\">@lefevreg<\/a><\/td>\n<td align=\"LEFT\"><span style=\"color: #000000;\"> Guillaume Lef\u00e8vre, optimisation et s\u00e9curit\u00e9 des transports (Noum\u00e9a)<\/span><\/td>\n<\/tr>\n<tr>\n<td align=\"LEFT\" height=\"19\"><a href=\"http:\/\/twitter.com\/LeblancDanny\">@LeblancDanny<\/a><\/td>\n<td align=\"LEFT\">\u00a0Vice-Pr\u00e9sident D\u00e9veloppement des affaires @WILL_Solutions (Qu\u00e9bec)<\/td>\n<\/tr>\n<tr>\n<td align=\"LEFT\" height=\"19\"><span style=\"color: #000000;\"><a href=\"http:\/\/twitter.com\/Le_bug_urbain\">@Le_bug_urbain<\/a><\/span><\/td>\n<td align=\"LEFT\"><span style=\"color: #000000;\"> Usages des espaces publics, mobilit\u00e9 et question du genre en ville (Paris)<\/span><\/td>\n<\/tr>\n<tr>\n<td align=\"LEFT\" height=\"19\"><a href=\"http:\/\/twitter.com\/LadiesMobility\">@LadiesMobility<\/a><\/td>\n<td align=\"LEFT\">Projet collaboratif sur la mobilit\u00e9 durable et la diversit\u00e9 (Monaco)<\/td>\n<\/tr>\n<tr>\n<td align=\"LEFT\" height=\"19\"><a href=\"http:\/\/twitter.com\/keoscopie\">@keoscopie<\/a><\/td>\n<td align=\"LEFT\">Observatoire permanent des modes de vie et de la mobilit\u00e9 de Keolis (Paris)<\/td>\n<\/tr>\n<tr>\n<td align=\"LEFT\" height=\"19\"><a href=\"http:\/\/twitter.com\/Juliendelabaca\">@Juliendelabaca<\/a><\/td>\n<td align=\"LEFT\">Le Facilitateur de Mobilit\u00e9 (Aquitaine)<\/td>\n<\/tr>\n<tr>\n<td align=\"LEFT\" height=\"19\"><a href=\"http:\/\/twitter.com\/JulienBargeton\">@JulienBargeton<\/a><\/td>\n<td align=\"LEFT\">D\u00e9placements, des transports et espace public (Mairie de Paris)<\/td>\n<\/tr>\n<tr>\n<td align=\"LEFT\" height=\"19\"><a href=\"http:\/\/twitter.com\/JulesVilleneuve\">@JulesVilleneuve<\/a><\/td>\n<td align=\"LEFT\">Julien Villeneuve, chef de projet chez Canal TP (r\u00e9gion parisienne)<\/td>\n<\/tr>\n<tr>\n<td align=\"LEFT\" height=\"19\"><a href=\"http:\/\/twitter.com\/JeffD_x\">@JeffD_x<\/a><\/td>\n<td align=\"LEFT\">Jeff Desruisseaux. Mobility, sustainability, technology and innovation (Montr\u00e9al)<\/td>\n<\/tr>\n<tr>\n<td align=\"LEFT\" height=\"19\"><span style=\"color: #000000;\"><a href=\"http:\/\/twitter.com\/jboutill\">@jboutill<\/a><\/span><\/td>\n<td align=\"LEFT\"><span style=\"color: #000000;\"> J\u00e9r\u00f4me Boutillier, mobilit\u00e9, #DD et nouvelles TI\u2026 (Orzens, Suisse)<\/span><\/td>\n<\/tr>\n<tr>\n<td align=\"LEFT\" height=\"19\"><a href=\"http:\/\/twitter.com\/iterMobilites\">@iterMobilites<\/a><\/td>\n<td align=\"LEFT\">Coop\u00e9rative de conseil en mobilit\u00e9s-transport-d\u00e9placements (Toulouse, Paris)<\/td>\n<\/tr>\n<tr>\n<td align=\"LEFT\" height=\"19\"><a href=\"http:\/\/twitter.com\/iledefrancefr\">@iledefrancefr<\/a><\/td>\n<td align=\"LEFT\">R\u00e9gion \u00cele de France<\/td>\n<\/tr>\n<tr>\n<td align=\"LEFT\" height=\"19\"><a href=\"http:\/\/twitter.com\/igianpaolo\">@igianpaolo<\/a><\/td>\n<td align=\"LEFT\">Giungere all&rsquo;essenziale &lsquo;per via di levare (Roma)<\/td>\n<\/tr>\n<tr>\n<td align=\"LEFT\" height=\"19\"><a href=\"http:\/\/twitter.com\/hachehach\">@hachehach<\/a><\/td>\n<td align=\"LEFT\">V\u00e9ronique Hach\u00e9, directrice du syndicat mixte Autolib (France)<\/td>\n<\/tr>\n<tr>\n<td align=\"LEFT\" height=\"19\"><span style=\"color: #000000;\"><a href=\"http:\/\/twitter.com\/GroupeChronos\">@GroupeChronos<\/a><\/span><\/td>\n<td align=\"LEFT\"><span style=\"color: #000000;\"> Etudes sociologiques et innovation dans les mobilit\u00e9s et les villes 2.0 (Paris)<\/span><\/td>\n<\/tr>\n<tr>\n<td align=\"LEFT\" height=\"19\"><span style=\"color: #000000;\"><a href=\"http:\/\/twitter.com\/globestoppeuse\">@globestoppeuse<\/a><\/span><\/td>\n<td align=\"LEFT\"><span style=\"color: #000000;\"> Anick-Marie, conf\u00e9renci\u00e8re voyage d&rsquo;aventure alternatif (Montr\u00e9al)<\/span><\/td>\n<\/tr>\n<tr>\n<td align=\"LEFT\" height=\"19\"><span style=\"color: #000000;\"><a href=\"http:\/\/twitter.com\/gancille\">@gancille<\/a><\/span><\/td>\n<td align=\"LEFT\"><span style=\"color: #000000;\"> Jean-Marc Gancille, dir. DD du Groupe EVOLUTION (Bordeaux)<\/span><\/td>\n<\/tr>\n<tr>\n<td align=\"LEFT\" height=\"19\"><span style=\"color: #000000;\"><a href=\"http:\/\/twitter.com\/FViesMobiles\">@FViesMobiles<\/a><\/span><\/td>\n<td align=\"LEFT\"><span style=\"color: #000000;\"> Le Forum Vies Mobiles imagine les bonnes vies mobiles du futur (France)<\/span><\/td>\n<\/tr>\n<tr>\n<td align=\"LEFT\" height=\"19\"><a href=\"http:\/\/twitter.com\/Fniro\">@Fniro<\/a><\/td>\n<td align=\"LEFT\">Franco Niro, planification urbaine et transport (Montr\u00e9al)<\/td>\n<\/tr>\n<tr>\n<td align=\"LEFT\" height=\"19\"><span style=\"color: #000000;\"><a href=\"http:\/\/twitter.com\/Fnaut_PdL\">@Fnaut_PdL<\/a><\/span><\/td>\n<td align=\"LEFT\"><span style=\"color: #000000;\"> FNAUT Pays de Loire (France)<\/span><\/td>\n<\/tr>\n<tr>\n<td align=\"LEFT\" height=\"19\"><a href=\"http:\/\/twitter.com\/FerroviariosMD\">@FerroviariosMD<\/a><\/td>\n<td align=\"LEFT\">El ferrocarril p\u00fablico y como servicio al ciudadano est\u00e1 en peligro (Madrid)<\/td>\n<\/tr>\n<tr>\n<td align=\"LEFT\" height=\"19\"><a href=\"http:\/\/twitter.com\/enerev\">@enerev<\/a><\/td>\n<td align=\"LEFT\">Energy Revolution. Suivi de l\u2019actualit\u00e9 de la transition \u00e9nerg\u00e9tique (Alsace)<\/td>\n<\/tr>\n<tr>\n<td align=\"LEFT\" height=\"19\"><a href=\"http:\/\/twitter.com\/ElNahual\">@ElNahual<\/a><\/td>\n<td align=\"LEFT\">Economista, con maestr\u00eda en urbanismo (M\u00e9xico)<\/td>\n<\/tr>\n<tr>\n<td align=\"LEFT\" height=\"19\"><span style=\"color: #000000;\"><a href=\"http:\/\/twitter.com\/DuflosAlexis\">@DuflosAlexis<\/a><\/span><\/td>\n<td align=\"LEFT\"><span style=\"color: #000000;\"> Secteur des v\u00e9hicules \u00e9lectriques, cr\u00e9ateur du BLOGaL (Marseille)<\/span><\/td>\n<\/tr>\n<tr>\n<td align=\"LEFT\" height=\"19\"><a href=\"http:\/\/twitter.com\/djoudjev\">@djoudjev<\/a><\/td>\n<td align=\"LEFT\">Electro-Mobility Entrepreneur (Paris, London, New York)<\/td>\n<\/tr>\n<tr>\n<td align=\"LEFT\" height=\"19\"><a href=\"http:\/\/twitter.com\/DeplacementsPro\">@DeplacementsPro<\/a><\/td>\n<td align=\"LEFT\">Marcel Levy, premier site d\u2019actualit\u00e9 du voyage d\u2019affaires (Paris)<\/td>\n<\/tr>\n<tr>\n<td align=\"LEFT\" height=\"19\"><span style=\"color: #000000;\"><a href=\"http:\/\/twitter.com\/ConseilsMD\">@ConseilsMD<\/a><\/span><\/td>\n<td align=\"LEFT\"><span style=\"color: #000000;\"> Jean-Ren\u00e9 Moussu, expertise et audits (France)<\/span><\/td>\n<\/tr>\n<tr>\n<td align=\"LEFT\" height=\"19\"><span style=\"color: #000000;\"><a href=\"http:\/\/twitter.com\/Conducteur_SNCF\">@Conducteur_SNCF<\/a><\/span><\/td>\n<td align=\"LEFT\"><span style=\"color: #000000;\"> Conducteur de trains SNCF TER Midi-Pyr\u00e9n\u00e9es (France)<\/span><\/td>\n<\/tr>\n<tr>\n<td align=\"LEFT\" height=\"19\"><a href=\"http:\/\/twitter.com\/Communauto\">@Communauto<\/a><\/td>\n<td align=\"LEFT\"><span style=\"color: #000000;\"> Le plus ancien service d\u2019autopartage en Am\u00e9rique du Nord<\/span><\/td>\n<\/tr>\n<tr>\n<td align=\"LEFT\" height=\"19\"><span style=\"color: #000000;\"><a href=\"http:\/\/twitter.com\/ClJourdain\">@ClJourdain<\/a><\/span><\/td>\n<td align=\"LEFT\"><span style=\"color: #000000;\"> Claude Jourdain, expert en \u00e9conomie sociale (Montr\u00e9al)<\/span><\/td>\n<\/tr>\n<tr>\n<td align=\"LEFT\" height=\"19\"><a href=\"http:\/\/twitter.com\/clazare1\">@clazare1<\/a><\/td>\n<td align=\"LEFT\">Cathy Lazare, sensibilisation en mati\u00e8re d&rsquo;environnement et de sant\u00e9 (Paris)<\/td>\n<\/tr>\n<tr>\n<td align=\"LEFT\" height=\"19\"><span style=\"color: #000000;\"><a href=\"http:\/\/twitter.com\/ClaudeJ_Lavoie\">@ClaudeJ_Lavoie<\/a><\/span><\/td>\n<td align=\"LEFT\"><span style=\"color: #000000;\"> Centre de conversions \u00c9copropane (Montr\u00e9al)<\/span><\/td>\n<\/tr>\n<tr>\n<td align=\"LEFT\" height=\"19\"><a href=\"http:\/\/twitter.com\/Clairetteda\">@Clairetteda<\/a><\/td>\n<td align=\"LEFT\">Claire Davoult, urbaniste sp\u00e9cialis\u00e9e dans les transports (France)<\/td>\n<\/tr>\n<tr>\n<td align=\"LEFT\" height=\"19\"><span style=\"color: #000000;\"><a href=\"http:\/\/twitter.com\/chgl95\">@chgl95<\/a><\/span><\/td>\n<td align=\"LEFT\"><span style=\"color: #000000;\"> Christian Grellier. Directeur Innovation de Bouygues Immobilier (Paris)<\/span><\/td>\n<\/tr>\n<tr>\n<td align=\"LEFT\" height=\"19\"><span style=\"color: #000000;\"><a href=\"http:\/\/twitter.com\/Cecile_Lecoq\">@Cecile_Lecoq<\/a><\/span><\/td>\n<td align=\"LEFT\"><span style=\"color: #000000;\"> Analyste marketing pour une soci\u00e9t\u00e9 de transport en commun (Canada)<\/span><\/td>\n<\/tr>\n<tr>\n<td align=\"LEFT\" height=\"19\"><a href=\"http:\/\/twitter.com\/carpoolingFR\">@carpoolingFR<\/a><\/td>\n<td align=\"LEFT\">Pour r\u00e9duire ses \u00e9missions de CO2 et ses co\u00fbts de transport (Europe)<\/td>\n<\/tr>\n<tr>\n<td align=\"LEFT\" height=\"19\"><a href=\"http:\/\/twitter.com\/canadiantransit\">@canadiantransit<\/a><\/td>\n<td align=\"LEFT\"><span style=\"color: #000000;\"> Association canadienne du transport urbain (Canada)<\/span><\/td>\n<\/tr>\n<tr>\n<td align=\"LEFT\" height=\"19\"><span style=\"color: #000000;\"><a href=\"http:\/\/twitter.com\/brunfal\">@brunfal<\/a><\/span><\/td>\n<td align=\"LEFT\"><span style=\"color: #000000;\"> Bruno Falardeau, urbanisme durable et transports collectifs (Montr\u00e9al)<\/span><\/td>\n<\/tr>\n<tr>\n<td align=\"LEFT\" height=\"19\"><a href=\"http:\/\/twitter.com\/BrentToderian\">@BrentToderian<\/a><\/td>\n<td align=\"LEFT\">City planner + urbanist, <a href=\"http:\/\/twitter.com\/TODUrbanWORKS\">@TODUrbanWORKS<\/a> (Vancouver)<\/td>\n<\/tr>\n<tr>\n<td align=\"LEFT\" height=\"19\"><span style=\"color: #000000;\"><a href=\"http:\/\/twitter.com\/bloomee\">@bloomee<\/a><\/span><\/td>\n<td align=\"LEFT\"><span style=\"color: #000000;\"> Brice L., #EELV #\u00e9nergie #mobilit\u00e9 #logement \u2026 (Paris)<\/span><\/td>\n<\/tr>\n<tr>\n<td align=\"LEFT\" height=\"19\"><a href=\"http:\/\/twitter.com\/bgoss44\">@bgoss44<\/a><\/td>\n<td align=\"LEFT\">Bertrand Gosselin : changer l\u2019image des transports publics\u2026 (Paris)<\/td>\n<\/tr>\n<tr>\n<td align=\"LEFT\" height=\"19\"><span style=\"color: #000000;\"><a href=\"http:\/\/twitter.com\/BeaulieuEric1\">@BeaulieuEric1<\/a><\/span><\/td>\n<td align=\"LEFT\"><span style=\"color: #000000;\"> Eric Beaulieu, conseiller municipal (Longueuil)<\/span><\/td>\n<\/tr>\n<tr>\n<td align=\"LEFT\" height=\"19\"><span style=\"color: #000000;\"><a href=\"http:\/\/twitter.com\/AvPestel\">@AvPestel<\/a><\/span><\/td>\n<td align=\"LEFT\"><span style=\"color: #000000;\"> Alexandre Van Pestel, Dir. &amp; Project Mgr at Espaces-Mobilit\u00e9s (Bruxelles)<\/span><\/td>\n<\/tr>\n<tr>\n<td align=\"LEFT\" height=\"19\"><span style=\"color: #000000;\"><a href=\"http:\/\/twitter.com\/AutopartageMtl\">@AutopartageMtl<\/a><\/span><\/td>\n<td align=\"LEFT\"><span style=\"color: #000000;\"> Information, promotion et \u00e9change sur l\u2019autopartage \u00e0 Montr\u00e9al<\/span><\/td>\n<\/tr>\n<tr>\n<td align=\"LEFT\" height=\"19\"><span style=\"color: #000000;\"><a href=\"http:\/\/twitter.com\/Arzhur2v\">@Arzhur2v<\/a><\/span><\/td>\n<td align=\"LEFT\"><span style=\"color: #000000;\"> Arthur Devay, tr\u00e9sorier et webmaster, HSF-TOGO France<\/span><\/td>\n<\/tr>\n<tr>\n<td align=\"LEFT\" height=\"19\"><a href=\"http:\/\/twitter.com\/alexlampron\">@alexlampron<\/a><\/td>\n<td align=\"LEFT\">Alexandre Lampron. Coord. actualit\u00e9 politique (Mont\u00e9r\u00e9gie, Qu\u00e9bec)<\/td>\n<\/tr>\n<tr>\n<td align=\"LEFT\" height=\"19\"><a href=\"http:\/\/twitter.com\/15marches\">@15marches<\/a><\/td>\n<td align=\"LEFT\">Agence de conseil en strat\u00e9gie et marketing des services (Rennes)<\/td>\n<\/tr>\n<\/tbody>\n<\/table>\n","protected":false},"excerpt":{"rendered":"<p>D\u00e9couvrez les comptes Twitter interactifs avec @mvt_tc! Une occasion de r\u00e9seauter avec des partenaires situ\u00e9s de part et d&rsquo;autre de l&rsquo;Atlantique&#8230;et plus loin parfois! Ce tableau sera augment\u00e9 au cours du mois, selon vos interactions. Au plaisir de vous lire! \u255e Transports \u255e Organisations \u255e Territoire \u255e Environnement et \u00e9nergie \u255e Mobilit\u00e9 \u255e Soci\u00e9t\u00e9 \u00c9ditions &hellip; <\/p>\n<p><a class=\"more-link btn\" href=\"https:\/\/mvt.qc.ca\/fr\/2013\/06\/totems-juin2013\/\">Lire la suite<\/a><\/p>\n","protected":false},"author":1,"featured_media":0,"comment_status":"open","ping_status":"open","sticky":false,"template":"","format":"standard","meta":{"footnotes":""},"categories":[1],"tags":[],"class_list":["post-4364","post","type-post","status-publish","format-standard","hentry","category-divers","nodate","item-wrap"],"_links":{"self":[{"href":"https:\/\/mvt.qc.ca\/fr\/wp-json\/wp\/v2\/posts\/4364","targetHints":{"allow":["GET"]}}],"collection":[{"href":"https:\/\/mvt.qc.ca\/fr\/wp-json\/wp\/v2\/posts"}],"about":[{"href":"https:\/\/mvt.qc.ca\/fr\/wp-json\/wp\/v2\/types\/post"}],"author":[{"embeddable":true,"href":"https:\/\/mvt.qc.ca\/fr\/wp-json\/wp\/v2\/users\/1"}],"replies":[{"embeddable":true,"href":"https:\/\/mvt.qc.ca\/fr\/wp-json\/wp\/v2\/comments?post=4364"}],"version-history":[{"count":29,"href":"https:\/\/mvt.qc.ca\/fr\/wp-json\/wp\/v2\/posts\/4364\/revisions"}],"predecessor-version":[{"id":7037,"href":"https:\/\/mvt.qc.ca\/fr\/wp-json\/wp\/v2\/posts\/4364\/revisions\/7037"}],"wp:attachment":[{"href":"https:\/\/mvt.qc.ca\/fr\/wp-json\/wp\/v2\/media?parent=4364"}],"wp:term":[{"taxonomy":"category","embeddable":true,"href":"https:\/\/mvt.qc.ca\/fr\/wp-json\/wp\/v2\/categories?post=4364"},{"taxonomy":"post_tag","embeddable":true,"href":"https:\/\/mvt.qc.ca\/fr\/wp-json\/wp\/v2\/tags?post=4364"}],"curies":[{"name":"wp","href":"https:\/\/api.w.org\/{rel}","templated":true}]}}