{"id":4319,"date":"2013-06-10T14:00:56","date_gmt":"2013-06-10T18:00:56","guid":{"rendered":"http:\/\/mvt.tc\/fr\/?p=4319"},"modified":"2014-07-06T20:58:22","modified_gmt":"2014-07-07T00:58:22","slug":"tramway-nextram","status":"publish","type":"post","link":"https:\/\/mvt.qc.ca\/fr\/2013\/06\/tramway-nextram\/","title":{"rendered":"Un combo tramway + infrastructure"},"content":{"rendered":"<p style=\"text-align: justify;\">Les tramways modernes requi\u00e8rent leur lot de travaux d&rsquo;infrastructures, ce qui alourdit le cheminement vers leur mise en place. Afin de simplifier la vie aux autorit\u00e9s organisatrices de transport, et rendre les tramways financi\u00e8rement plus concurrentiels avec les BHNS (bus \u00e0 haut niveau de service), les entreprises <a href=\"http:\/\/www.caf.es\/\"><strong>CAF<\/strong><\/a> (mat\u00e9riel roulant) et <a href=\"http:\/\/www.vinci.com\/\"><strong>Vinci<\/strong><\/a> (infrastructures) se sont associ\u00e9es pour proposer <a href=\"http:\/\/www.nextram.fr\/\"><strong>Nextram<\/strong><\/a>, une offre combin\u00e9e. Il ne leur restera plus qu&rsquo;\u00e0 proposer les services d&rsquo;exploitation et de disposition des infrastructures et du mat\u00e9riel roulant pour boucler leur cycle de vie!<\/p>\n<div class=\"mceItemEmbedly\" style=\"max-width: 600px;max-width:600px;\" data-ajax=\"{'url':'http:\/\/www.mobilicites.com\/fr_actualites_vinci-et-caf-proposent-un-tramway--cle-en-main--et-encore-moins-cher_0_77_2584.html','width':'600','words':'30','height':null,'embed':'&lt;div class=\\&quot;embedly\\&quot; style=\\&quot;max-width:600px;max-height:nullpx\\&quot;&gt;&lt;img src=\\&quot;http:\/\/www.mobilicites.com\/admin\/image\/6e0c842f8e19b1bbb6b63c7cd28bbc60_tramway_besancon_caf.jpg\\&quot; class=\\&quot;thumb embedly-thumbnail-small\\&quot; \/&gt;&lt;a class=\\'embedly-title\\' href=\\'http:\/\/www.mobilicites.com\/fr_actualites_vinci-et-caf-proposent-un-tramway--cle-en-main--et-encore-moins-cher_0_77_2584.html\\'&gt;Vinci et CAF proposent un tramway \\&quot;cl\\u00e9 en main\\&quot; et encore moins cher&lt;\/a&gt;Nextram, c\\'est l\\'offre globale comprenant la construction de la voie et la fourniture des rames de tramway lanc\\u00e9e par Vinci et le constructeur ferroviaire d\\'origine espagnole CAF.&lt;div class=\\&quot;embedly-clear\\&quot;&gt;&lt;\/div&gt;&lt;span class=\\&quot;embedly-powered\\&quot; style=\\&quot;float:right;display:block\\&quot;&gt;&lt;a target=\\&quot;_blank\\&quot; href=\\&quot;http:\/\/embed.ly?src=anywhere\\&quot; title=\\&quot;Powered by Embedly\\&quot;&gt;&lt;img src=\\&quot;\/\/static.embed.ly\/images\/logos\/embedly-powered-small-light.png\\&quot; alt=\\&quot;Embedly Powered\\&quot; \/&gt;&lt;\/a&gt;&lt;\/span&gt;&lt;div class=\\&quot;media-attribution\\&quot;&gt;&lt;span&gt;via &lt;\/span&gt;&lt;a href=\\&quot;http:\/\/www.mobilicites.com\\&quot; class=\\&quot;media-attribution-link\\&quot; target=\\&quot;_blank\\&quot;&gt;Mobilicites&lt;\/a&gt;&lt;\/span&gt;&lt;\/div&gt;&lt;div class=\\&quot;embedly-clear\\&quot;&gt;&lt;\/div&gt;&lt;\/div&gt;'}\">\n<div class=\"embedly\" style=\"max-width:600px;max-height:nullpx\"><a class='embedly-title' href='http:\/\/www.mobilicites.com\/fr_actualites_vinci-et-caf-proposent-un-tramway--cle-en-main--et-encore-moins-cher_0_77_2584.html'>Vinci et CAF proposent un tramway \u00ab\u00a0cl\u00e9 en main\u00a0\u00bb et encore moins cher<\/a>Nextram, c&rsquo;est l&rsquo;offre globale comprenant la construction de la voie et la fourniture des rames de tramway lanc\u00e9e par Vinci et le constructeur ferroviaire d&rsquo;origine espagnole CAF.<\/p>\n<div class=\"embedly-clear\"><\/div>\n<p><span class=\"embedly-powered\" style=\"float:right;display:block\"><a target=\"_blank\" href=\"http:\/\/embed.ly?src=anywhere\" title=\"Powered by Embedly\"><img decoding=\"async\" src=\"\/\/static.embed.ly\/images\/logos\/embedly-powered-small-light.png\" alt=\"Embedly Powered\" \/><\/a><\/span><\/p>\n<div class=\"media-attribution\"><span>via <\/span><a href=\"http:\/\/www.mobilicites.com\" class=\"media-attribution-link\" target=\"_blank\">Mobilicites<\/a><\/span><\/div>\n<div class=\"embedly-clear\"><\/div>\n<\/div>\n<\/div>\n<p>&nbsp;<\/p>\n","protected":false},"excerpt":{"rendered":"<p>Les tramways modernes requi\u00e8rent leur lot de travaux d&rsquo;infrastructures, ce qui alourdit le cheminement vers leur mise en place. Afin de simplifier la vie aux autorit\u00e9s organisatrices de transport, et rendre les tramways financi\u00e8rement plus concurrentiels avec les BHNS (bus \u00e0 haut niveau de service), les entreprises CAF (mat\u00e9riel roulant) et Vinci (infrastructures) se sont &hellip; <\/p>\n<p><a class=\"more-link btn\" href=\"https:\/\/mvt.qc.ca\/fr\/2013\/06\/tramway-nextram\/\">Lire la suite<\/a><\/p>\n","protected":false},"author":1,"featured_media":0,"comment_status":"open","ping_status":"open","sticky":false,"template":"","format":"standard","meta":{"footnotes":""},"categories":[211,13],"tags":[278,472,474,471,473],"class_list":["post-4319","post","type-post","status-publish","format-standard","hentry","category-actualites","category-tramway","tag-bhns","tag-caf","tag-cle-en-mains","tag-nextram","tag-vinci","nodate","item-wrap"],"_links":{"self":[{"href":"https:\/\/mvt.qc.ca\/fr\/wp-json\/wp\/v2\/posts\/4319","targetHints":{"allow":["GET"]}}],"collection":[{"href":"https:\/\/mvt.qc.ca\/fr\/wp-json\/wp\/v2\/posts"}],"about":[{"href":"https:\/\/mvt.qc.ca\/fr\/wp-json\/wp\/v2\/types\/post"}],"author":[{"embeddable":true,"href":"https:\/\/mvt.qc.ca\/fr\/wp-json\/wp\/v2\/users\/1"}],"replies":[{"embeddable":true,"href":"https:\/\/mvt.qc.ca\/fr\/wp-json\/wp\/v2\/comments?post=4319"}],"version-history":[{"count":12,"href":"https:\/\/mvt.qc.ca\/fr\/wp-json\/wp\/v2\/posts\/4319\/revisions"}],"predecessor-version":[{"id":5758,"href":"https:\/\/mvt.qc.ca\/fr\/wp-json\/wp\/v2\/posts\/4319\/revisions\/5758"}],"wp:attachment":[{"href":"https:\/\/mvt.qc.ca\/fr\/wp-json\/wp\/v2\/media?parent=4319"}],"wp:term":[{"taxonomy":"category","embeddable":true,"href":"https:\/\/mvt.qc.ca\/fr\/wp-json\/wp\/v2\/categories?post=4319"},{"taxonomy":"post_tag","embeddable":true,"href":"https:\/\/mvt.qc.ca\/fr\/wp-json\/wp\/v2\/tags?post=4319"}],"curies":[{"name":"wp","href":"https:\/\/api.w.org\/{rel}","templated":true}]}}