{"id":4164,"date":"2013-06-04T17:30:25","date_gmt":"2013-06-04T21:30:25","guid":{"rendered":"http:\/\/mvt.tc\/fr\/?p=4164"},"modified":"2013-06-04T17:47:13","modified_gmt":"2013-06-04T21:47:13","slug":"publicite-metro","status":"publish","type":"post","link":"https:\/\/mvt.qc.ca\/fr\/2013\/06\/publicite-metro\/","title":{"rendered":"De nouve\u00a3\u00a3es $tation$ de m\u20actro&#8230;"},"content":{"rendered":"<p style=\"text-align: justify;\">\u00c0 qui b\u00e9n\u00e9ficie r\u00e9ellement la commandite des stations ou des lignes de m\u00e9tro?<\/p>\n<p style=\"text-align: justify;\">Dans le cas de la <a href=\"http:\/\/stm.info\"><strong>Soci\u00e9t\u00e9 de transport de Montr\u00e9al<\/strong><\/a>, cet <a href=\"http:\/\/www.lapresse.ca\/actualites\/montreal\/201009\/02\/01-4312201-la-stm-veut-doubler-ses-revenus-publicitaires.php\">article de 2010<\/a> indiquait que ses revenus publicitaires ne repr\u00e9sentaient qu&rsquo;environ 2% du total des revenus, et que la direction mettrait en place une strat\u00e9gie pour les doubler, les portant \u00e0 4% des revenus totaux au terme des cinq ann\u00e9es subs\u00e9quentes.<\/p>\n<p style=\"text-align: justify;\">Sachant qu&rsquo;au final, ce sont les consommateurs des produits annonc\u00e9s qui paient pour la publicit\u00e9 \u00e0 laquelle ils sont expos\u00e9s (\u00e0 travers le co\u00fbt des produits), tous les usagers subissent cet accaparement de l&rsquo;espace public, et plusieurs d&rsquo;entre eux croient (\u00e0 tort) que s&rsquo;il n&rsquo;y avait pas de publicit\u00e9, le co\u00fbt de leurs titres de transport serait bien plus \u00e9lev\u00e9.<\/p>\n<p style=\"text-align: justify;\">La question demeure : comme usagers, seriez-vous pr\u00eats \u00e0 payer un suppl\u00e9ment (ou renoncer \u00e0 un rabais) pour voyager dans un espace exempt de publicit\u00e9?<\/p>\n<div class=\"mceItemEmbedly\" style=\"max-width: 600px;max-width:600px;\" data-ajax=\"{'url':'http:\/\/www.europe1.fr\/Economie\/Et-si-le-naming-envahissait-le-metro-1540241\/','width':'600','words':'40','height':null,'embed':'&lt;div class=\\&quot;embedly\\&quot; style=\\&quot;max-width:600px;max-height:nullpx\\&quot;&gt;&lt;img src=\\&quot;http:\/\/photo.europe1.fr\/infos\/france\/30-08-metro-navigo-930x620\/22140829-1-fre-FR\/30.08-metro-navigo-930x620_scaleexact_300x200.jpg\\&quot; class=\\&quot;thumb embedly-thumbnail-small\\&quot; \/&gt;&lt;a class=\\'embedly-title\\' href=\\'http:\/\/www.europe1.fr\/Economie\/Et-si-le-naming-envahissait-le-metro-1540241\/\\'&gt;Et si le naming envahissait le m\\u00e9tro ?&lt;\/a&gt;Apr\\u00e8s les stades, les m\\u00e9tros... Et si le \\&quot;naming\\&quot; \\u00e9tait un (maigre) rem\\u00e8de \\u00e0 la crise ? Mardi, un rapport du parti conservateur britannique proposait rien de moins que de renommer quelques stations du m\\u00e9tro de Londres contre une forte somme d\\'argent.&lt;div class=\\&quot;embedly-clear\\&quot;&gt;&lt;\/div&gt;&lt;span class=\\&quot;embedly-powered\\&quot; style=\\&quot;float:right;display:block\\&quot;&gt;&lt;a target=\\&quot;_blank\\&quot; href=\\&quot;http:\/\/embed.ly?src=anywhere\\&quot; title=\\&quot;Powered by Embedly\\&quot;&gt;&lt;img src=\\&quot;\/\/static.embed.ly\/images\/logos\/embedly-powered-small-light.png\\&quot; alt=\\&quot;Embedly Powered\\&quot; \/&gt;&lt;\/a&gt;&lt;\/span&gt;&lt;div class=\\&quot;media-attribution\\&quot;&gt;&lt;span&gt;via &lt;\/span&gt;&lt;a href=\\&quot;http:\/\/www.europe1.fr\\&quot; class=\\&quot;media-attribution-link\\&quot; target=\\&quot;_blank\\&quot;&gt;Europe1&lt;\/a&gt;&lt;\/span&gt;&lt;\/div&gt;&lt;div class=\\&quot;embedly-clear\\&quot;&gt;&lt;\/div&gt;&lt;\/div&gt;'}\">\n<div class=\"embedly\" style=\"max-width:600px;max-height:nullpx\"><img decoding=\"async\" src=\"http:\/\/photo.europe1.fr\/infos\/france\/30-08-metro-navigo-930x620\/22140829-1-fre-FR\/30.08-metro-navigo-930x620_scaleexact_300x200.jpg\" class=\"thumb embedly-thumbnail-small\" \/><a class='embedly-title' href='http:\/\/www.europe1.fr\/Economie\/Et-si-le-naming-envahissait-le-metro-1540241\/'>Et si le naming envahissait le m\u00e9tro ?<\/a>Apr\u00e8s les stades, les m\u00e9tros&#8230; Et si le \u00ab\u00a0naming\u00a0\u00bb \u00e9tait un (maigre) rem\u00e8de \u00e0 la crise ? Mardi, un rapport du parti conservateur britannique proposait rien de moins que de renommer quelques stations du m\u00e9tro de Londres contre une forte somme d&rsquo;argent.<\/p>\n<div class=\"embedly-clear\"><\/div>\n<p><span class=\"embedly-powered\" style=\"float:right;display:block\"><a target=\"_blank\" href=\"http:\/\/embed.ly?src=anywhere\" title=\"Powered by Embedly\"><img decoding=\"async\" src=\"\/\/static.embed.ly\/images\/logos\/embedly-powered-small-light.png\" alt=\"Embedly Powered\" \/><\/a><\/span><\/p>\n<div class=\"media-attribution\"><span>via <\/span><a href=\"http:\/\/www.europe1.fr\" class=\"media-attribution-link\" target=\"_blank\">Europe1<\/a><\/span><\/div>\n<div class=\"embedly-clear\"><\/div>\n<\/div>\n<\/div>\n<p>&nbsp;<\/p>\n","protected":false},"excerpt":{"rendered":"<p>\u00c0 qui b\u00e9n\u00e9ficie r\u00e9ellement la commandite des stations ou des lignes de m\u00e9tro? Dans le cas de la Soci\u00e9t\u00e9 de transport de Montr\u00e9al, cet article de 2010 indiquait que ses revenus publicitaires ne repr\u00e9sentaient qu&rsquo;environ 2% du total des revenus, et que la direction mettrait en place une strat\u00e9gie pour les doubler, les portant \u00e0 &hellip; <\/p>\n<p><a class=\"more-link btn\" href=\"https:\/\/mvt.qc.ca\/fr\/2013\/06\/publicite-metro\/\">Lire la suite<\/a><\/p>\n","protected":false},"author":1,"featured_media":0,"comment_status":"open","ping_status":"open","sticky":false,"template":"","format":"standard","meta":{"footnotes":""},"categories":[211,28],"tags":[468,58,469,467,470],"class_list":["post-4164","post","type-post","status-publish","format-standard","hentry","category-actualites","category-metro","tag-commandite","tag-metro-2","tag-naming","tag-publicite","tag-sponsorisation","nodate","item-wrap"],"_links":{"self":[{"href":"https:\/\/mvt.qc.ca\/fr\/wp-json\/wp\/v2\/posts\/4164","targetHints":{"allow":["GET"]}}],"collection":[{"href":"https:\/\/mvt.qc.ca\/fr\/wp-json\/wp\/v2\/posts"}],"about":[{"href":"https:\/\/mvt.qc.ca\/fr\/wp-json\/wp\/v2\/types\/post"}],"author":[{"embeddable":true,"href":"https:\/\/mvt.qc.ca\/fr\/wp-json\/wp\/v2\/users\/1"}],"replies":[{"embeddable":true,"href":"https:\/\/mvt.qc.ca\/fr\/wp-json\/wp\/v2\/comments?post=4164"}],"version-history":[{"count":4,"href":"https:\/\/mvt.qc.ca\/fr\/wp-json\/wp\/v2\/posts\/4164\/revisions"}],"predecessor-version":[{"id":4170,"href":"https:\/\/mvt.qc.ca\/fr\/wp-json\/wp\/v2\/posts\/4164\/revisions\/4170"}],"wp:attachment":[{"href":"https:\/\/mvt.qc.ca\/fr\/wp-json\/wp\/v2\/media?parent=4164"}],"wp:term":[{"taxonomy":"category","embeddable":true,"href":"https:\/\/mvt.qc.ca\/fr\/wp-json\/wp\/v2\/categories?post=4164"},{"taxonomy":"post_tag","embeddable":true,"href":"https:\/\/mvt.qc.ca\/fr\/wp-json\/wp\/v2\/tags?post=4164"}],"curies":[{"name":"wp","href":"https:\/\/api.w.org\/{rel}","templated":true}]}}