{"id":4063,"date":"2013-05-23T17:30:38","date_gmt":"2013-05-23T21:30:38","guid":{"rendered":"http:\/\/mvt.tc\/fr\/?p=4063"},"modified":"2013-05-23T17:46:38","modified_gmt":"2013-05-23T21:46:38","slug":"ratp-eclairage-del","status":"publish","type":"post","link":"https:\/\/mvt.qc.ca\/fr\/2013\/05\/ratp-eclairage-del\/","title":{"rendered":"RATP : il n&rsquo;y a pas de petites \u00e9conomies!"},"content":{"rendered":"<p style=\"text-align: justify;\">En rempla\u00e7ant l&rsquo;\u00e9clairage conventionnel par des <a href=\"http:\/\/fr.wikipedia.org\/wiki\/Diode_%C3%A9lectroluminescente\">diodes \u00e9lectroluminescentes (DEL)<\/a>, la <strong><a href=\"http:\/\/ratp.fr\/\">RATP<\/a><\/strong> r\u00e9duira de 50% sa consommation d&rsquo;\u00e9lectricit\u00e9 pour l&rsquo;\u00e9clairage de 369 gares et stations sous sa responsabilit\u00e9. Cela inclut notamment 300 km de couloirs et de quais, sur les r\u00e9seaux m\u00e9tro et RER. Les lampes classiques seront recycl\u00e9es en bonne et due forme!<\/p>\n<div class=\"mceItemEmbedly\" style=\"max-width: 600px;max-width:600px;\" data-ajax=\"{'url':'http:\/\/www.lemonde.fr\/planete\/article\/2013\/05\/23\/la-ratp-va-convertir-son-reseau-aux-lampes-a-led_3416564_3244.html','width':'600','words':'40','height':null,'embed':'&lt;div class=\\&quot;embedly\\&quot; style=\\&quot;max-width:600px;max-height:nullpx\\&quot;&gt;&lt;img src=\\&quot;http:\/\/s1.lemde.fr\/image\/2012\/08\/24\/540x270\/1750985_3_4762_pour-les-usagers-le-changement-n-est-pas_72018c8b3366633058c870753e356b2e.jpg\\&quot; class=\\&quot;thumb embedly-thumbnail-small\\&quot; \/&gt;&lt;a class=\\'embedly-title\\' href=\\'http:\/\/www.lemonde.fr\/planete\/article\/2013\/05\/23\/la-ratp-va-convertir-son-reseau-aux-lampes-a-led_3416564_3244.html\\'&gt;La RATP va convertir son r\\u00e9seau aux lampes \\u00e0 LED&lt;\/a&gt;La RATP a annonc\\u00e9 jeudi avoir d\\u00e9but\\u00e9 la g\\u00e9n\\u00e9ralisation de l\\'\\u00e9quipement en lampes \\u00e0 diode \\u00e9lectroluminescente, dites \\u00e0 LED, de tout son r\\u00e9seau m\\u00e9tro et RER, ce qui devrait faire baisser de 50 % sa consommation d\\'\\u00e9nergie pour l\\'\\u00e9clairage d\\'ici \\u00e0 2017.&lt;div class=\\&quot;embedly-clear\\&quot;&gt;&lt;\/div&gt;&lt;span class=\\&quot;embedly-powered\\&quot; style=\\&quot;float:right;display:block\\&quot;&gt;&lt;a target=\\&quot;_blank\\&quot; href=\\&quot;http:\/\/embed.ly?src=anywhere\\&quot; title=\\&quot;Powered by Embedly\\&quot;&gt;&lt;img src=\\&quot;\/\/static.embed.ly\/images\/logos\/embedly-powered-small-light.png\\&quot; alt=\\&quot;Embedly Powered\\&quot; \/&gt;&lt;\/a&gt;&lt;\/span&gt;&lt;div class=\\&quot;media-attribution\\&quot;&gt;&lt;span&gt;via &lt;\/span&gt;&lt;a href=\\&quot;http:\/\/www.lemonde.fr\\&quot; class=\\&quot;media-attribution-link\\&quot; target=\\&quot;_blank\\&quot;&gt;Lemonde&lt;\/a&gt;&lt;\/span&gt;&lt;\/div&gt;&lt;div class=\\&quot;embedly-clear\\&quot;&gt;&lt;\/div&gt;&lt;\/div&gt;'}\">\n<div class=\"embedly\" style=\"max-width:600px;max-height:nullpx\"><img decoding=\"async\" src=\"http:\/\/s1.lemde.fr\/image\/2012\/08\/24\/540x270\/1750985_3_4762_pour-les-usagers-le-changement-n-est-pas_72018c8b3366633058c870753e356b2e.jpg\" class=\"thumb embedly-thumbnail-small\" \/><a class='embedly-title' href='http:\/\/www.lemonde.fr\/planete\/article\/2013\/05\/23\/la-ratp-va-convertir-son-reseau-aux-lampes-a-led_3416564_3244.html'>La RATP va convertir son r\u00e9seau aux lampes \u00e0 LED<\/a>La RATP a annonc\u00e9 jeudi avoir d\u00e9but\u00e9 la g\u00e9n\u00e9ralisation de l&rsquo;\u00e9quipement en lampes \u00e0 diode \u00e9lectroluminescente, dites \u00e0 LED, de tout son r\u00e9seau m\u00e9tro et RER, ce qui devrait faire baisser de 50 % sa consommation d&rsquo;\u00e9nergie pour l&rsquo;\u00e9clairage d&rsquo;ici \u00e0 2017.<\/p>\n<div class=\"embedly-clear\"><\/div>\n<p><span class=\"embedly-powered\" style=\"float:right;display:block\"><a target=\"_blank\" href=\"http:\/\/embed.ly?src=anywhere\" title=\"Powered by Embedly\"><img decoding=\"async\" src=\"\/\/static.embed.ly\/images\/logos\/embedly-powered-small-light.png\" alt=\"Embedly Powered\" \/><\/a><\/span><\/p>\n<div class=\"media-attribution\"><span>via <\/span><a href=\"http:\/\/www.lemonde.fr\" class=\"media-attribution-link\" target=\"_blank\">Lemonde<\/a><\/span><\/div>\n<div class=\"embedly-clear\"><\/div>\n<\/div>\n<\/div>\n<p>&nbsp;<\/p>\n","protected":false},"excerpt":{"rendered":"<p>En rempla\u00e7ant l&rsquo;\u00e9clairage conventionnel par des diodes \u00e9lectroluminescentes (DEL), la RATP r\u00e9duira de 50% sa consommation d&rsquo;\u00e9lectricit\u00e9 pour l&rsquo;\u00e9clairage de 369 gares et stations sous sa responsabilit\u00e9. Cela inclut notamment 300 km de couloirs et de quais, sur les r\u00e9seaux m\u00e9tro et RER. Les lampes classiques seront recycl\u00e9es en bonne et due forme! La RATP &hellip; <\/p>\n<p><a class=\"more-link btn\" href=\"https:\/\/mvt.qc.ca\/fr\/2013\/05\/ratp-eclairage-del\/\">Lire la suite<\/a><\/p>\n","protected":false},"author":1,"featured_media":0,"comment_status":"open","ping_status":"open","sticky":false,"template":"","format":"standard","meta":{"footnotes":""},"categories":[211,130,26,28,30,12],"tags":[465,460,462,461,58,619,464,466,60,463,287],"class_list":["post-4063","post","type-post","status-publish","format-standard","hentry","category-actualites","category-energie-2","category-france","category-metro","category-paris","category-train","tag-couloirs","tag-del","tag-eclairage","tag-led","tag-metro-2","tag-paris","tag-quais","tag-recyclage","tag-rer","tag-station","tag-train-2","nodate","item-wrap"],"_links":{"self":[{"href":"https:\/\/mvt.qc.ca\/fr\/wp-json\/wp\/v2\/posts\/4063","targetHints":{"allow":["GET"]}}],"collection":[{"href":"https:\/\/mvt.qc.ca\/fr\/wp-json\/wp\/v2\/posts"}],"about":[{"href":"https:\/\/mvt.qc.ca\/fr\/wp-json\/wp\/v2\/types\/post"}],"author":[{"embeddable":true,"href":"https:\/\/mvt.qc.ca\/fr\/wp-json\/wp\/v2\/users\/1"}],"replies":[{"embeddable":true,"href":"https:\/\/mvt.qc.ca\/fr\/wp-json\/wp\/v2\/comments?post=4063"}],"version-history":[{"count":6,"href":"https:\/\/mvt.qc.ca\/fr\/wp-json\/wp\/v2\/posts\/4063\/revisions"}],"predecessor-version":[{"id":4069,"href":"https:\/\/mvt.qc.ca\/fr\/wp-json\/wp\/v2\/posts\/4063\/revisions\/4069"}],"wp:attachment":[{"href":"https:\/\/mvt.qc.ca\/fr\/wp-json\/wp\/v2\/media?parent=4063"}],"wp:term":[{"taxonomy":"category","embeddable":true,"href":"https:\/\/mvt.qc.ca\/fr\/wp-json\/wp\/v2\/categories?post=4063"},{"taxonomy":"post_tag","embeddable":true,"href":"https:\/\/mvt.qc.ca\/fr\/wp-json\/wp\/v2\/tags?post=4063"}],"curies":[{"name":"wp","href":"https:\/\/api.w.org\/{rel}","templated":true}]}}