{"id":3582,"date":"2013-05-03T10:30:35","date_gmt":"2013-05-03T14:30:35","guid":{"rendered":"http:\/\/mvt.tc\/fr\/?p=3582"},"modified":"2013-05-06T14:24:01","modified_gmt":"2013-05-06T18:24:01","slug":"telepheriques-urbains-france","status":"publish","type":"post","link":"https:\/\/mvt.qc.ca\/fr\/2013\/05\/telepheriques-urbains-france\/","title":{"rendered":"T\u00e9l\u00e9ph\u00e9riques urbains : ascension du nombre de projets"},"content":{"rendered":"<p style=\"text-align: justify;\">Les projets de t\u00e9l\u00e9ph\u00e9riques urbains foisonnent en France! Dans l&rsquo;actualit\u00e9 r\u00e9cente, le trac\u00e9 du T\u00e9l\u00e9val est pr\u00e9cis\u00e9 (4,4 km entre Cr\u00e9teil et Villeneuve-Saint-Georges, au sud de Paris). Les premi\u00e8res images de l&rsquo;A\u00e9rotram de Toulouse sont pr\u00e9sent\u00e9es. Apr\u00e8s le projet de Bordeaux, cit\u00e9 dans cet <a title=\"Nouveau projet de t\u00e9l\u00e9ph\u00e9rique urbain \u00e0 Bordeaux\" href=\"https:\/\/mvt.qc.ca\/fr\/2013\/04\/telepherique-bordeaux\/\">article<\/a> du blogue, une nouvelle initiative voit maintenant le jour \u00e0 Marseille. Quelle sera la prochaine ville? \ud83d\ude42<\/p>\n<div class=\"mceItemEmbedly\" style=\"max-width: 600px;max-width:600px;\" data-ajax=\"{'url':'http:\/\/www.busetcar.com\/actualites\/detail\/65467\/val-de-marne-les-futures-stations-du-telepherique-urbain-ont-ete-devoilees.html','width':'600','words':'30','height':null,'embed':'&lt;div class=\\&quot;embedly\\&quot; style=\\&quot;max-width:600px;max-height:nullpx\\&quot;&gt;&lt;img src=\\&quot;http:\/\/www.busetcar.com\/actualites\/upload\/busetcar\/homepagebus_et_car_actu65467_photo.jpg\\&quot; class=\\&quot;thumb embedly-thumbnail-small\\&quot; \/&gt;&lt;a class=\\'embedly-title\\' href=\\'http:\/\/www.busetcar.com\/actualites\/detail\/65467\/val-de-marne-les-futures-stations-du-telepherique-urbain-ont-ete-devoilees.html\\'&gt;Bus &amp; Car - Transport de voyageurs - site officiel - : Val-de-Marne : les futures stations du t\\u00e9l\\u00e9ph\\u00e9rique urbain ont \\u00e9t\\u00e9 d\\u00e9voil\\u00e9es&lt;\/a&gt;Les quatre stations du T\\u00e9l\\u00e9val, projet de t\\u00e9l\\u00e9ph\\u00e9rique urbain qui doit relier Cr\\u00e9teil \\u00e0 Villeneuve-Saint-Georges \\u00e0 l\\'horizon 2016-2018, ont \\u00e9t\\u00e9 d\\u00e9voil\\u00e9es le 25 avril par le conseil g\\u00e9n\\u00e9ral du Val-de-Marne.&lt;div class=\\&quot;embedly-clear\\&quot;&gt;&lt;\/div&gt;&lt;span class=\\&quot;embedly-powered\\&quot; style=\\&quot;float:right;display:block\\&quot;&gt;&lt;a target=\\&quot;_blank\\&quot; href=\\&quot;http:\/\/embed.ly?src=anywhere\\&quot; title=\\&quot;Powered by Embedly\\&quot;&gt;&lt;img src=\\&quot;\/\/static.embed.ly\/images\/logos\/embedly-powered-small-light.png\\&quot; alt=\\&quot;Embedly Powered\\&quot; \/&gt;&lt;\/a&gt;&lt;\/span&gt;&lt;div class=\\&quot;media-attribution\\&quot;&gt;&lt;span&gt;via &lt;\/span&gt;&lt;a href=\\&quot;http:\/\/www.busetcar.com\\&quot; class=\\&quot;media-attribution-link\\&quot; target=\\&quot;_blank\\&quot;&gt;Busetcar&lt;\/a&gt;&lt;\/span&gt;&lt;\/div&gt;&lt;div class=\\&quot;embedly-clear\\&quot;&gt;&lt;\/div&gt;&lt;\/div&gt;'}\">\n<div class=\"embedly\" style=\"max-width:600px;max-height:nullpx\"><img decoding=\"async\" src=\"http:\/\/www.busetcar.com\/actualites\/upload\/busetcar\/homepagebus_et_car_actu65467_photo.jpg\" class=\"thumb embedly-thumbnail-small\" \/><a class='embedly-title' href='http:\/\/www.busetcar.com\/actualites\/detail\/65467\/val-de-marne-les-futures-stations-du-telepherique-urbain-ont-ete-devoilees.html'>Bus &#038; Car &#8211; Transport de voyageurs &#8211; site officiel &#8211; : Val-de-Marne : les futures stations du t\u00e9l\u00e9ph\u00e9rique urbain ont \u00e9t\u00e9 d\u00e9voil\u00e9es<\/a>Les quatre stations du T\u00e9l\u00e9val, projet de t\u00e9l\u00e9ph\u00e9rique urbain qui doit relier Cr\u00e9teil \u00e0 Villeneuve-Saint-Georges \u00e0 l&rsquo;horizon 2016-2018, ont \u00e9t\u00e9 d\u00e9voil\u00e9es le 25 avril par le conseil g\u00e9n\u00e9ral du Val-de-Marne.<\/p>\n<div class=\"embedly-clear\"><\/div>\n<p><span class=\"embedly-powered\" style=\"float:right;display:block\"><a target=\"_blank\" href=\"http:\/\/embed.ly?src=anywhere\" title=\"Powered by Embedly\"><img decoding=\"async\" src=\"\/\/static.embed.ly\/images\/logos\/embedly-powered-small-light.png\" alt=\"Embedly Powered\" \/><\/a><\/span><\/p>\n<div class=\"media-attribution\"><span>via <\/span><a href=\"http:\/\/www.busetcar.com\" class=\"media-attribution-link\" target=\"_blank\">Busetcar<\/a><\/span><\/div>\n<div class=\"embedly-clear\"><\/div>\n<\/div>\n<\/div>\n<div class=\"embedly-clear\"><\/div>\n<div class=\"mceItemEmbedly\" style=\"max-width: 600px;max-width:600px;\" data-ajax=\"{'url':'http:\/\/midi-pyrenees.france3.fr\/2013\/04\/04\/toulouse-les-premieres-images-du-futur-telepherique-aerotram-228447.html','width':'600','words':'20','height':null,'embed':'&lt;div class=\\&quot;embedly\\&quot; style=\\&quot;max-width:600px;max-height:nullpx\\&quot;&gt;&lt;img src=\\&quot;http:\/\/midi-pyrenees.france3.fr\/sites\/regions_france3\/files\/styles\/asset_small\/public\/assets\/images\/telepherique.jpg\\&quot; class=\\&quot;thumb embedly-thumbnail-small\\&quot; \/&gt;&lt;a class=\\'embedly-title\\' href=\\'http:\/\/midi-pyrenees.france3.fr\/2013\/04\/04\/toulouse-les-premieres-images-du-futur-telepherique-aerotram-228447.html\\'&gt;Toulouse : les premi\\u00e8res images du futur t\\u00e9l\\u00e9ph\\u00e9rique \\&quot;A\\u00e9rotram\\&quot; - France 3 Midi-Pyr\\u00e9n\\u00e9es&lt;\/a&gt;Le Syndicat Mixte des Transports en commun (SMTC) de l\\'agglom\\u00e9ration toulousaine a choisi ce matin un cabinet d\\'architecte londonien pour construire le futur t\\u00e9l\\u00e9ph\\u00e9rique qui reliera l\\'Oncop\\u00f4le \\u00e0 Rangeuil via Pech-David.&lt;div class=\\&quot;embedly-clear\\&quot;&gt;&lt;\/div&gt;&lt;span class=\\&quot;embedly-powered\\&quot; style=\\&quot;float:right;display:block\\&quot;&gt;&lt;a target=\\&quot;_blank\\&quot; href=\\&quot;http:\/\/embed.ly?src=anywhere\\&quot; title=\\&quot;Powered by Embedly\\&quot;&gt;&lt;img src=\\&quot;\/\/static.embed.ly\/images\/logos\/embedly-powered-small-light.png\\&quot; alt=\\&quot;Embedly Powered\\&quot; \/&gt;&lt;\/a&gt;&lt;\/span&gt;&lt;div class=\\&quot;media-attribution\\&quot;&gt;&lt;span&gt;via &lt;\/span&gt;&lt;a href=\\&quot;http:\/\/midi-pyrenees.france3.fr\\&quot; class=\\&quot;media-attribution-link\\&quot; target=\\&quot;_blank\\&quot;&gt;France3&lt;\/a&gt;&lt;\/span&gt;&lt;\/div&gt;&lt;div class=\\&quot;embedly-clear\\&quot;&gt;&lt;\/div&gt;&lt;\/div&gt;'}\">\n<div class=\"embedly\" style=\"max-width:600px;max-height:nullpx\"><img decoding=\"async\" src=\"http:\/\/midi-pyrenees.france3.fr\/sites\/regions_france3\/files\/styles\/asset_small\/public\/assets\/images\/telepherique.jpg\" class=\"thumb embedly-thumbnail-small\" \/><a class='embedly-title' href='http:\/\/midi-pyrenees.france3.fr\/2013\/04\/04\/toulouse-les-premieres-images-du-futur-telepherique-aerotram-228447.html'>Toulouse : les premi\u00e8res images du futur t\u00e9l\u00e9ph\u00e9rique \u00ab\u00a0A\u00e9rotram\u00a0\u00bb &#8211; France 3 Midi-Pyr\u00e9n\u00e9es<\/a>Le Syndicat Mixte des Transports en commun (SMTC) de l&rsquo;agglom\u00e9ration toulousaine a choisi ce matin un cabinet d&rsquo;architecte londonien pour construire le futur t\u00e9l\u00e9ph\u00e9rique qui reliera l&rsquo;Oncop\u00f4le \u00e0 Rangeuil via Pech-David.<\/p>\n<div class=\"embedly-clear\"><\/div>\n<p><span class=\"embedly-powered\" style=\"float:right;display:block\"><a target=\"_blank\" href=\"http:\/\/embed.ly?src=anywhere\" title=\"Powered by Embedly\"><img decoding=\"async\" src=\"\/\/static.embed.ly\/images\/logos\/embedly-powered-small-light.png\" alt=\"Embedly Powered\" \/><\/a><\/span><\/p>\n<div class=\"media-attribution\"><span>via <\/span><a href=\"http:\/\/midi-pyrenees.france3.fr\" class=\"media-attribution-link\" target=\"_blank\">France3<\/a><\/span><\/div>\n<div class=\"embedly-clear\"><\/div>\n<\/div>\n<\/div>\n<div class=\"mceItemEmbedly\" style=\"max-width: 600px;max-width:600px;\" data-ajax=\"{'url':'http:\/\/www.busetcar.com\/actualites\/actualites_detail.php?action=detail&amp;val=65545&amp;label_donnee=Marseille+veut+aussi+avoir+son+t%C3%A9l%C3%A9ph%C3%A9rique','width':'600','words':'30','height':null,'embed':'&lt;div class=\\&quot;embedly\\&quot; style=\\&quot;max-width:600px;max-height:nullpx\\&quot;&gt;&lt;img src=\\&quot;http:\/\/www.busetcar.com\/actualites\/upload\/busetcar\/homepagebus_et_car_actu65545_photo.jpg\\&quot; class=\\&quot;thumb embedly-thumbnail-small\\&quot; \/&gt;&lt;a class=\\'embedly-title\\' href=\\'http:\/\/www.busetcar.com\/actualites\/actualites_detail.php?action=detail&amp;val=65545&amp;label_donnee=Marseille+veut+aussi+avoir+son+t%C3%A9l%C3%A9ph%C3%A9rique\\'&gt;Bus &amp; Car - Transport de voyageurs - site officiel - : Marseille veut aussi avoir son t\\u00e9l\\u00e9ph\\u00e9rique&lt;\/a&gt;A l\\'instar de Grenoble (cf photo ci-dessus), la ville de Marseille pourrait bient\\u00f4t avoir un t\\u00e9l\\u00e9ph\\u00e9rique urbain.&lt;div class=\\&quot;embedly-clear\\&quot;&gt;&lt;\/div&gt;&lt;span class=\\&quot;embedly-powered\\&quot; style=\\&quot;float:right;display:block\\&quot;&gt;&lt;a target=\\&quot;_blank\\&quot; href=\\&quot;http:\/\/embed.ly?src=anywhere\\&quot; title=\\&quot;Powered by Embedly\\&quot;&gt;&lt;img src=\\&quot;\/\/static.embed.ly\/images\/logos\/embedly-powered-small-light.png\\&quot; alt=\\&quot;Embedly Powered\\&quot; \/&gt;&lt;\/a&gt;&lt;\/span&gt;&lt;div class=\\&quot;media-attribution\\&quot;&gt;&lt;span&gt;via &lt;\/span&gt;&lt;a href=\\&quot;http:\/\/www.busetcar.com\\&quot; class=\\&quot;media-attribution-link\\&quot; target=\\&quot;_blank\\&quot;&gt;Busetcar&lt;\/a&gt;&lt;\/span&gt;&lt;\/div&gt;&lt;div class=\\&quot;embedly-clear\\&quot;&gt;&lt;\/div&gt;&lt;\/div&gt;'}\">\n<div class=\"embedly\" style=\"max-width:600px;max-height:nullpx\"><img decoding=\"async\" src=\"http:\/\/www.busetcar.com\/actualites\/upload\/busetcar\/homepagebus_et_car_actu65545_photo.jpg\" class=\"thumb embedly-thumbnail-small\" \/><a class='embedly-title' href='http:\/\/www.busetcar.com\/actualites\/actualites_detail.php?action=detail&#038;val=65545&#038;label_donnee=Marseille+veut+aussi+avoir+son+t%C3%A9l%C3%A9ph%C3%A9rique'>Bus &#038; Car &#8211; Transport de voyageurs &#8211; site officiel &#8211; : Marseille veut aussi avoir son t\u00e9l\u00e9ph\u00e9rique<\/a>A l&rsquo;instar de Grenoble (cf photo ci-dessus), la ville de Marseille pourrait bient\u00f4t avoir un t\u00e9l\u00e9ph\u00e9rique urbain.<\/p>\n<div class=\"embedly-clear\"><\/div>\n<p><span class=\"embedly-powered\" style=\"float:right;display:block\"><a target=\"_blank\" href=\"http:\/\/embed.ly?src=anywhere\" title=\"Powered by Embedly\"><img decoding=\"async\" src=\"\/\/static.embed.ly\/images\/logos\/embedly-powered-small-light.png\" alt=\"Embedly Powered\" \/><\/a><\/span><\/p>\n<div class=\"media-attribution\"><span>via <\/span><a href=\"http:\/\/www.busetcar.com\" class=\"media-attribution-link\" target=\"_blank\">Busetcar<\/a><\/span><\/div>\n<div class=\"embedly-clear\"><\/div>\n<\/div>\n<\/div>\n<p>&nbsp;<\/p>\n","protected":false},"excerpt":{"rendered":"<p>Les projets de t\u00e9l\u00e9ph\u00e9riques urbains foisonnent en France! Dans l&rsquo;actualit\u00e9 r\u00e9cente, le trac\u00e9 du T\u00e9l\u00e9val est pr\u00e9cis\u00e9 (4,4 km entre Cr\u00e9teil et Villeneuve-Saint-Georges, au sud de Paris). Les premi\u00e8res images de l&rsquo;A\u00e9rotram de Toulouse sont pr\u00e9sent\u00e9es. Apr\u00e8s le projet de Bordeaux, cit\u00e9 dans cet article du blogue, une nouvelle initiative voit maintenant le jour \u00e0 &hellip; <\/p>\n<p><a class=\"more-link btn\" href=\"https:\/\/mvt.qc.ca\/fr\/2013\/05\/telepheriques-urbains-france\/\">Lire la suite<\/a><\/p>\n","protected":false},"author":1,"featured_media":0,"comment_status":"open","ping_status":"open","sticky":false,"template":"","format":"standard","meta":{"footnotes":""},"categories":[211,26,409,11],"tags":[311],"class_list":["post-3582","post","type-post","status-publish","format-standard","hentry","category-actualites","category-france","category-marseille","category-telepherique","tag-telepherique-urbain","nodate","item-wrap"],"_links":{"self":[{"href":"https:\/\/mvt.qc.ca\/fr\/wp-json\/wp\/v2\/posts\/3582","targetHints":{"allow":["GET"]}}],"collection":[{"href":"https:\/\/mvt.qc.ca\/fr\/wp-json\/wp\/v2\/posts"}],"about":[{"href":"https:\/\/mvt.qc.ca\/fr\/wp-json\/wp\/v2\/types\/post"}],"author":[{"embeddable":true,"href":"https:\/\/mvt.qc.ca\/fr\/wp-json\/wp\/v2\/users\/1"}],"replies":[{"embeddable":true,"href":"https:\/\/mvt.qc.ca\/fr\/wp-json\/wp\/v2\/comments?post=3582"}],"version-history":[{"count":10,"href":"https:\/\/mvt.qc.ca\/fr\/wp-json\/wp\/v2\/posts\/3582\/revisions"}],"predecessor-version":[{"id":3638,"href":"https:\/\/mvt.qc.ca\/fr\/wp-json\/wp\/v2\/posts\/3582\/revisions\/3638"}],"wp:attachment":[{"href":"https:\/\/mvt.qc.ca\/fr\/wp-json\/wp\/v2\/media?parent=3582"}],"wp:term":[{"taxonomy":"category","embeddable":true,"href":"https:\/\/mvt.qc.ca\/fr\/wp-json\/wp\/v2\/categories?post=3582"},{"taxonomy":"post_tag","embeddable":true,"href":"https:\/\/mvt.qc.ca\/fr\/wp-json\/wp\/v2\/tags?post=3582"}],"curies":[{"name":"wp","href":"https:\/\/api.w.org\/{rel}","templated":true}]}}