{"id":3544,"date":"2013-05-02T16:30:51","date_gmt":"2013-05-02T20:30:51","guid":{"rendered":"http:\/\/mvt.tc\/fr\/?p=3544"},"modified":"2014-02-14T22:43:24","modified_gmt":"2014-02-15T02:43:24","slug":"navettes-fluviales-bordeaux","status":"publish","type":"post","link":"https:\/\/mvt.qc.ca\/fr\/2013\/05\/navettes-fluviales-bordeaux\/","title":{"rendered":"Des navettes fluviales hybrides \u00e0 Bordeaux"},"content":{"rendered":"<p style=\"text-align: justify;\">Aujourd&rsquo;hui, lancement de<strong><a href=\"http:\/\/www.infotbc.com\/ligne\/BatCub\"> BatCub<\/a><\/strong>, le service fluvial int\u00e9gr\u00e9 des transports publics bordelais. Les deux catamarans relient Lormont Bas et Stalingrad Parlier en 39 minutes, avec quelques courses plus rapides, n&rsquo;effectuant pas tous les arr\u00eats. Le service est offert aux 15&prime; en pointe (du lundi au vendredi), et aux 45&prime; le reste du temps, incluant les samedis, dimanches et f\u00eates.<\/p>\n<div class=\"mceItemEmbedly\" style=\"max-width: 600px;max-width:600px;\" data-ajax=\"{'url':'http:\/\/www.francebleu.fr\/infos\/transports-en-commun\/le-grand-jour-des-bat-cub-sur-la-garonne-529338','width':'600','words':'40','height':null,'embed':'&lt;div class=\\&quot;embedly\\&quot; style=\\&quot;max-width:600px;max-height:nullpx\\&quot;&gt;&lt;img src=\\&quot;http:\/\/www.francebleu.fr\/sites\/default\/files\/imagecache\/462_ressource\/2013\/05\/01\/529310\/images\/lhirondelle-premier-bateau-bus-290x166.jpg\\&quot; class=\\&quot;thumb embedly-thumbnail-small\\&quot; \/&gt;&lt;a class=\\'embedly-title\\' href=\\'http:\/\/www.francebleu.fr\/infos\/transports-en-commun\/le-grand-jour-des-bat-cub-sur-la-garonne-529338\\'&gt;France Bleu | Le grand jour des Bat\\'Cub sur la Garonne&lt;\/a&gt;C\\'est parti pour les navettes fluviales de la Garonne. Ce nouveau moyen de transport collectif sur l\\'eau s\\'ajoute d\\u00e9sormais \\u00e0 l\\'offre de tramways de bus et de v\\u00e9los sur l\\'agglom\\u00e9ration bordelaise.&lt;div class=\\&quot;embedly-clear\\&quot;&gt;&lt;\/div&gt;&lt;span class=\\&quot;embedly-powered\\&quot; style=\\&quot;float:right;display:block\\&quot;&gt;&lt;a target=\\&quot;_blank\\&quot; href=\\&quot;http:\/\/embed.ly?src=anywhere\\&quot; title=\\&quot;Powered by Embedly\\&quot;&gt;&lt;img src=\\&quot;\/\/static.embed.ly\/images\/logos\/embedly-powered-small-light.png\\&quot; alt=\\&quot;Embedly Powered\\&quot; \/&gt;&lt;\/a&gt;&lt;\/span&gt;&lt;div class=\\&quot;media-attribution\\&quot;&gt;&lt;span&gt;via &lt;\/span&gt;&lt;a href=\\&quot;http:\/\/www.francebleu.fr\\&quot; class=\\&quot;media-attribution-link\\&quot; target=\\&quot;_blank\\&quot;&gt;Francebleu&lt;\/a&gt;&lt;\/span&gt;&lt;\/div&gt;&lt;div class=\\&quot;embedly-clear\\&quot;&gt;&lt;\/div&gt;&lt;\/div&gt;'}\">\n<div class=\"embedly\" style=\"max-width:600px;max-height:nullpx\"><img decoding=\"async\" src=\"http:\/\/www.francebleu.fr\/sites\/default\/files\/imagecache\/462_ressource\/2013\/05\/01\/529310\/images\/lhirondelle-premier-bateau-bus-290x166.jpg\" class=\"thumb embedly-thumbnail-small\" \/><a class='embedly-title' href='http:\/\/www.francebleu.fr\/infos\/transports-en-commun\/le-grand-jour-des-bat-cub-sur-la-garonne-529338'>France Bleu | Le grand jour des Bat&rsquo;Cub sur la Garonne<\/a>C&rsquo;est parti pour les navettes fluviales de la Garonne. Ce nouveau moyen de transport collectif sur l&rsquo;eau s&rsquo;ajoute d\u00e9sormais \u00e0 l&rsquo;offre de tramways de bus et de v\u00e9los sur l&rsquo;agglom\u00e9ration bordelaise.<\/p>\n<div class=\"embedly-clear\"><\/div>\n<p><span class=\"embedly-powered\" style=\"float:right;display:block\"><a target=\"_blank\" href=\"http:\/\/embed.ly?src=anywhere\" title=\"Powered by Embedly\"><img decoding=\"async\" src=\"\/\/static.embed.ly\/images\/logos\/embedly-powered-small-light.png\" alt=\"Embedly Powered\" \/><\/a><\/span><\/p>\n<div class=\"media-attribution\"><span>via <\/span><a href=\"http:\/\/www.francebleu.fr\" class=\"media-attribution-link\" target=\"_blank\">Francebleu<\/a><\/span><\/div>\n<div class=\"embedly-clear\"><\/div>\n<\/div>\n<\/div>\n<div class=\"embedly-clear\"><\/div>\n<p>&nbsp;<\/p>\n","protected":false},"excerpt":{"rendered":"<p>Aujourd&rsquo;hui, lancement de BatCub, le service fluvial int\u00e9gr\u00e9 des transports publics bordelais. Les deux catamarans relient Lormont Bas et Stalingrad Parlier en 39 minutes, avec quelques courses plus rapides, n&rsquo;effectuant pas tous les arr\u00eats. Le service est offert aux 15&prime; en pointe (du lundi au vendredi), et aux 45&prime; le reste du temps, incluant les &hellip; <\/p>\n<p><a class=\"more-link btn\" href=\"https:\/\/mvt.qc.ca\/fr\/2013\/05\/navettes-fluviales-bordeaux\/\">Lire la suite<\/a><\/p>\n","protected":false},"author":1,"featured_media":0,"comment_status":"open","ping_status":"open","sticky":false,"template":"","format":"standard","meta":{"footnotes":""},"categories":[211,21,308],"tags":[391,394,396,395,393,392],"class_list":["post-3544","post","type-post","status-publish","format-standard","hentry","category-actualites","category-bateau","category-bordeaux","tag-batcub","tag-bateau-bus","tag-catamaran","tag-cub","tag-navette-fluviale","tag-traversier","nodate","item-wrap"],"_links":{"self":[{"href":"https:\/\/mvt.qc.ca\/fr\/wp-json\/wp\/v2\/posts\/3544","targetHints":{"allow":["GET"]}}],"collection":[{"href":"https:\/\/mvt.qc.ca\/fr\/wp-json\/wp\/v2\/posts"}],"about":[{"href":"https:\/\/mvt.qc.ca\/fr\/wp-json\/wp\/v2\/types\/post"}],"author":[{"embeddable":true,"href":"https:\/\/mvt.qc.ca\/fr\/wp-json\/wp\/v2\/users\/1"}],"replies":[{"embeddable":true,"href":"https:\/\/mvt.qc.ca\/fr\/wp-json\/wp\/v2\/comments?post=3544"}],"version-history":[{"count":7,"href":"https:\/\/mvt.qc.ca\/fr\/wp-json\/wp\/v2\/posts\/3544\/revisions"}],"predecessor-version":[{"id":5407,"href":"https:\/\/mvt.qc.ca\/fr\/wp-json\/wp\/v2\/posts\/3544\/revisions\/5407"}],"wp:attachment":[{"href":"https:\/\/mvt.qc.ca\/fr\/wp-json\/wp\/v2\/media?parent=3544"}],"wp:term":[{"taxonomy":"category","embeddable":true,"href":"https:\/\/mvt.qc.ca\/fr\/wp-json\/wp\/v2\/categories?post=3544"},{"taxonomy":"post_tag","embeddable":true,"href":"https:\/\/mvt.qc.ca\/fr\/wp-json\/wp\/v2\/tags?post=3544"}],"curies":[{"name":"wp","href":"https:\/\/api.w.org\/{rel}","templated":true}]}}