{"id":3494,"date":"2013-05-02T07:00:50","date_gmt":"2013-05-02T11:00:50","guid":{"rendered":"http:\/\/mvt.tc\/fr\/?p=3494"},"modified":"2015-11-16T20:29:14","modified_gmt":"2015-11-17T00:29:14","slug":"totems-mai2013","status":"publish","type":"post","link":"https:\/\/mvt.qc.ca\/fr\/2013\/05\/totems-mai2013\/","title":{"rendered":"T.O.T.E.M.S. \/\/ 05.2013"},"content":{"rendered":"<p><img loading=\"lazy\" decoding=\"async\" class=\"alignleft\" src=\"https:\/\/mvt.qc.ca\/fr\/wp-content\/uploads\/2013\/05\/TOTEM1-231x300.png\" alt=\"TOTEM\" width=\"231\" height=\"300\" \/><\/p>\n<p style=\"text-align: justify;\">D\u00e9couvrez les comptes Twitter interactifs avec <a href=\"http:\/\/twitter.com\/mvt_tc\">@mvt_tc<\/a>!<\/p>\n<p style=\"text-align: justify;\">Une occasion de r\u00e9seauter avec des partenaires situ\u00e9s de part et d&rsquo;autre de l&rsquo;Atlantique&#8230;et plus loin parfois!<\/p>\n<p style=\"text-align: justify;\">Nous en sommes d\u00e9j\u00e0 \u00e0 la 8e \u00e9dition : le tableau sera augment\u00e9 au cours du mois, selon vos interactions. Au plaisir de vous lire!<\/p>\n<p style=\"text-align: left;\"><span style=\"color: #008000;\">\u255e<\/span> <strong><span style=\"color: #008000;\">T<\/span><span style=\"color: #000080;\">ransports<br \/>\n<span style=\"color: #008000;\">\u255e <\/span><\/span><span style=\"color: #008000;\">O<\/span><span style=\"color: #000080;\">rganisations<br \/>\n<span style=\"color: #008000;\">\u255e <\/span><\/span><span style=\"color: #008000;\">T<\/span><span style=\"color: #000080;\">erritoire<\/span><\/strong><br \/>\n<span style=\"color: #008000;\">\u255e<\/span> <strong><span style=\"color: #008000;\">E<\/span><span style=\"color: #000080;\">nvironnement et \u00e9nergie<br \/>\n<span style=\"color: #008000;\">\u255e <\/span><\/span><span style=\"color: #008000;\">M<\/span><span style=\"color: #000080;\">obilit\u00e9<br \/>\n<span style=\"color: #008000;\">\u255e <\/span><\/span><span style=\"color: #008000;\">S<\/span><span style=\"color: #000080;\">oci\u00e9t\u00e9<br \/>\n<\/span><\/strong><\/p>\n<p>\u00c9ditions ant\u00e9rieures :<\/p>\n<p>2012 : <a title=\"T.O.T.E.M.S. \/\/ 10.2012\" href=\"https:\/\/mvt.qc.ca\/fr\/2012\/10\/totems\/\">Octobre &#8211; <\/a><a title=\"T.O.T.E.M.S. \/\/ 11.2012\" href=\"https:\/\/mvt.qc.ca\/fr\/2012\/11\/totems-nov12\/\">Novembre<\/a><a title=\"T.O.T.E.M.S. \/\/ 10.2012\" href=\"https:\/\/mvt.qc.ca\/fr\/2012\/10\/totems\/\"> &#8211; <\/a><a title=\"T.O.T.E.M.S. \/\/ 12.2012\" href=\"https:\/\/mvt.qc.ca\/fr\/2012\/12\/totems-dec12\/\">D\u00e9cembre<\/a><br \/>\n2013 : <a title=\"T.O.T.E.M.S. \/\/ 01.2013\" href=\"https:\/\/mvt.qc.ca\/fr\/2013\/01\/totems-jan13\/\">Janvier &#8211; <\/a><a title=\"T.O.T.E.M.S. \/\/ 02.2013\" href=\"https:\/\/mvt.qc.ca\/fr\/2013\/02\/totems-fev2013\/\">F\u00e9vrier &#8211; <\/a><a title=\"T.O.T.E.M.S. \/\/ 03.2013\" href=\"https:\/\/mvt.qc.ca\/fr\/2013\/03\/totems-mar2013\/\">Mars &#8211; <\/a><a title=\"T.O.T.E.M.S. \/\/ 04.2013\" href=\"https:\/\/mvt.qc.ca\/fr\/2013\/04\/totems-avr2013\/\">Avril<br \/>\n<\/a>___________________________________________________________________________________<\/p>\n<p>&nbsp;<\/p>\n<table border=\"0\" cellspacing=\"0\">\n<colgroup width=\"149\"><\/colgroup>\n<colgroup width=\"536\"><\/colgroup>\n<tbody>\n<tr>\n<td align=\"LEFT\" height=\"19\">@Agence_Sennse<\/td>\n<td align=\"LEFT\">Communication et de concertation experte des enjeux urbains (Paris, Lyon)<\/td>\n<\/tr>\n<tr>\n<td align=\"LEFT\" height=\"19\"><span style=\"color: #000000;\">@AgenceOdonata<\/span><\/td>\n<td align=\"LEFT\"><span style=\"color: #000000;\"> Urbanisme, am\u00e9nagement du territoire, mobilit\u00e9 (France)<\/span><\/td>\n<\/tr>\n<tr>\n<td align=\"LEFT\" height=\"19\"><a href=\"http:\/\/twitter.com\/alexlampron\">@alexlampron<\/a><\/td>\n<td align=\"LEFT\">Alexandre Lampron. Coord. actualit\u00e9 politique (Mont\u00e9r\u00e9gie, Qu\u00e9bec)<\/td>\n<\/tr>\n<tr>\n<td align=\"LEFT\" height=\"19\"><a href=\"http:\/\/twitter.com\/artduservice\">@artduservice<\/a><\/td>\n<td align=\"LEFT\">Bruno Belb\u00e9zier, obs\u00e9d\u00e9 par le service client\u2026 et le transport a\u00e9rien! (Paris)<\/td>\n<\/tr>\n<tr>\n<td align=\"LEFT\" height=\"19\"><span style=\"color: #000000;\"><a href=\"http:\/\/twitter.com\/AutopartageMtl\">@AutopartageMtl<\/a><\/span><\/td>\n<td align=\"LEFT\"><span style=\"color: #000000;\"> Information, promotion et \u00e9change sur l\u2019autopartage \u00e0 Montr\u00e9al<\/span><\/td>\n<\/tr>\n<tr>\n<td align=\"LEFT\" height=\"19\"><a href=\"http:\/\/twitter.com\/BenjaminTaveau\">@BenjaminTaveau<\/a><\/td>\n<td align=\"LEFT\">Vers un renouveau territorial : <a href=\"http:\/\/www.economie.blog.lemonde.fr\/\">http:\/\/www.economie.blog.lemonde.fr<\/a> (France)<\/td>\n<\/tr>\n<tr>\n<td align=\"LEFT\" height=\"19\"><a href=\"http:\/\/twitter.com\/bgoss44\">@bgoss44<\/a><\/td>\n<td align=\"LEFT\">Bertrand Gosselin : changer l\u2019image des transports publics\u2026 (Paris)<\/td>\n<\/tr>\n<tr>\n<td align=\"LEFT\" height=\"19\"><a href=\"http:\/\/twitter.com\/BrentToderian\">@BrentToderian<\/a><\/td>\n<td align=\"LEFT\">City planner + urbanist, <a href=\"http:\/\/twitter.com\/TODUrbanWORKS\">@TODUrbanWORKS<\/a> (Vancouver)<\/td>\n<\/tr>\n<tr>\n<td align=\"LEFT\" height=\"19\"><span style=\"color: #000000;\"><a href=\"http:\/\/twitter.com\/brunfal\">@brunfal<\/a><\/span><\/td>\n<td align=\"LEFT\"><span style=\"color: #000000;\"> Bruno Falardeau, urbanisme durable et transports collectifs (Montr\u00e9al)<\/span><\/td>\n<\/tr>\n<tr>\n<td align=\"LEFT\" height=\"19\"><a href=\"http:\/\/twitter.com\/C_Savard\">@C_Savard<\/a><\/td>\n<td align=\"LEFT\">Christian Savard, directeur g\u00e9n\u00e9ral de Vivre en Ville (Qu\u00e9bec)<\/td>\n<\/tr>\n<tr>\n<td align=\"LEFT\" height=\"19\"><span style=\"color: #000000;\"><a href=\"http:\/\/twitter.com\/Cecile_Lecoq\">@Cecile_Lecoq<\/a><\/span><\/td>\n<td align=\"LEFT\"><span style=\"color: #000000;\">\u00a0Analyste marketing pour une soci\u00e9t\u00e9 de transport en commun (Canada)<\/span><\/td>\n<\/tr>\n<tr>\n<td align=\"LEFT\" height=\"19\"><span style=\"color: #000000;\"><a href=\"http:\/\/twitter.com\/cjemelin\">@cjemelin<\/a><\/span><\/td>\n<td align=\"LEFT\"><span style=\"color: #000000;\"> Christophe Jemelin. Passionn\u00e9 de mobilit\u00e9 (Lausanne, Suisse)<\/span><\/td>\n<\/tr>\n<tr>\n<td align=\"LEFT\" height=\"19\"><span style=\"color: #000000;\"><a href=\"http:\/\/twitter.com\/Conducteur_SNCF\">@Conducteur_SNCF<\/a><\/span><\/td>\n<td align=\"LEFT\"><span style=\"color: #000000;\"> Conducteur de trains SNCF TER Midi-Pyr\u00e9n\u00e9es (France)<\/span><\/td>\n<\/tr>\n<tr>\n<td align=\"LEFT\" height=\"19\"><a href=\"http:\/\/twitter.com\/enerev\">@enerev<\/a><\/td>\n<td align=\"LEFT\">Energy Revolution. Suivi de l\u2019actualit\u00e9 de la transition \u00e9nerg\u00e9tique (Alsace)<\/td>\n<\/tr>\n<tr>\n<td align=\"LEFT\" height=\"19\"><a href=\"http:\/\/twitter.com\/EntrUsagers_TCL\">@EntrUsagers_TCL<\/a><\/td>\n<td align=\"LEFT\">Entraide et info trafic pour et par les usagers #TCL (Lyon)<\/td>\n<\/tr>\n<tr>\n<td align=\"LEFT\" height=\"19\"><span style=\"color: #000000;\"><a href=\"http:\/\/twitter.com\/Fabdebrice\">@Fabdebrice<\/a><\/span><\/td>\n<td align=\"LEFT\"><span style=\"color: #000000;\"> Fabrice Geffroy, d\u00e9veloppement \u00e9conomique raisonn\u00e9 des territoires (Paris)<\/span><\/td>\n<\/tr>\n<tr>\n<td align=\"LEFT\" height=\"19\"><span style=\"color: #000000;\"><a href=\"http:\/\/twitter.com\/Fnaut_PdL\">@Fnaut_PdL<\/a><\/span><\/td>\n<td align=\"LEFT\"><span style=\"color: #000000;\"> FNAUT Pays de Loire (France)<\/span><\/td>\n<\/tr>\n<tr>\n<td align=\"LEFT\" height=\"19\"><span style=\"color: #000000;\"><a href=\"http:\/\/twitter.com\/FredToupin\">@FredToupin<\/a><\/span><\/td>\n<td align=\"LEFT\"><span style=\"color: #000000;\"> Transports, Mobilit\u00e9s, Urbanisme<\/span><\/td>\n<\/tr>\n<tr>\n<td align=\"LEFT\" height=\"19\"><a href=\"http:\/\/twitter.com\/galoreinoso\">@galoreinoso<\/a><\/td>\n<td align=\"LEFT\">Galo Reinoso. Transports actifs et collectifs (r\u00e9gion de Montr\u00e9al)<\/td>\n<\/tr>\n<tr>\n<td align=\"LEFT\" height=\"19\"><a href=\"http:\/\/twitter.com\/igianpaolo\">@igianpaolo<\/a><\/td>\n<td align=\"LEFT\">Giungere all&rsquo;essenziale &lsquo;per via di levare (Roma)<\/td>\n<\/tr>\n<tr>\n<td align=\"LEFT\" height=\"19\"><a href=\"http:\/\/twitter.com\/iterMobilites\">@iterMobilites<\/a><\/td>\n<td align=\"LEFT\">Coop\u00e9rative de conseil en mobilit\u00e9s-transport-d\u00e9placements (Toulouse, Paris)<\/td>\n<\/tr>\n<tr>\n<td align=\"LEFT\" height=\"19\"><a href=\"http:\/\/twitter.com\/IUGDOC\">@IUGDOC<\/a><\/td>\n<td align=\"LEFT\">Institut d&rsquo;urbanisme de Grenoble (France)<\/td>\n<\/tr>\n<tr>\n<td align=\"LEFT\" height=\"19\"><a href=\"http:\/\/twitter.com\/jeanlizotte\">@jeanlizotte<\/a><\/td>\n<td align=\"LEFT\"><span style=\"color: #000000;\"> Promoteur de sa municipalit\u00e9 : Ch\u00e2teauguay (Qu\u00e9bec)<\/span><\/td>\n<\/tr>\n<tr>\n<td align=\"LEFT\" height=\"19\">@jlaille<\/td>\n<td align=\"LEFT\">Actus et \u00e9tudes transports, urbanisme, marketing&#8230;<\/td>\n<\/tr>\n<tr>\n<td align=\"LEFT\" height=\"19\">@julienduboislil<\/td>\n<td align=\"LEFT\">Julien Dubois : Conseiller de quartier de Wazemmes pour EELV (France)<\/td>\n<\/tr>\n<tr>\n<td align=\"LEFT\" height=\"19\"><a href=\"http:\/\/twitter.com\/keoscopie\">@keoscopie<\/a><\/td>\n<td align=\"LEFT\">Observatoire permanent des modes de vie et de la mobilit\u00e9 de Keolis (Paris)<\/td>\n<\/tr>\n<tr>\n<td align=\"LEFT\" height=\"19\"><a href=\"http:\/\/twitter.com\/LadiesMobility\">@LadiesMobility<\/a><\/td>\n<td align=\"LEFT\">Projet collaboratif sur la mobilit\u00e9 durable et la diversit\u00e9 (Monaco)<\/td>\n<\/tr>\n<tr>\n<td align=\"LEFT\" height=\"19\"><span style=\"color: #000000;\"><a href=\"http:\/\/twitter.com\/laurentviala\">@laurentviala<\/a><\/span><\/td>\n<td align=\"LEFT\"><span style=\"color: #000000;\"> Enseignant &amp; consultant &#8211;\u00a0Ville-Territoire-Urbanisme-Architecture (Montpellier)<\/span><\/td>\n<\/tr>\n<tr>\n<td align=\"LEFT\" height=\"19\"><span style=\"color: #000000;\"><a href=\"http:\/\/twitter.com\/Le_bug_urbain\">@Le_bug_urbain<\/a><\/span><\/td>\n<td align=\"LEFT\"><span style=\"color: #000000;\"> Usages des espaces publics, mobilit\u00e9 et question du genre en ville (Paris)<\/span><\/td>\n<\/tr>\n<tr>\n<td align=\"LEFT\" height=\"19\"><a href=\"http:\/\/twitter.com\/ledouarec\">@ledouarec<\/a><\/td>\n<td align=\"LEFT\">Nic Le Douarec. Founding CEO of @CityzenCar (France)<\/td>\n<\/tr>\n<tr>\n<td align=\"LEFT\" height=\"19\"><a href=\"http:\/\/twitter.com\/lucmtl\">@LucMtl<\/a><\/td>\n<td align=\"LEFT\">Luc Gagnon. Urbanisme et am\u00e9nagement urbain (Montr\u00e9al)<\/td>\n<\/tr>\n<tr>\n<td align=\"LEFT\" height=\"19\"><a href=\"http:\/\/twitter.com\/martinp_urb\">@martinp_urb<\/a><\/td>\n<td align=\"LEFT\">Martin Paquette, urbaniste (r\u00e9gion de Montr\u00e9al)<\/td>\n<\/tr>\n<tr>\n<td align=\"LEFT\" height=\"19\"><span style=\"color: #000000;\">@Mobiligo<\/span><\/td>\n<td align=\"LEFT\"><span style=\"color: #000000;\"> Promouvoir et faciliter l\u2019utilisation des transports durables (Montr\u00e9al) <\/span><\/td>\n<\/tr>\n<tr>\n<td align=\"LEFT\" height=\"19\">@monocofr<\/td>\n<td align=\"LEFT\">Bertrand Paris. Urbaniste participatif (Lyon)<\/td>\n<\/tr>\n<tr>\n<td align=\"LEFT\" height=\"19\"><span style=\"color: #000000;\"><a href=\"http:\/\/twitter.com\/neleeta\">@neleeta<\/a><\/span><\/td>\n<td align=\"LEFT\"><span style=\"color: #000000;\"> Nella Saborit Estev, enginyer t\u00e8cnic d\u2019Obres P\u00fabliquea (Barcelona)<\/span><\/td>\n<\/tr>\n<tr>\n<td align=\"LEFT\" height=\"19\"><a href=\"http:\/\/twitter.com\/pascalmcduff\">@pascalmcduff<\/a><\/td>\n<td align=\"LEFT\">Vers des solutions pragmatiques aux grands enjeux de notre temps (Montr\u00e9al)<\/td>\n<\/tr>\n<tr>\n<td align=\"LEFT\" height=\"19\"><a href=\"http:\/\/twitter.com\/pasqualelm\">@pasqualelm<\/a><\/td>\n<td align=\"LEFT\">Pasquale Lo Mascolo, transport en commun, v\u00e9lo, urbanisme&#8230; (Montr\u00e9al)<\/td>\n<\/tr>\n<tr>\n<td align=\"LEFT\" height=\"19\"><a href=\"http:\/\/twitter.com\/patrickodiard\">@patrickodiard<\/a><\/td>\n<td align=\"LEFT\">Adj. d\u00e9l\u00e9gu\u00e9 aux d\u00e9placements #EELV, Lyon 8e (France)<\/td>\n<\/tr>\n<tr>\n<td align=\"LEFT\" height=\"19\"><a href=\"http:\/\/twitter.com\/PellerinSuzie\">@PellerinSuzie<\/a><\/td>\n<td align=\"LEFT\">Directrice et porte-parole de #CoalitionPoids (Qu\u00e9bec)<\/td>\n<\/tr>\n<tr>\n<td align=\"LEFT\" height=\"19\"><span style=\"color: #000000;\"><a href=\"http:\/\/twitter.com\/perdlespedales\">@perdlespedales<\/a><\/span><\/td>\n<td align=\"LEFT\"><span style=\"color: #000000;\"> Ronald Houde, Slow V\u00e9lo, ski de fond et un monde durable (Montr\u00e9al)<\/span><\/td>\n<\/tr>\n<tr>\n<td align=\"LEFT\" height=\"19\"><a href=\"https:\/\/twitter.com\/philippecmorin\">@philippecmorin<\/a><\/td>\n<td align=\"LEFT\">Mijote des recettes urbaines <a href=\"http:\/\/twitter.com\/VivreenVille\">@VivreenVille<\/a> (Qu\u00e9bec)<\/td>\n<\/tr>\n<tr>\n<td align=\"LEFT\" height=\"19\"><a href=\"http:\/\/twitter.com\/quebecmunicipal\">@quebecmunicipal<\/a><\/td>\n<td align=\"LEFT\">Des contenus multiples r\u00e9pondant aux pr\u00e9occupations municipales (Montr\u00e9al)<\/td>\n<\/tr>\n<tr>\n<td align=\"LEFT\" height=\"19\"><a href=\"http:\/\/twitter.com\/ReflexionMtl\">@ReflexionMtl<\/a><\/td>\n<td align=\"LEFT\">R\u00e9flexion sur la politique municipale et principaux enjeux de Montr\u00e9al<\/td>\n<\/tr>\n<tr>\n<td align=\"LEFT\" height=\"19\"><a href=\"http:\/\/twitter.com\/S_yelle\">@S_yelle<\/a><\/td>\n<td align=\"LEFT\">Sylvain Yelle, \u00ab Parlez-moi de (\u2026) transport collectif, j\u2019adore! \u00bb (Montr\u00e9al)<\/td>\n<\/tr>\n<tr>\n<td align=\"LEFT\" height=\"19\">@sblelion<\/td>\n<td align=\"LEFT\">Pro du rail suisse (Martigny)<\/td>\n<\/tr>\n<tr>\n<td align=\"LEFT\" height=\"19\"><a href=\"http:\/\/twitter.com\/smbilodeau\">@smbilodeau<\/a><\/td>\n<td align=\"LEFT\">St\u00e9phane Bilodeau, pr\u00e9sident, Groupe Enerstat inc. (Sherbrooke)<\/td>\n<\/tr>\n<tr>\n<td align=\"LEFT\" height=\"19\"><a href=\"http:\/\/twitter.com\/SmileyTrains\">@SmileyTrains<\/a><\/td>\n<td align=\"LEFT\">Conducteur Transilien et RER sur Paris-Est (France)<\/td>\n<\/tr>\n<tr>\n<td align=\"LEFT\" height=\"19\"><span style=\"color: #000000;\">@snotpg_geneve<\/span><\/td>\n<td align=\"LEFT\"><span style=\"color: #000000;\"> Histoire &amp; actualit\u00e9s de la mobilit\u00e9 genevoise (Gen\u00e8ve)<\/span><\/td>\n<\/tr>\n<tr>\n<td align=\"LEFT\" height=\"19\"><a href=\"http:\/\/twitter.com\/SunnyKodukula\">@SunnyKodukula<\/a><\/td>\n<td align=\"LEFT\">Pedestrian, cyclist and public transport user (Bonn, Germany)<\/td>\n<\/tr>\n<tr>\n<td align=\"LEFT\" height=\"19\"><a href=\"http:\/\/twitter.com\/SylvainOuellet\">@SylvainOuellet<\/a><\/td>\n<td align=\"LEFT\">\u00c9co-conseiller politique #DD, mairie de Montr\u00e9al<\/td>\n<\/tr>\n<tr>\n<td align=\"LEFT\" height=\"19\"><a href=\"http:\/\/twitter.com\/TaylorNoakes\">@TaylorNoakes<\/a><\/td>\n<td align=\"LEFT\">Blogger, Bon-Vivant, Boulevardier, lover of alliterations (Montreal)<\/td>\n<\/tr>\n<tr>\n<td align=\"LEFT\" height=\"19\"><span style=\"color: #000000;\"><a href=\"http:\/\/twitter.com\/TdF__ademe\">@TdF__ademe<\/a><\/span><\/td>\n<td align=\"LEFT\"><span style=\"color: #000000;\"> Gabriel Plassat, ing\u00e9nieur Energies &amp; Prospectives, ADEME (France)<\/span><\/td>\n<\/tr>\n<tr>\n<td align=\"LEFT\" height=\"19\"><a href=\"http:\/\/twitter.com\/tinner_s\">@tinner_s<\/a><\/td>\n<td align=\"LEFT\">Manager Web at tl Public Transport (Lausanne, Suisse)<\/td>\n<\/tr>\n<tr>\n<td align=\"LEFT\" height=\"19\"><a href=\"https:\/\/twitter.com\/TODUrbanWORKS\">@TODUrbanWORKS<\/a><\/td>\n<td align=\"LEFT\">City planning + urbanism consultancy led by <a href=\"http:\/\/twitter.com\/BrentToderian\">@BrentToderian<\/a> (Vancouver)<\/td>\n<\/tr>\n<tr>\n<td align=\"LEFT\" height=\"19\"><a href=\"https:\/\/twitter.com\/transid\">@transid<\/a><\/td>\n<td align=\"LEFT\">Yann Le Tilly. Innovation et information, bus, trains, m\u00e9tros et cars (Paris)<\/td>\n<\/tr>\n<tr>\n<td align=\"LEFT\" height=\"19\"><a href=\"http:\/\/twitter.com\/TransportMobile\">@TransportMobile<\/a><\/td>\n<td align=\"LEFT\">Un \u0153il sur les transports du quotidien et de demain (France)<\/td>\n<\/tr>\n<tr>\n<td align=\"LEFT\" height=\"19\"><a href=\"http:\/\/twitter.com\/TransWay_fr\">@TransWay_fr<\/a><\/td>\n<td align=\"LEFT\">Nicolas Tronchon. TransWay \u00e9dite <a href=\"http:\/\/www.gotoo.fr\/\">http:\/\/www.gotoo.fr<\/a>\u00a0 (France)<\/td>\n<\/tr>\n<tr>\n<td align=\"LEFT\" height=\"19\"><a href=\"http:\/\/twitter.com\/valkiri13\">@valkiri13<\/a><\/td>\n<td align=\"LEFT\">Val\u00e9rie Marcon, charg\u00e9e de projets, Vivre en Ville (Qu\u00e9bec)<\/td>\n<\/tr>\n<tr>\n<td align=\"LEFT\" height=\"19\"><a href=\"http:\/\/twitter.com\/VeloDuo\">@VeloDuo<\/a><\/td>\n<td align=\"LEFT\">Transport de proximit\u00e9 pour ain\u00e9s. Projet Un v\u00e9lo Une ville (Montr\u00e9al)<\/td>\n<\/tr>\n<tr>\n<td align=\"LEFT\" height=\"19\"><a href=\"http:\/\/twitter.com\/verkehrsclub\">@verkehrsclub<\/a><\/td>\n<td align=\"LEFT\">Der VCS bietet frische Ideen f\u00fcr Umwelt und Verkehr (Berne, Suisse)<\/td>\n<\/tr>\n<tr>\n<td align=\"LEFT\" height=\"19\"><a href=\"http:\/\/twitter.com\/Villescyclables\">@Villescyclables<\/a><\/td>\n<td align=\"LEFT\">Le club des villes et territoires cyclables (France)<\/td>\n<\/tr>\n<tr>\n<td align=\"LEFT\" height=\"19\"><a href=\"http:\/\/twitter.com\/VincentKaufmann\">@VincentKaufmann<\/a><\/td>\n<td align=\"LEFT\">Prof. de sociologie urbaine et d\u2019analyse des mobilit\u00e9s \u00e0 l\u2019EPFL (Suisse)<\/td>\n<\/tr>\n<tr>\n<td align=\"LEFT\" height=\"19\"><a href=\"http:\/\/twitter.com\/virginiemahe\">@virginiemahe<\/a><\/td>\n<td align=\"LEFT\">Communication publique, marketing territorial et innovation ouverte (Paris)<\/td>\n<\/tr>\n<tr>\n<td align=\"LEFT\" height=\"19\"><a href=\"https:\/\/twitter.com\/voitureandco\">@voitureandco<\/a><\/td>\n<td align=\"LEFT\">Voiture &amp; co, expert de la mobilit\u00e9 durable et responsable (Europe)<\/td>\n<\/tr>\n<tr>\n<td align=\"LEFT\" height=\"19\"><span style=\"color: #000000;\"><a href=\"http:\/\/twitter.com\/XavierTackoen\">@XavierTackoen<\/a><\/span><\/td>\n<td align=\"LEFT\"><span style=\"color: #000000;\"> Managing Director of Espaces-Mobilit\u00e9s (Bruxelles)<\/span><\/td>\n<\/tr>\n<\/tbody>\n<\/table>\n<p>&nbsp;<\/p>\n","protected":false},"excerpt":{"rendered":"<p>D\u00e9couvrez les comptes Twitter interactifs avec @mvt_tc! Une occasion de r\u00e9seauter avec des partenaires situ\u00e9s de part et d&rsquo;autre de l&rsquo;Atlantique&#8230;et plus loin parfois! Nous en sommes d\u00e9j\u00e0 \u00e0 la 8e \u00e9dition : le tableau sera augment\u00e9 au cours du mois, selon vos interactions. Au plaisir de vous lire! \u255e Transports \u255e Organisations \u255e Territoire &hellip; <\/p>\n<p><a class=\"more-link btn\" href=\"https:\/\/mvt.qc.ca\/fr\/2013\/05\/totems-mai2013\/\">Lire la suite<\/a><\/p>\n","protected":false},"author":1,"featured_media":0,"comment_status":"open","ping_status":"open","sticky":false,"template":"","format":"standard","meta":{"footnotes":""},"categories":[1],"tags":[],"class_list":["post-3494","post","type-post","status-publish","format-standard","hentry","category-divers","nodate","item-wrap"],"_links":{"self":[{"href":"https:\/\/mvt.qc.ca\/fr\/wp-json\/wp\/v2\/posts\/3494","targetHints":{"allow":["GET"]}}],"collection":[{"href":"https:\/\/mvt.qc.ca\/fr\/wp-json\/wp\/v2\/posts"}],"about":[{"href":"https:\/\/mvt.qc.ca\/fr\/wp-json\/wp\/v2\/types\/post"}],"author":[{"embeddable":true,"href":"https:\/\/mvt.qc.ca\/fr\/wp-json\/wp\/v2\/users\/1"}],"replies":[{"embeddable":true,"href":"https:\/\/mvt.qc.ca\/fr\/wp-json\/wp\/v2\/comments?post=3494"}],"version-history":[{"count":71,"href":"https:\/\/mvt.qc.ca\/fr\/wp-json\/wp\/v2\/posts\/3494\/revisions"}],"predecessor-version":[{"id":7045,"href":"https:\/\/mvt.qc.ca\/fr\/wp-json\/wp\/v2\/posts\/3494\/revisions\/7045"}],"wp:attachment":[{"href":"https:\/\/mvt.qc.ca\/fr\/wp-json\/wp\/v2\/media?parent=3494"}],"wp:term":[{"taxonomy":"category","embeddable":true,"href":"https:\/\/mvt.qc.ca\/fr\/wp-json\/wp\/v2\/categories?post=3494"},{"taxonomy":"post_tag","embeddable":true,"href":"https:\/\/mvt.qc.ca\/fr\/wp-json\/wp\/v2\/tags?post=3494"}],"curies":[{"name":"wp","href":"https:\/\/api.w.org\/{rel}","templated":true}]}}