{"id":3461,"date":"2013-05-01T09:00:54","date_gmt":"2013-05-01T13:00:54","guid":{"rendered":"http:\/\/mvt.tc\/fr\/?p=3461"},"modified":"2013-05-01T09:27:16","modified_gmt":"2013-05-01T13:27:16","slug":"autopartage-entre-particuliers","status":"publish","type":"post","link":"https:\/\/mvt.qc.ca\/fr\/2013\/05\/autopartage-entre-particuliers\/","title":{"rendered":"L&rsquo;autopartage entre particuliers"},"content":{"rendered":"<p style=\"text-align: justify;\">L&rsquo;autopartage entre particuliers existe sous tant de formes! Pour s&rsquo;y retrouver, la firme <strong><a href=\"http:\/\/adetec-deplacements.com\">ADETEC &#8211; Bureau d&rsquo;Etudes en Transports et D\u00e9placements<\/a><\/strong> a produit plusieurs recherches \u00e0 ce sujet, et propose un <a href=\"http:\/\/adetec-deplacements.com\/ressourcesautopartage.htm\">centre de ressources<\/a> int\u00e9grant de nombreuses r\u00e9f\u00e9rences sur la question.<\/p>\n<div id=\"attachment_3466\" style=\"width: 594px\" class=\"wp-caption aligncenter\"><a href=\"http:\/\/www.service-public.fr\/actualites\/002638.html\"><img loading=\"lazy\" decoding=\"async\" aria-describedby=\"caption-attachment-3466\" class=\"size-full wp-image-3466 \" src=\"https:\/\/mvt.qc.ca\/fr\/wp-content\/uploads\/2013\/05\/Autopartage_600.jpg\" alt=\"Signalisation officielle fran\u00e7aise de l'autopartage\" width=\"594\" height=\"318\" srcset=\"https:\/\/mvt.qc.ca\/fr\/wp-content\/uploads\/2013\/05\/Autopartage_600.jpg 594w, https:\/\/mvt.qc.ca\/fr\/wp-content\/uploads\/2013\/05\/Autopartage_600-300x160.jpg 300w\" sizes=\"auto, (max-width: 594px) 100vw, 594px\" \/><\/a><p id=\"caption-attachment-3466\" class=\"wp-caption-text\">Signalisation officielle fran\u00e7aise de l&rsquo;autopartage. R\u00e9f\u00e9rence :\u00a0http:\/\/owl.li\/kBnke<\/p><\/div>\n<p style=\"text-align: justify;\">\n","protected":false},"excerpt":{"rendered":"<p>L&rsquo;autopartage entre particuliers existe sous tant de formes! Pour s&rsquo;y retrouver, la firme ADETEC &#8211; Bureau d&rsquo;Etudes en Transports et D\u00e9placements a produit plusieurs recherches \u00e0 ce sujet, et propose un centre de ressources int\u00e9grant de nombreuses r\u00e9f\u00e9rences sur la question.<\/p>\n","protected":false},"author":1,"featured_media":0,"comment_status":"open","ping_status":"open","sticky":false,"template":"","format":"standard","meta":{"footnotes":""},"categories":[95,3,26,9],"tags":[388,99,389,390],"class_list":["post-3461","post","type-post","status-publish","format-standard","hentry","category-automobile","category-capsules","category-france","category-particuliers","tag-assurances","tag-autopartage","tag-bonus-malus","tag-location","nodate","item-wrap"],"_links":{"self":[{"href":"https:\/\/mvt.qc.ca\/fr\/wp-json\/wp\/v2\/posts\/3461","targetHints":{"allow":["GET"]}}],"collection":[{"href":"https:\/\/mvt.qc.ca\/fr\/wp-json\/wp\/v2\/posts"}],"about":[{"href":"https:\/\/mvt.qc.ca\/fr\/wp-json\/wp\/v2\/types\/post"}],"author":[{"embeddable":true,"href":"https:\/\/mvt.qc.ca\/fr\/wp-json\/wp\/v2\/users\/1"}],"replies":[{"embeddable":true,"href":"https:\/\/mvt.qc.ca\/fr\/wp-json\/wp\/v2\/comments?post=3461"}],"version-history":[{"count":7,"href":"https:\/\/mvt.qc.ca\/fr\/wp-json\/wp\/v2\/posts\/3461\/revisions"}],"predecessor-version":[{"id":3471,"href":"https:\/\/mvt.qc.ca\/fr\/wp-json\/wp\/v2\/posts\/3461\/revisions\/3471"}],"wp:attachment":[{"href":"https:\/\/mvt.qc.ca\/fr\/wp-json\/wp\/v2\/media?parent=3461"}],"wp:term":[{"taxonomy":"category","embeddable":true,"href":"https:\/\/mvt.qc.ca\/fr\/wp-json\/wp\/v2\/categories?post=3461"},{"taxonomy":"post_tag","embeddable":true,"href":"https:\/\/mvt.qc.ca\/fr\/wp-json\/wp\/v2\/tags?post=3461"}],"curies":[{"name":"wp","href":"https:\/\/api.w.org\/{rel}","templated":true}]}}