{"id":3415,"date":"2013-04-29T06:30:42","date_gmt":"2013-04-29T10:30:42","guid":{"rendered":"http:\/\/mvt.tc\/fr\/?p=3415"},"modified":"2014-07-06T20:57:38","modified_gmt":"2014-07-07T00:57:38","slug":"luxembourg-qualite-tp","status":"publish","type":"post","link":"https:\/\/mvt.qc.ca\/fr\/2013\/04\/luxembourg-qualite-tp\/","title":{"rendered":"Luxembourg : enqu\u00eate qualit\u00e9 des TP r\u00e9gionaux"},"content":{"rendered":"<p style=\"text-align: justify;\">Le 26 mars dernier, l\u2019enqu\u00eate qualit\u00e9 de la firme <a href=\"http:\/\/www.tns-ilres.com\">TNS ILRES<\/a> a \u00e9t\u00e9\u00a0<a href=\"http:\/\/fr.slideshare.net\/Tns-Ilres\/tns-ilres-presentationrgtrgeneralconfrence-de-presse-mars-2013\">pr\u00e9sent\u00e9e<\/a> : entre avril et d\u00e9cembre 2012, 15 159 trajets du <strong><a href=\"http:\/\/www.mobiliteit.lu\/horaires-reseaux\/transports-publics\/bus.php\">RGTR &#8211; R\u00e9gime G\u00e9n\u00e9ral des Transports routiers<\/a><\/strong> &#8211; ont \u00e9t\u00e9 contr\u00f4l\u00e9s. Si la ponctualit\u00e9 des autobus peut \u00eatre am\u00e9lior\u00e9e, les usagers demeurent n\u00e9anmoins tr\u00e8s satisfaits des services offerts et les recommandent \u00e0 leur entourage.<\/p>\n<div class=\"mceItemEmbedly\" style=\"max-width: 600px;max-width:600px;\" data-ajax=\"{'url':'http:\/\/news.rtl.lu\/news\/headlines\/\/419861.html','width':'600','words':'40','height':null,'embed':'&lt;div class=\\&quot;embedly\\&quot; style=\\&quot;max-width:600px;max-height:nullpx\\&quot;&gt;&lt;img src=\\&quot;http:\/\/images.newmedia.lu\/rtl2008.lu\/nt\/p\/2013\/03\/26\/18\/d1f518138f300412bebeb1378acd233b.jpeg\\&quot; class=\\&quot;thumb embedly-thumbnail-small\\&quot; \/&gt;&lt;a class=\\'embedly-title\\' href=\\'http:\/\/news.rtl.lu\/news\/headlines\/\/419861.html\\'&gt;RTL.lu - Enqu\\u00eate Busreseau: V\\u00e9ierel vun de Busse kommen ze sp\\u00e9it&lt;\/a&gt;Am grousse Ganze sinn d\\u00e9i Leit, d\\u00e9i de Bus huelen, nach \\u00ebmmer ganz zefridde mam RGTR an och wat d`P\\u00e9nktlechkeet ugeet, schneit d\\'Busgesellschaft positiv of. Fir k\\u00ebnne representativ Resultater ze kr\\u00e9ien, si w\\u00e4hrend dem Joer 2012 den RGTR observ\\u00e9iert an d\\'Passag\\u00e9ier interviewt ginn.&lt;div class=\\&quot;embedly-clear\\&quot;&gt;&lt;\/div&gt;&lt;span class=\\&quot;embedly-powered\\&quot; style=\\&quot;float:right;display:block\\&quot;&gt;&lt;a target=\\&quot;_blank\\&quot; href=\\&quot;http:\/\/embed.ly?src=anywhere\\&quot; title=\\&quot;Powered by Embedly\\&quot;&gt;&lt;img src=\\&quot;\/\/static.embed.ly\/images\/logos\/embedly-powered-small-light.png\\&quot; alt=\\&quot;Embedly Powered\\&quot; \/&gt;&lt;\/a&gt;&lt;\/span&gt;&lt;div class=\\&quot;media-attribution\\&quot;&gt;&lt;span&gt;via &lt;\/span&gt;&lt;a href=\\&quot;http:\/\/news.rtl.lu\\&quot; class=\\&quot;media-attribution-link\\&quot; target=\\&quot;_blank\\&quot;&gt;Rtl&lt;\/a&gt;&lt;\/span&gt;&lt;\/div&gt;&lt;div class=\\&quot;embedly-clear\\&quot;&gt;&lt;\/div&gt;&lt;\/div&gt;'}\">\n<div class=\"embedly\" style=\"max-width:600px;max-height:nullpx\"><img decoding=\"async\" src=\"http:\/\/images.newmedia.lu\/rtl2008.lu\/nt\/p\/2013\/03\/26\/18\/d1f518138f300412bebeb1378acd233b.jpeg\" class=\"thumb embedly-thumbnail-small\" \/><a class='embedly-title' href='http:\/\/news.rtl.lu\/news\/headlines\/\/419861.html'>RTL.lu &#8211; Enqu\u00eate Busreseau: V\u00e9ierel vun de Busse kommen ze sp\u00e9it<\/a>Am grousse Ganze sinn d\u00e9i Leit, d\u00e9i de Bus huelen, nach \u00ebmmer ganz zefridde mam RGTR an och wat d`P\u00e9nktlechkeet ugeet, schneit d&rsquo;Busgesellschaft positiv of. Fir k\u00ebnne representativ Resultater ze kr\u00e9ien, si w\u00e4hrend dem Joer 2012 den RGTR observ\u00e9iert an d&rsquo;Passag\u00e9ier interviewt ginn.<\/p>\n<div class=\"embedly-clear\"><\/div>\n<p><span class=\"embedly-powered\" style=\"float:right;display:block\"><a target=\"_blank\" href=\"http:\/\/embed.ly?src=anywhere\" title=\"Powered by Embedly\"><img decoding=\"async\" src=\"\/\/static.embed.ly\/images\/logos\/embedly-powered-small-light.png\" alt=\"Embedly Powered\" \/><\/a><\/span><\/p>\n<div class=\"media-attribution\"><span>via <\/span><a href=\"http:\/\/news.rtl.lu\" class=\"media-attribution-link\" target=\"_blank\">Rtl<\/a><\/span><\/div>\n<div class=\"embedly-clear\"><\/div>\n<\/div>\n<\/div>\n<div class=\"mceItemEmbedly\" style=\"max-width: 600px;max-width:600px;\" data-ajax=\"{'url':'http:\/\/www.wort.lu\/fr\/view\/reseau-rgtr-des-usagers-satisfaits-mais-un-bus-sur-quatre-n-est-pas-a-l-heure-5151c93ee4b0e18483ddf2b1','width':'600','words':'40','height':null,'embed':'&lt;div class=\\&quot;embedly\\&quot; style=\\&quot;max-width:600px;max-height:nullpx\\&quot;&gt;&lt;img src=\\&quot;http:\/\/www.wort.lu\/img\/4b5d972ebe721465e560bb4b77b474a7\/200\/200\/181\/0\/905\/724\/75\/4bef62c247eaf4753ace505628508a7ee8ed12be.jpg\\&quot; class=\\&quot;thumb embedly-thumbnail-small\\&quot; \/&gt;&lt;a class=\\'embedly-title\\' href=\\'http:\/\/www.wort.lu\/fr\/view\/reseau-rgtr-des-usagers-satisfaits-mais-un-bus-sur-quatre-n-est-pas-a-l-heure-5151c93ee4b0e18483ddf2b1\\'&gt;RGTR: usagers satisfaits mais un bus sur quatre n\\'est pas \\u00e0 l\\'heure&lt;\/a&gt;87% des usagers se disent satisfaits du service des bus r\\u00e9gionaux du R\\u00e9gime g\\u00e9n\\u00e9ral des transports routiers (RGTR). Mais un bus sur quatre est en retard ou trop en avance! C\\'est ce que r\\u00e9v\\u00e8le une double enqu\\u00eate de TNS ILRES pr\\u00e9sent\\u00e9e mardi par le ministre du D\\u00e9veloppement durable.&lt;div class=\\&quot;embedly-clear\\&quot;&gt;&lt;\/div&gt;&lt;span class=\\&quot;embedly-powered\\&quot; style=\\&quot;float:right;display:block\\&quot;&gt;&lt;a target=\\&quot;_blank\\&quot; href=\\&quot;http:\/\/embed.ly?src=anywhere\\&quot; title=\\&quot;Powered by Embedly\\&quot;&gt;&lt;img src=\\&quot;\/\/static.embed.ly\/images\/logos\/embedly-powered-small-light.png\\&quot; alt=\\&quot;Embedly Powered\\&quot; \/&gt;&lt;\/a&gt;&lt;\/span&gt;&lt;div class=\\&quot;media-attribution\\&quot;&gt;&lt;span&gt;via &lt;\/span&gt;&lt;a href=\\&quot;http:\/\/www.wort.lu\\&quot; class=\\&quot;media-attribution-link\\&quot; target=\\&quot;_blank\\&quot;&gt;Wort&lt;\/a&gt;&lt;\/span&gt;&lt;\/div&gt;&lt;div class=\\&quot;embedly-clear\\&quot;&gt;&lt;\/div&gt;&lt;\/div&gt;'}\">\n<div class=\"embedly\" style=\"max-width:600px;max-height:nullpx\"><a class='embedly-title' href='http:\/\/www.wort.lu\/fr\/view\/reseau-rgtr-des-usagers-satisfaits-mais-un-bus-sur-quatre-n-est-pas-a-l-heure-5151c93ee4b0e18483ddf2b1'>RGTR: usagers satisfaits mais un bus sur quatre n&rsquo;est pas \u00e0 l&rsquo;heure<\/a>87% des usagers se disent satisfaits du service des bus r\u00e9gionaux du R\u00e9gime g\u00e9n\u00e9ral des transports routiers (RGTR). Mais un bus sur quatre est en retard ou trop en avance! C&rsquo;est ce que r\u00e9v\u00e8le une double enqu\u00eate de TNS ILRES pr\u00e9sent\u00e9e mardi par le ministre du D\u00e9veloppement durable.<\/p>\n<div class=\"embedly-clear\"><\/div>\n<p><span class=\"embedly-powered\" style=\"float:right;display:block\"><a target=\"_blank\" href=\"http:\/\/embed.ly?src=anywhere\" title=\"Powered by Embedly\"><img decoding=\"async\" src=\"\/\/static.embed.ly\/images\/logos\/embedly-powered-small-light.png\" alt=\"Embedly Powered\" \/><\/a><\/span><\/p>\n<div class=\"media-attribution\"><span>via <\/span><a href=\"http:\/\/www.wort.lu\" class=\"media-attribution-link\" target=\"_blank\">Wort<\/a><\/span><\/div>\n<div class=\"embedly-clear\"><\/div>\n<\/div>\n<\/div>\n","protected":false},"excerpt":{"rendered":"<p>Le 26 mars dernier, l\u2019enqu\u00eate qualit\u00e9 de la firme TNS ILRES a \u00e9t\u00e9\u00a0pr\u00e9sent\u00e9e : entre avril et d\u00e9cembre 2012, 15 159 trajets du RGTR &#8211; R\u00e9gime G\u00e9n\u00e9ral des Transports routiers &#8211; ont \u00e9t\u00e9 contr\u00f4l\u00e9s. Si la ponctualit\u00e9 des autobus peut \u00eatre am\u00e9lior\u00e9e, les usagers demeurent n\u00e9anmoins tr\u00e8s satisfaits des services offerts et les recommandent \u00e0 &hellip; <\/p>\n<p><a class=\"more-link btn\" href=\"https:\/\/mvt.qc.ca\/fr\/2013\/04\/luxembourg-qualite-tp\/\">Lire la suite<\/a><\/p>\n","protected":false},"author":1,"featured_media":0,"comment_status":"open","ping_status":"open","sticky":false,"template":"","format":"standard","meta":{"footnotes":""},"categories":[211,18,383],"tags":[387,636,385,384,386],"class_list":["post-3415","post","type-post","status-publish","format-standard","hentry","category-actualites","category-autobus","category-luxembourg","tag-clientele","tag-luxembourg","tag-qualite","tag-rgtr","tag-satisfaction","nodate","item-wrap"],"_links":{"self":[{"href":"https:\/\/mvt.qc.ca\/fr\/wp-json\/wp\/v2\/posts\/3415","targetHints":{"allow":["GET"]}}],"collection":[{"href":"https:\/\/mvt.qc.ca\/fr\/wp-json\/wp\/v2\/posts"}],"about":[{"href":"https:\/\/mvt.qc.ca\/fr\/wp-json\/wp\/v2\/types\/post"}],"author":[{"embeddable":true,"href":"https:\/\/mvt.qc.ca\/fr\/wp-json\/wp\/v2\/users\/1"}],"replies":[{"embeddable":true,"href":"https:\/\/mvt.qc.ca\/fr\/wp-json\/wp\/v2\/comments?post=3415"}],"version-history":[{"count":15,"href":"https:\/\/mvt.qc.ca\/fr\/wp-json\/wp\/v2\/posts\/3415\/revisions"}],"predecessor-version":[{"id":5734,"href":"https:\/\/mvt.qc.ca\/fr\/wp-json\/wp\/v2\/posts\/3415\/revisions\/5734"}],"wp:attachment":[{"href":"https:\/\/mvt.qc.ca\/fr\/wp-json\/wp\/v2\/media?parent=3415"}],"wp:term":[{"taxonomy":"category","embeddable":true,"href":"https:\/\/mvt.qc.ca\/fr\/wp-json\/wp\/v2\/categories?post=3415"},{"taxonomy":"post_tag","embeddable":true,"href":"https:\/\/mvt.qc.ca\/fr\/wp-json\/wp\/v2\/tags?post=3415"}],"curies":[{"name":"wp","href":"https:\/\/api.w.org\/{rel}","templated":true}]}}