{"id":3381,"date":"2013-04-27T15:30:34","date_gmt":"2013-04-27T19:30:34","guid":{"rendered":"http:\/\/mvt.tc\/fr\/?p=3381"},"modified":"2014-07-06T20:57:33","modified_gmt":"2014-07-07T00:57:33","slug":"stationnement-bruxelles","status":"publish","type":"post","link":"https:\/\/mvt.qc.ca\/fr\/2013\/04\/stationnement-bruxelles\/","title":{"rendered":"Stationner \u00e0 Bruxelles sur la voie publique : 750 \u20ac par an."},"content":{"rendered":"<p style=\"text-align: justify;\">Pour citer\u00a0<a href=\"http:\/\/shoup.bol.ucla.edu\/\">Donald Shoup<\/a> (<em>The High Cost of Free Parking<\/em>) (<a href=\"http:\/\/www.google.ca\/url?sa=t&amp;rct=j&amp;q=&amp;esrc=s&amp;source=web&amp;cd=5&amp;ved=0CFcQFjAE&amp;url=http%3A%2F%2Fwww.trb.org%2Fconferences%2Froadpricing%2Fpresentations%2Fshoup.ppt&amp;ei=5SJ8UemPMJbG4AOA-YHQCQ&amp;usg=AFQjCNE-oifnfANpmjv9Weq0SvrAv-qB8w&amp;bvm=bv.45645796,d.dmg&amp;cad=rja\"><strong>ppt<\/strong><\/a>) : <em>There is no such thing as free parking !<\/em><\/p>\n<p style=\"text-align: justify;\">Heureusement que les contribuables bruxellois peuvent se stationner <a href=\"http:\/\/www.bruxelles.be\/artdet.cfm\/7600\">\u00e0 un taux r\u00e9duit de 500 \u20ac<\/a>, ou l&rsquo;\u00e9quivalent d&rsquo;une tasse de caf\u00e9 par jour. En comparaison, un abonnement annuel illimit\u00e9 \u00e0 la <a href=\"http:\/\/www.stib.be\"><strong>Soci\u00e9t\u00e9 des transports intercommunaux de Bruxelles (STIB)<\/strong><\/a> est vendu <a href=\"http:\/\/www.stib.be\/abonnement.html?l=fr\">1 \u20ac de moins<\/a>!<\/p>\n<p style=\"text-align: justify;\">Des tarifs sp\u00e9ciaux sont pr\u00e9vus pour les visiteurs des riverains, et<a href=\"http:\/\/www.lavenir.net\/article\/detail.aspx?articleid=DMF20130420_00299592\"> les professionnels m\u00e9dicaux et enseignants<\/a>.<\/p>\n<div class=\"mceItemEmbedly\" style=\"max-width: 600px;max-width:600px;\" data-ajax=\"{'url':'http:\/\/www.lavenir.net\/article\/detail.aspx?articleid=DMF20130420_00299592','width':'600','words':'60','height':null,'embed':'&lt;div class=\\&quot;embedly\\&quot; style=\\&quot;max-width:600px;max-height:nullpx\\&quot;&gt;&lt;img src=\\&quot;http:\/\/1.lavenircdn.net\/Assets\/Images_Upload\/Actu24\/2013\/04\/24\/PID_$391523$_6334ddd6-3ac2-11e2-a694-a31e3de3d0cb_web.jpg\\&quot; class=\\&quot;thumb embedly-thumbnail-small\\&quot; \/&gt;&lt;a class=\\'embedly-title\\' href=\\'http:\/\/www.lavenir.net\/article\/detail.aspx?articleid=DMF20130420_00299592\\'&gt;La nouvelle mouture du plan de stationnement de la ville de Bruxelles approuv\\u00e9e&lt;\/a&gt;Toute l\\'info sur ce th\\u00e8me Le plan sera pr\\u00e9sent\\u00e9 en d\\u00e9tail, mercredi, \\u00e0 la presse, soumis au conseil communal du 29 avril et devrait entr\\u00e9 en application le 15 juin prochain. L\\'\\u00e9chevine lib\\u00e9rale avait suspendu pour r\\u00e9vision, \\u00e0 son entr\\u00e9e en fonction, des pans du plan de stationnement adopt\\u00e9 en juin 2012 par l\\'ancienne majorit\\u00e9 PS-cdH.&lt;div class=\\&quot;embedly-clear\\&quot;&gt;&lt;\/div&gt;&lt;span class=\\&quot;embedly-powered\\&quot; style=\\&quot;float:right;display:block\\&quot;&gt;&lt;a target=\\&quot;_blank\\&quot; href=\\&quot;http:\/\/embed.ly?src=anywhere\\&quot; title=\\&quot;Powered by Embedly\\&quot;&gt;&lt;img src=\\&quot;\/\/static.embed.ly\/images\/logos\/embedly-powered-small-light.png\\&quot; alt=\\&quot;Embedly Powered\\&quot; \/&gt;&lt;\/a&gt;&lt;\/span&gt;&lt;div class=\\&quot;media-attribution\\&quot;&gt;&lt;span&gt;via &lt;\/span&gt;&lt;a href=\\&quot;http:\/\/www.lavenir.net\\&quot; class=\\&quot;media-attribution-link\\&quot; target=\\&quot;_blank\\&quot;&gt;Lavenir&lt;\/a&gt;&lt;\/span&gt;&lt;\/div&gt;&lt;div class=\\&quot;embedly-clear\\&quot;&gt;&lt;\/div&gt;&lt;\/div&gt;'}\">\n<div class=\"embedly\" style=\"max-width:600px;max-height:nullpx\"><img decoding=\"async\" src=\"http:\/\/1.lavenircdn.net\/Assets\/Images_Upload\/Actu24\/2013\/04\/24\/PID_$391523$_6334ddd6-3ac2-11e2-a694-a31e3de3d0cb_web.jpg\" class=\"thumb embedly-thumbnail-small\" \/><a class='embedly-title' href='http:\/\/www.lavenir.net\/article\/detail.aspx?articleid=DMF20130420_00299592'>La nouvelle mouture du plan de stationnement de la ville de Bruxelles approuv\u00e9e<\/a>Toute l&rsquo;info sur ce th\u00e8me Le plan sera pr\u00e9sent\u00e9 en d\u00e9tail, mercredi, \u00e0 la presse, soumis au conseil communal du 29 avril et devrait entr\u00e9 en application le 15 juin prochain. L&rsquo;\u00e9chevine lib\u00e9rale avait suspendu pour r\u00e9vision, \u00e0 son entr\u00e9e en fonction, des pans du plan de stationnement adopt\u00e9 en juin 2012 par l&rsquo;ancienne majorit\u00e9 PS-cdH.<\/p>\n<div class=\"embedly-clear\"><\/div>\n<p><span class=\"embedly-powered\" style=\"float:right;display:block\"><a target=\"_blank\" href=\"http:\/\/embed.ly?src=anywhere\" title=\"Powered by Embedly\"><img decoding=\"async\" src=\"\/\/static.embed.ly\/images\/logos\/embedly-powered-small-light.png\" alt=\"Embedly Powered\" \/><\/a><\/span><\/p>\n<div class=\"media-attribution\"><span>via <\/span><a href=\"http:\/\/www.lavenir.net\" class=\"media-attribution-link\" target=\"_blank\">Lavenir<\/a><\/span><\/div>\n<div class=\"embedly-clear\"><\/div>\n<\/div>\n<\/div>\n<p style=\"text-align: justify;\">\n","protected":false},"excerpt":{"rendered":"<p>Pour citer\u00a0Donald Shoup (The High Cost of Free Parking) (ppt) : There is no such thing as free parking ! Heureusement que les contribuables bruxellois peuvent se stationner \u00e0 un taux r\u00e9duit de 500 \u20ac, ou l&rsquo;\u00e9quivalent d&rsquo;une tasse de caf\u00e9 par jour. En comparaison, un abonnement annuel illimit\u00e9 \u00e0 la Soci\u00e9t\u00e9 des transports intercommunaux &hellip; <\/p>\n<p><a class=\"more-link btn\" href=\"https:\/\/mvt.qc.ca\/fr\/2013\/04\/stationnement-bruxelles\/\">Lire la suite<\/a><\/p>\n","protected":false},"author":1,"featured_media":0,"comment_status":"open","ping_status":"open","sticky":false,"template":"","format":"standard","meta":{"footnotes":""},"categories":[211,95,33,375],"tags":[635,379,378,326,380,377,376],"class_list":["post-3381","post","type-post","status-publish","format-standard","hentry","category-actualites","category-automobile","category-belgique","category-bruxelles","tag-bruxelles","tag-contribuables","tag-riverains","tag-stationnement","tag-stib","tag-tarification","tag-voirie","nodate","item-wrap"],"_links":{"self":[{"href":"https:\/\/mvt.qc.ca\/fr\/wp-json\/wp\/v2\/posts\/3381","targetHints":{"allow":["GET"]}}],"collection":[{"href":"https:\/\/mvt.qc.ca\/fr\/wp-json\/wp\/v2\/posts"}],"about":[{"href":"https:\/\/mvt.qc.ca\/fr\/wp-json\/wp\/v2\/types\/post"}],"author":[{"embeddable":true,"href":"https:\/\/mvt.qc.ca\/fr\/wp-json\/wp\/v2\/users\/1"}],"replies":[{"embeddable":true,"href":"https:\/\/mvt.qc.ca\/fr\/wp-json\/wp\/v2\/comments?post=3381"}],"version-history":[{"count":14,"href":"https:\/\/mvt.qc.ca\/fr\/wp-json\/wp\/v2\/posts\/3381\/revisions"}],"predecessor-version":[{"id":5733,"href":"https:\/\/mvt.qc.ca\/fr\/wp-json\/wp\/v2\/posts\/3381\/revisions\/5733"}],"wp:attachment":[{"href":"https:\/\/mvt.qc.ca\/fr\/wp-json\/wp\/v2\/media?parent=3381"}],"wp:term":[{"taxonomy":"category","embeddable":true,"href":"https:\/\/mvt.qc.ca\/fr\/wp-json\/wp\/v2\/categories?post=3381"},{"taxonomy":"post_tag","embeddable":true,"href":"https:\/\/mvt.qc.ca\/fr\/wp-json\/wp\/v2\/tags?post=3381"}],"curies":[{"name":"wp","href":"https:\/\/api.w.org\/{rel}","templated":true}]}}