{"id":3356,"date":"2013-04-26T09:51:26","date_gmt":"2013-04-26T13:51:26","guid":{"rendered":"http:\/\/mvt.tc\/fr\/?p=3356"},"modified":"2013-04-26T09:56:58","modified_gmt":"2013-04-26T13:56:58","slug":"bus-diesel-cible","status":"publish","type":"post","link":"https:\/\/mvt.qc.ca\/fr\/2013\/04\/bus-diesel-cible\/","title":{"rendered":"Le bus diesel, l&rsquo;ennemi \u00e0 abattre? Mauvaise cible."},"content":{"rendered":"<p style=\"text-align: justify;\">Favoris\u00e9 si longtemps en France, le diesel est devenu soudainement l&rsquo;ennemi public num\u00e9ro un. Pourquoi stigmatiser les bus de la sorte?<\/p>\n<p style=\"text-align: justify;\">Le processus d&rsquo;\u00e9lectrification des transports est justifi\u00e9 en pr\u00e9sence d&rsquo;une source d&rsquo;\u00e9nergie moins carbon\u00e9e, tant pour fabriquer que pour exploiter les v\u00e9hicules. D\u00e9j\u00e0, les bus r\u00e9duisent significativement la part globale de carburant attribuable au transport des voyageurs.<\/p>\n<p style=\"text-align: justify;\">Les politiciens devraient plut\u00f4t s&rsquo;attaquer aux v\u00e9hicules automobiles qu&rsquo;ils conduisent eux-m\u00eames, ou aux camions lourds, qui ont un impact bien plus senti sur la consommation g\u00e9n\u00e9rale de carburant et la qualit\u00e9 de l&rsquo;air du pays.<\/p>\n<div class=\"mceItemEmbedly\" style=\"max-width: 600px;max-width:600px;\" data-ajax=\"{'url':'http:\/\/www.busetcar.com\/actualites\/detail\/65252\/municipales-les-bus-diesel-de-la-ratp-vises-par-les-candidats.html','width':'600','words':'40','height':null,'embed':'&lt;div class=\\&quot;embedly\\&quot; style=\\&quot;max-width:600px;max-height:nullpx\\&quot;&gt;&lt;img src=\\&quot;http:\/\/www.busetcar.com\/actualites\/upload\/busetcar\/homepagebus_et_car_actu65252_photo.jpg\\&quot; class=\\&quot;thumb embedly-thumbnail-small\\&quot; \/&gt;&lt;a class=\\'embedly-title\\' href=\\'http:\/\/www.busetcar.com\/actualites\/detail\/65252\/municipales-les-bus-diesel-de-la-ratp-vises-par-les-candidats.html\\'&gt;Bus &amp; Car - Transport de voyageurs - site officiel - : Municipales : les bus diesel de la RATP vis\\u00e9s par les candidats&lt;\/a&gt;Apr\\u00e8s Anne-Marie Hidalgo c\\u00f4t\\u00e9 PS, c\\'est au tour de la candidate \\u00e0 la primaire de l\\'UMP, Nathalie Kosciusko-Morizet, d\\'avoir les bus diesel dans le collimateur en vue des \\u00e9lections municipales \\u00e0 Paris.&lt;div class=\\&quot;embedly-clear\\&quot;&gt;&lt;\/div&gt;&lt;span class=\\&quot;embedly-powered\\&quot; style=\\&quot;float:right;display:block\\&quot;&gt;&lt;a target=\\&quot;_blank\\&quot; href=\\&quot;http:\/\/embed.ly?src=anywhere\\&quot; title=\\&quot;Powered by Embedly\\&quot;&gt;&lt;img src=\\&quot;\/\/static.embed.ly\/images\/logos\/embedly-powered-small-light.png\\&quot; alt=\\&quot;Embedly Powered\\&quot; \/&gt;&lt;\/a&gt;&lt;\/span&gt;&lt;div class=\\&quot;media-attribution\\&quot;&gt;&lt;span&gt;via &lt;\/span&gt;&lt;a href=\\&quot;http:\/\/www.busetcar.com\\&quot; class=\\&quot;media-attribution-link\\&quot; target=\\&quot;_blank\\&quot;&gt;Busetcar&lt;\/a&gt;&lt;\/span&gt;&lt;\/div&gt;&lt;div class=\\&quot;embedly-clear\\&quot;&gt;&lt;\/div&gt;&lt;\/div&gt;'}\">\n<div class=\"embedly\" style=\"max-width:600px;max-height:nullpx\"><img decoding=\"async\" src=\"http:\/\/www.busetcar.com\/actualites\/upload\/busetcar\/homepagebus_et_car_actu65252_photo.jpg\" class=\"thumb embedly-thumbnail-small\" \/><a class='embedly-title' href='http:\/\/www.busetcar.com\/actualites\/detail\/65252\/municipales-les-bus-diesel-de-la-ratp-vises-par-les-candidats.html'>Bus &#038; Car &#8211; Transport de voyageurs &#8211; site officiel &#8211; : Municipales : les bus diesel de la RATP vis\u00e9s par les candidats<\/a>Apr\u00e8s Anne-Marie Hidalgo c\u00f4t\u00e9 PS, c&rsquo;est au tour de la candidate \u00e0 la primaire de l&rsquo;UMP, Nathalie Kosciusko-Morizet, d&rsquo;avoir les bus diesel dans le collimateur en vue des \u00e9lections municipales \u00e0 Paris.<\/p>\n<div class=\"embedly-clear\"><\/div>\n<p><span class=\"embedly-powered\" style=\"float:right;display:block\"><a target=\"_blank\" href=\"http:\/\/embed.ly?src=anywhere\" title=\"Powered by Embedly\"><img decoding=\"async\" src=\"\/\/static.embed.ly\/images\/logos\/embedly-powered-small-light.png\" alt=\"Embedly Powered\" \/><\/a><\/span><\/p>\n<div class=\"media-attribution\"><span>via <\/span><a href=\"http:\/\/www.busetcar.com\" class=\"media-attribution-link\" target=\"_blank\">Busetcar<\/a><\/span><\/div>\n<div class=\"embedly-clear\"><\/div>\n<\/div>\n<\/div>\n<div class=\"embedly-clear\"><\/div>\n","protected":false},"excerpt":{"rendered":"<p>Favoris\u00e9 si longtemps en France, le diesel est devenu soudainement l&rsquo;ennemi public num\u00e9ro un. Pourquoi stigmatiser les bus de la sorte? Le processus d&rsquo;\u00e9lectrification des transports est justifi\u00e9 en pr\u00e9sence d&rsquo;une source d&rsquo;\u00e9nergie moins carbon\u00e9e, tant pour fabriquer que pour exploiter les v\u00e9hicules. D\u00e9j\u00e0, les bus r\u00e9duisent significativement la part globale de carburant attribuable au &hellip; <\/p>\n<p><a class=\"more-link btn\" href=\"https:\/\/mvt.qc.ca\/fr\/2013\/04\/bus-diesel-cible\/\">Lire la suite<\/a><\/p>\n","protected":false},"author":1,"featured_media":0,"comment_status":"open","ping_status":"open","sticky":false,"template":"","format":"standard","meta":{"footnotes":""},"categories":[211,18,19,95,130,26],"tags":[371,369,128,373,372,185,370],"class_list":["post-3356","post","type-post","status-publish","format-standard","hentry","category-actualites","category-autobus","category-autocar","category-automobile","category-energie-2","category-france","tag-autobus-2","tag-camions","tag-consommation","tag-diesel","tag-electrification","tag-qualite-de-lair","tag-vehicules-lourds","nodate","item-wrap"],"_links":{"self":[{"href":"https:\/\/mvt.qc.ca\/fr\/wp-json\/wp\/v2\/posts\/3356","targetHints":{"allow":["GET"]}}],"collection":[{"href":"https:\/\/mvt.qc.ca\/fr\/wp-json\/wp\/v2\/posts"}],"about":[{"href":"https:\/\/mvt.qc.ca\/fr\/wp-json\/wp\/v2\/types\/post"}],"author":[{"embeddable":true,"href":"https:\/\/mvt.qc.ca\/fr\/wp-json\/wp\/v2\/users\/1"}],"replies":[{"embeddable":true,"href":"https:\/\/mvt.qc.ca\/fr\/wp-json\/wp\/v2\/comments?post=3356"}],"version-history":[{"count":10,"href":"https:\/\/mvt.qc.ca\/fr\/wp-json\/wp\/v2\/posts\/3356\/revisions"}],"predecessor-version":[{"id":3367,"href":"https:\/\/mvt.qc.ca\/fr\/wp-json\/wp\/v2\/posts\/3356\/revisions\/3367"}],"wp:attachment":[{"href":"https:\/\/mvt.qc.ca\/fr\/wp-json\/wp\/v2\/media?parent=3356"}],"wp:term":[{"taxonomy":"category","embeddable":true,"href":"https:\/\/mvt.qc.ca\/fr\/wp-json\/wp\/v2\/categories?post=3356"},{"taxonomy":"post_tag","embeddable":true,"href":"https:\/\/mvt.qc.ca\/fr\/wp-json\/wp\/v2\/tags?post=3356"}],"curies":[{"name":"wp","href":"https:\/\/api.w.org\/{rel}","templated":true}]}}