{"id":3289,"date":"2013-04-24T00:00:13","date_gmt":"2013-04-24T04:00:13","guid":{"rendered":"http:\/\/mvt.tc\/fr\/?p=3289"},"modified":"2013-04-24T00:05:06","modified_gmt":"2013-04-24T04:05:06","slug":"reseau-national-vls","status":"publish","type":"post","link":"https:\/\/mvt.qc.ca\/fr\/2013\/04\/reseau-national-vls\/","title":{"rendered":"Bient\u00f4t, un r\u00e9seau national de v\u00e9los en libre-service"},"content":{"rendered":"<p style=\"text-align: justify;\">Les entreprises <a href=\"http:\/\/www.velopass.ch\"><strong>Velopass<\/strong><\/a> et <strong><a href=\"http:\/\/www.publibike.ch\">Publibike<\/a><\/strong> sont sur le point de concr\u00e9tiser leur union : les fian\u00e7ailles sont annonc\u00e9es et, \u00e0 terme, cela permettra l&rsquo;utilisation des v\u00e9los en libre-service sur l&rsquo;ensemble du territoire suisse, avec un seul titre et une tarification uniforme. Le r\u00e9seau ainsi form\u00e9 offrira 1000 bicyclettes conventionnelles ou \u00e9lectriques, r\u00e9parties en 100 stations.<\/p>\n<div id=\"attachment_3295\" style=\"width: 650px\" class=\"wp-caption aligncenter\"><a href=\"http:\/\/owl.li\/kmvcv\"><img loading=\"lazy\" decoding=\"async\" aria-describedby=\"caption-attachment-3295\" class=\"size-full wp-image-3295\" src=\"https:\/\/mvt.qc.ca\/fr\/wp-content\/uploads\/2013\/04\/VLS.png\" alt=\"Le r\u00e9seau national en libre-service, pr\u00e9sent\u00e9 dans la derni\u00e8re \u00e9dition de &quot;La Poste&quot; - Avril 2013 (http:\/\/owl.li\/kmvcv)\" width=\"650\" height=\"432\" srcset=\"https:\/\/mvt.qc.ca\/fr\/wp-content\/uploads\/2013\/04\/VLS.png 650w, https:\/\/mvt.qc.ca\/fr\/wp-content\/uploads\/2013\/04\/VLS-300x199.png 300w\" sizes=\"auto, (max-width: 650px) 100vw, 650px\" \/><\/a><p id=\"caption-attachment-3295\" class=\"wp-caption-text\">Le r\u00e9seau national de v\u00e9los en libre-service. Source : \u00ab\u00a0La Poste\u00a0\u00bb, avril 2013 (http:\/\/owl.li\/kmvcv)<\/p><\/div>\n<p>&nbsp;<\/p>\n","protected":false},"excerpt":{"rendered":"<p>Les entreprises Velopass et Publibike sont sur le point de concr\u00e9tiser leur union : les fian\u00e7ailles sont annonc\u00e9es et, \u00e0 terme, cela permettra l&rsquo;utilisation des v\u00e9los en libre-service sur l&rsquo;ensemble du territoire suisse, avec un seul titre et une tarification uniforme. Le r\u00e9seau ainsi form\u00e9 offrira 1000 bicyclettes conventionnelles ou \u00e9lectriques, r\u00e9parties en 100 stations. &hellip; <\/p>\n<p><a class=\"more-link btn\" href=\"https:\/\/mvt.qc.ca\/fr\/2013\/04\/reseau-national-vls\/\">Lire la suite<\/a><\/p>\n","protected":false},"author":1,"featured_media":0,"comment_status":"open","ping_status":"open","sticky":false,"template":"","format":"standard","meta":{"footnotes":""},"categories":[211,32,15],"tags":[366,368,275,367,276],"class_list":["post-3289","post","type-post","status-publish","format-standard","hentry","category-actualites","category-suisse","category-velo","tag-publibike","tag-velo-electrique","tag-velo-en-libre-service","tag-velopass","tag-vls","nodate","item-wrap"],"_links":{"self":[{"href":"https:\/\/mvt.qc.ca\/fr\/wp-json\/wp\/v2\/posts\/3289","targetHints":{"allow":["GET"]}}],"collection":[{"href":"https:\/\/mvt.qc.ca\/fr\/wp-json\/wp\/v2\/posts"}],"about":[{"href":"https:\/\/mvt.qc.ca\/fr\/wp-json\/wp\/v2\/types\/post"}],"author":[{"embeddable":true,"href":"https:\/\/mvt.qc.ca\/fr\/wp-json\/wp\/v2\/users\/1"}],"replies":[{"embeddable":true,"href":"https:\/\/mvt.qc.ca\/fr\/wp-json\/wp\/v2\/comments?post=3289"}],"version-history":[{"count":16,"href":"https:\/\/mvt.qc.ca\/fr\/wp-json\/wp\/v2\/posts\/3289\/revisions"}],"predecessor-version":[{"id":3309,"href":"https:\/\/mvt.qc.ca\/fr\/wp-json\/wp\/v2\/posts\/3289\/revisions\/3309"}],"wp:attachment":[{"href":"https:\/\/mvt.qc.ca\/fr\/wp-json\/wp\/v2\/media?parent=3289"}],"wp:term":[{"taxonomy":"category","embeddable":true,"href":"https:\/\/mvt.qc.ca\/fr\/wp-json\/wp\/v2\/categories?post=3289"},{"taxonomy":"post_tag","embeddable":true,"href":"https:\/\/mvt.qc.ca\/fr\/wp-json\/wp\/v2\/tags?post=3289"}],"curies":[{"name":"wp","href":"https:\/\/api.w.org\/{rel}","templated":true}]}}