{"id":3232,"date":"2013-04-22T14:30:48","date_gmt":"2013-04-22T18:30:48","guid":{"rendered":"http:\/\/mvt.tc\/fr\/?p=3232"},"modified":"2014-07-06T20:58:22","modified_gmt":"2014-07-07T00:58:22","slug":"trolleybus-sans-fil","status":"publish","type":"post","link":"https:\/\/mvt.qc.ca\/fr\/2013\/04\/trolleybus-sans-fil\/","title":{"rendered":"Le TOSA, un trolleybus sans fil!"},"content":{"rendered":"<p style=\"text-align: justify;\">Une nouvelle technologie est \u00e0 l&rsquo;essai \u00e0 Gen\u00e8ve. Il s&rsquo;agit d&rsquo;un autobus \u00e9quip\u00e9 d&rsquo;une batterie longitudinale, recharg\u00e9e en station avec un bras r\u00e9tractable : la dur\u00e9e de la recharge est de 6 minutes aux terminus, et de 15 secondes aux arr\u00eats interm\u00e9diaires choisis. Le v\u00e9hicule sera inaugur\u00e9 le 26 mai prochain, \u00e0 l&rsquo;occasion du congr\u00e8s mondial de l&rsquo;UITP.<\/p>\n<div class=\"mceItemEmbedly\" style=\"max-width: 600px;max-width:600px;\" data-ajax=\"{'url':'http:\/\/www.mobilicites.com\/fr_geneve-teste-le-projet-tosa-de--trolleybus-sans-fil-_0_2521.html','width':'600','words':null,'height':null,'embed':'&lt;div class=\\&quot;embedly\\&quot; style=\\&quot;max-width:600px;max-height:nullpx\\&quot;&gt;&lt;img src=\\&quot;http:\/\/www.mobilicites.com\/admin\/image\/6ba5c4af498216cd1b5bb100f10283ce_tosa_geneve_avril_2013.jpg\\&quot; class=\\&quot;thumb embedly-thumbnail-small\\&quot; \/&gt;&lt;a class=\\'embedly-title\\' href=\\'http:\/\/www.mobilicites.com\/fr_geneve-teste-le-projet-tosa-de--trolleybus-sans-fil-_0_2521.html\\'&gt;Gen\\u00e8ve teste le projet TOSA de \\&quot;trolleybus sans fil\\&quot; &gt; &gt; Mobilicites.com&lt;\/a&gt;Un nouveau type de bus \\u00e9lectrique a \\u00e9t\\u00e9 pr\\u00e9sent\\u00e9 le 19 avril 2013 \\u00e0 Gen\\u00e8ve. Construit en Suisse, ce \\&quot;trolleybus sans fil\\&quot; concr\\u00e9tise le projet TOSA, d\\u00e9velopp\\u00e9 par un groupe de partenaires genevois. Conduit par l\\'Office de la Promotion Industrielle genevoise, cette alliance r\\u00e9unit l\\'Etat de Gen\\u00e8ve, les SIG (fournisseur d\\'\\u00e9nergie), les TPG (transports publics genevois) et le groupe technologique ABB.&lt;div class=\\&quot;embedly-clear\\&quot;&gt;&lt;\/div&gt;&lt;span class=\\&quot;embedly-powered\\&quot; style=\\&quot;float:right;display:block\\&quot;&gt;&lt;a target=\\&quot;_blank\\&quot; href=\\&quot;http:\/\/embed.ly?src=anywhere\\&quot; title=\\&quot;Powered by Embedly\\&quot;&gt;&lt;img src=\\&quot;\/\/static.embed.ly\/images\/logos\/embedly-powered-small-light.png\\&quot; alt=\\&quot;Embedly Powered\\&quot; \/&gt;&lt;\/a&gt;&lt;\/span&gt;&lt;div class=\\&quot;media-attribution\\&quot;&gt;&lt;span&gt;via &lt;\/span&gt;&lt;a href=\\&quot;http:\/\/www.mobilicites.com\\&quot; class=\\&quot;media-attribution-link\\&quot; target=\\&quot;_blank\\&quot;&gt;Mobilicites&lt;\/a&gt;&lt;\/span&gt;&lt;\/div&gt;&lt;div class=\\&quot;embedly-clear\\&quot;&gt;&lt;\/div&gt;&lt;\/div&gt;'}\">\n<div class=\"embedly\" style=\"max-width:600px;max-height:nullpx\"><a class='embedly-title' href='http:\/\/www.mobilicites.com\/fr_geneve-teste-le-projet-tosa-de--trolleybus-sans-fil-_0_2521.html'>Gen\u00e8ve teste le projet TOSA de \u00ab\u00a0trolleybus sans fil\u00a0\u00bb > > Mobilicites.com<\/a>Un nouveau type de bus \u00e9lectrique a \u00e9t\u00e9 pr\u00e9sent\u00e9 le 19 avril 2013 \u00e0 Gen\u00e8ve. Construit en Suisse, ce \u00ab\u00a0trolleybus sans fil\u00a0\u00bb concr\u00e9tise le projet TOSA, d\u00e9velopp\u00e9 par un groupe de partenaires genevois. Conduit par l&rsquo;Office de la Promotion Industrielle genevoise, cette alliance r\u00e9unit l&rsquo;Etat de Gen\u00e8ve, les SIG (fournisseur d&rsquo;\u00e9nergie), les TPG (transports publics genevois) et le groupe technologique ABB.<\/p>\n<div class=\"embedly-clear\"><\/div>\n<p><span class=\"embedly-powered\" style=\"float:right;display:block\"><a target=\"_blank\" href=\"http:\/\/embed.ly?src=anywhere\" title=\"Powered by Embedly\"><img decoding=\"async\" src=\"\/\/static.embed.ly\/images\/logos\/embedly-powered-small-light.png\" alt=\"Embedly Powered\" \/><\/a><\/span><\/p>\n<div class=\"media-attribution\"><span>via <\/span><a href=\"http:\/\/www.mobilicites.com\" class=\"media-attribution-link\" target=\"_blank\">Mobilicites<\/a><\/span><\/div>\n<div class=\"embedly-clear\"><\/div>\n<\/div>\n<\/div>\n","protected":false},"excerpt":{"rendered":"<p>Une nouvelle technologie est \u00e0 l&rsquo;essai \u00e0 Gen\u00e8ve. Il s&rsquo;agit d&rsquo;un autobus \u00e9quip\u00e9 d&rsquo;une batterie longitudinale, recharg\u00e9e en station avec un bras r\u00e9tractable : la dur\u00e9e de la recharge est de 6 minutes aux terminus, et de 15 secondes aux arr\u00eats interm\u00e9diaires choisis. Le v\u00e9hicule sera inaugur\u00e9 le 26 mai prochain, \u00e0 l&rsquo;occasion du congr\u00e8s &hellip; <\/p>\n<p><a class=\"more-link btn\" href=\"https:\/\/mvt.qc.ca\/fr\/2013\/04\/trolleybus-sans-fil\/\">Lire la suite<\/a><\/p>\n","protected":false},"author":1,"featured_media":0,"comment_status":"open","ping_status":"open","sticky":false,"template":"","format":"standard","meta":{"footnotes":""},"categories":[211,18,283,32,14],"tags":[357,356,359,358,355,353,354],"class_list":["post-3232","post","type-post","status-publish","format-standard","hentry","category-actualites","category-autobus","category-geneve","category-suisse","category-trolleybus","tag-abb","tag-batterie","tag-biberonnage","tag-hess","tag-sans-fil","tag-tosa","tag-trolleybus-2","nodate","item-wrap"],"_links":{"self":[{"href":"https:\/\/mvt.qc.ca\/fr\/wp-json\/wp\/v2\/posts\/3232","targetHints":{"allow":["GET"]}}],"collection":[{"href":"https:\/\/mvt.qc.ca\/fr\/wp-json\/wp\/v2\/posts"}],"about":[{"href":"https:\/\/mvt.qc.ca\/fr\/wp-json\/wp\/v2\/types\/post"}],"author":[{"embeddable":true,"href":"https:\/\/mvt.qc.ca\/fr\/wp-json\/wp\/v2\/users\/1"}],"replies":[{"embeddable":true,"href":"https:\/\/mvt.qc.ca\/fr\/wp-json\/wp\/v2\/comments?post=3232"}],"version-history":[{"count":7,"href":"https:\/\/mvt.qc.ca\/fr\/wp-json\/wp\/v2\/posts\/3232\/revisions"}],"predecessor-version":[{"id":5753,"href":"https:\/\/mvt.qc.ca\/fr\/wp-json\/wp\/v2\/posts\/3232\/revisions\/5753"}],"wp:attachment":[{"href":"https:\/\/mvt.qc.ca\/fr\/wp-json\/wp\/v2\/media?parent=3232"}],"wp:term":[{"taxonomy":"category","embeddable":true,"href":"https:\/\/mvt.qc.ca\/fr\/wp-json\/wp\/v2\/categories?post=3232"},{"taxonomy":"post_tag","embeddable":true,"href":"https:\/\/mvt.qc.ca\/fr\/wp-json\/wp\/v2\/tags?post=3232"}],"curies":[{"name":"wp","href":"https:\/\/api.w.org\/{rel}","templated":true}]}}