{"id":3124,"date":"2013-04-17T13:00:45","date_gmt":"2013-04-17T17:00:45","guid":{"rendered":"http:\/\/mvt.tc\/fr\/?p=3124"},"modified":"2013-04-17T13:13:18","modified_gmt":"2013-04-17T17:13:18","slug":"tunnel-maritime-xxl","status":"publish","type":"post","link":"https:\/\/mvt.qc.ca\/fr\/2013\/04\/tunnel-maritime-xxl\/","title":{"rendered":"Un tunnel maritime XXL!"},"content":{"rendered":"<p style=\"text-align: justify;\">Un projet de tunnel reliant deux fjords norv\u00e9giens est envisag\u00e9 : d&rsquo;une longueur de 1,7 km et d&rsquo;un d\u00e9gagement de 33 m\u00e8tres, cet ouvrage permettrait une navigation plus s\u00e9curitaire entre ces deux bras de mer. On envisage \u00e9galement un transfert modal de la route vers le maritime. Cependant, une question est souvent \u00e9lud\u00e9e dans l&rsquo;\u00e9valuation de la vie d&rsquo;une infrastructure de transport : combien de litres de p\u00e9trole (et de kWh d&rsquo;\u00e9lectricit\u00e9) seront n\u00e9cessaires pour percer, exploiter et entretenir ce tunnel, en comparaison avec la r\u00e9duction anticip\u00e9e du trafic routier?<\/p>\n<div class=\"mceItemEmbedly\" style=\"max-width: 600px;max-width:600px;\" data-ajax=\"{'url':'http:\/\/lexpansion.lexpress.fr\/economie\/la-norvege-veut-construire-le-premier-tunnel-pour-bateaux-au-monde_380024.html','width':'600','words':'20','height':null,'embed':'&lt;div class=\\&quot;embedly\\&quot; style=\\&quot;max-width:600px;max-height:nullpx\\&quot;&gt;&lt;img src=\\&quot;http:\/\/lexpansion.lexpress.fr\/medias\/207\/106333.jpg\\&quot; class=\\&quot;thumb embedly-thumbnail-small\\&quot; \/&gt;&lt;a class=\\'embedly-title\\' href=\\'http:\/\/lexpansion.lexpress.fr\/economie\/la-norvege-veut-construire-le-premier-tunnel-pour-bateaux-au-monde_380024.html\\'&gt;La Norv\\u00e8ge veut construire le premier tunnel pour bateaux au monde&lt;\/a&gt;Dans un nouveau plan d\\u00e9cennal de transport, le gouvernement a annonc\\u00e9 qu\\'il allait mettre de c\\u00f4t\\u00e9 1 milliard de couronnes (133,6 millions d\\'euros) en vue de construire le tunnel maritime de Stad pour bateaux.&lt;div class=\\&quot;embedly-clear\\&quot;&gt;&lt;\/div&gt;&lt;span class=\\&quot;embedly-powered\\&quot; style=\\&quot;float:right;display:block\\&quot;&gt;&lt;a target=\\&quot;_blank\\&quot; href=\\&quot;http:\/\/embed.ly?src=anywhere\\&quot; title=\\&quot;Powered by Embedly\\&quot;&gt;&lt;img src=\\&quot;\/\/static.embed.ly\/images\/logos\/embedly-powered-small-light.png\\&quot; alt=\\&quot;Embedly Powered\\&quot; \/&gt;&lt;\/a&gt;&lt;\/span&gt;&lt;div class=\\&quot;media-attribution\\&quot;&gt;&lt;span&gt;via &lt;\/span&gt;&lt;a href=\\&quot;http:\/\/lexpansion.lexpress.fr\\&quot; class=\\&quot;media-attribution-link\\&quot; target=\\&quot;_blank\\&quot;&gt;Lexpress&lt;\/a&gt;&lt;\/span&gt;&lt;\/div&gt;&lt;div class=\\&quot;embedly-clear\\&quot;&gt;&lt;\/div&gt;&lt;\/div&gt;'}\">\n<div class=\"embedly\" style=\"max-width:600px;max-height:nullpx\"><img decoding=\"async\" src=\"http:\/\/lexpansion.lexpress.fr\/medias\/207\/106333.jpg\" class=\"thumb embedly-thumbnail-small\" \/><a class='embedly-title' href='http:\/\/lexpansion.lexpress.fr\/economie\/la-norvege-veut-construire-le-premier-tunnel-pour-bateaux-au-monde_380024.html'>La Norv\u00e8ge veut construire le premier tunnel pour bateaux au monde<\/a>Dans un nouveau plan d\u00e9cennal de transport, le gouvernement a annonc\u00e9 qu&rsquo;il allait mettre de c\u00f4t\u00e9 1 milliard de couronnes (133,6 millions d&rsquo;euros) en vue de construire le tunnel maritime de Stad pour bateaux.<\/p>\n<div class=\"embedly-clear\"><\/div>\n<p><span class=\"embedly-powered\" style=\"float:right;display:block\"><a target=\"_blank\" href=\"http:\/\/embed.ly?src=anywhere\" title=\"Powered by Embedly\"><img decoding=\"async\" src=\"\/\/static.embed.ly\/images\/logos\/embedly-powered-small-light.png\" alt=\"Embedly Powered\" \/><\/a><\/span><\/p>\n<div class=\"media-attribution\"><span>via <\/span><a href=\"http:\/\/lexpansion.lexpress.fr\" class=\"media-attribution-link\" target=\"_blank\">Lexpress<\/a><\/span><\/div>\n<div class=\"embedly-clear\"><\/div>\n<\/div>\n<\/div>\n<div class=\"embedly-clear\"><\/div>\n","protected":false},"excerpt":{"rendered":"<p>Un projet de tunnel reliant deux fjords norv\u00e9giens est envisag\u00e9 : d&rsquo;une longueur de 1,7 km et d&rsquo;un d\u00e9gagement de 33 m\u00e8tres, cet ouvrage permettrait une navigation plus s\u00e9curitaire entre ces deux bras de mer. On envisage \u00e9galement un transfert modal de la route vers le maritime. Cependant, une question est souvent \u00e9lud\u00e9e dans l&rsquo;\u00e9valuation &hellip; <\/p>\n<p><a class=\"more-link btn\" href=\"https:\/\/mvt.qc.ca\/fr\/2013\/04\/tunnel-maritime-xxl\/\">Lire la suite<\/a><\/p>\n","protected":false},"author":1,"featured_media":0,"comment_status":"open","ping_status":"open","sticky":false,"template":"","format":"standard","meta":{"footnotes":""},"categories":[211,21,344],"tags":[346,634,345],"class_list":["post-3124","post","type-post","status-publish","format-standard","hentry","category-actualites","category-bateau","category-norvege","tag-fjord","tag-norvege","tag-tunnel","nodate","item-wrap"],"_links":{"self":[{"href":"https:\/\/mvt.qc.ca\/fr\/wp-json\/wp\/v2\/posts\/3124","targetHints":{"allow":["GET"]}}],"collection":[{"href":"https:\/\/mvt.qc.ca\/fr\/wp-json\/wp\/v2\/posts"}],"about":[{"href":"https:\/\/mvt.qc.ca\/fr\/wp-json\/wp\/v2\/types\/post"}],"author":[{"embeddable":true,"href":"https:\/\/mvt.qc.ca\/fr\/wp-json\/wp\/v2\/users\/1"}],"replies":[{"embeddable":true,"href":"https:\/\/mvt.qc.ca\/fr\/wp-json\/wp\/v2\/comments?post=3124"}],"version-history":[{"count":12,"href":"https:\/\/mvt.qc.ca\/fr\/wp-json\/wp\/v2\/posts\/3124\/revisions"}],"predecessor-version":[{"id":3136,"href":"https:\/\/mvt.qc.ca\/fr\/wp-json\/wp\/v2\/posts\/3124\/revisions\/3136"}],"wp:attachment":[{"href":"https:\/\/mvt.qc.ca\/fr\/wp-json\/wp\/v2\/media?parent=3124"}],"wp:term":[{"taxonomy":"category","embeddable":true,"href":"https:\/\/mvt.qc.ca\/fr\/wp-json\/wp\/v2\/categories?post=3124"},{"taxonomy":"post_tag","embeddable":true,"href":"https:\/\/mvt.qc.ca\/fr\/wp-json\/wp\/v2\/tags?post=3124"}],"curies":[{"name":"wp","href":"https:\/\/api.w.org\/{rel}","templated":true}]}}