{"id":3083,"date":"2013-04-16T08:30:53","date_gmt":"2013-04-16T12:30:53","guid":{"rendered":"http:\/\/mvt.tc\/fr\/?p=3083"},"modified":"2014-02-14T22:43:32","modified_gmt":"2014-02-15T02:43:32","slug":"vehicules-sans-permis","status":"publish","type":"post","link":"https:\/\/mvt.qc.ca\/fr\/2013\/04\/vehicules-sans-permis\/","title":{"rendered":"Rachat du chef de file fran\u00e7ais des v\u00e9hicules sans permis"},"content":{"rendered":"<p style=\"text-align: justify;\">Les <a href=\"http:\/\/fr.wikipedia.org\/wiki\/Voiture_sans_permis\"><strong>quadricycles \u00e0 moteur<\/strong><\/a>, un euph\u00e9misme pour d\u00e9signer des voitures aux dimensions et capacit\u00e9s r\u00e9duites, mais surtout qui ne n\u00e9cessitent aucun permis de conduire dans certains pays!<\/p>\n<p style=\"text-align: justify;\">Cet article de <a href=\"http:\/\/www.linternaute.com\/auto\/dossier\/voitures-sans-permis\/legislation.shtml\">L&rsquo;Internaute<\/a> r\u00e9sume bien leurs caract\u00e9ristiques : \u00ab\u00a0<em>Pour recevoir cette appellation, la voiture doit r\u00e9pondre \u00e0 des crit\u00e8res bien particuliers. La cylindr\u00e9e ne doit pas d\u00e9passer 50 cm3 soit une vitesse maximum de 45km\/h, elle est pour deux personnes et p\u00e8se 350 kg \u00e0 vide<\/em>.\u00a0\u00bb<\/p>\n<div class=\"mceItemEmbedly\" style=\"max-width: 600px;max-width:600px;\" data-ajax=\"{'url':'http:\/\/www.latribune.fr\/entreprises-finance\/industrie\/automobile\/20130411trib000758925\/le-leader-francais-des-voiturettes-sans-permis-aixam-mega-rachete-par-un-americain.html','width':'600','words':null,'height':null,'embed':'&lt;div class=\\&quot;embedly\\&quot; style=\\&quot;max-width:600px;max-height:nullpx\\&quot;&gt;&lt;img src=\\&quot;http:\/\/www.latribune.fr\/getCrop.php?ID=6714248&amp;ext=jpg&amp;W=770&amp;H=380&amp;ptr=0\\&quot; class=\\&quot;thumb embedly-thumbnail-small\\&quot; \/&gt;&lt;a class=\\'embedly-title\\' href=\\'http:\/\/www.latribune.fr\/entreprises-finance\/industrie\/automobile\/20130411trib000758925\/le-leader-francais-des-voiturettes-sans-permis-aixam-mega-rachete-par-un-americain.html\\'&gt;Le leader fran\\u00e7ais des voiturettes sans permis Aixam M\\u00e9ga rachet\\u00e9 par un am\\u00e9ricain&lt;\/a&gt;La num\\u00e9ro un europ\\u00e9en des voitures sans permis est repris par l\\'am\\u00e9ricain Polaris Industries. La firme d\\'Aix-les-Bains d\\u00e9tient le tiers du march\\u00e9 fran\\u00e7ais.&lt;div class=\\&quot;embedly-clear\\&quot;&gt;&lt;\/div&gt;&lt;span class=\\&quot;embedly-powered\\&quot; style=\\&quot;float:right;display:block\\&quot;&gt;&lt;a target=\\&quot;_blank\\&quot; href=\\&quot;http:\/\/embed.ly?src=anywhere\\&quot; title=\\&quot;Powered by Embedly\\&quot;&gt;&lt;img src=\\&quot;\/\/static.embed.ly\/images\/logos\/embedly-powered-small-light.png\\&quot; alt=\\&quot;Embedly Powered\\&quot; \/&gt;&lt;\/a&gt;&lt;\/span&gt;&lt;div class=\\&quot;media-attribution\\&quot;&gt;&lt;span&gt;via &lt;\/span&gt;&lt;a href=\\&quot;http:\/\/www.latribune.fr\\&quot; class=\\&quot;media-attribution-link\\&quot; target=\\&quot;_blank\\&quot;&gt;Latribune&lt;\/a&gt;&lt;\/span&gt;&lt;\/div&gt;&lt;div class=\\&quot;embedly-clear\\&quot;&gt;&lt;\/div&gt;&lt;\/div&gt;'}\">\n<div class=\"embedly\" style=\"max-width:600px;max-height:nullpx\"><a class='embedly-title' href='http:\/\/www.latribune.fr\/entreprises-finance\/industrie\/automobile\/20130411trib000758925\/le-leader-francais-des-voiturettes-sans-permis-aixam-mega-rachete-par-un-americain.html'>Le leader fran\u00e7ais des voiturettes sans permis Aixam M\u00e9ga rachet\u00e9 par un am\u00e9ricain<\/a>La num\u00e9ro un europ\u00e9en des voitures sans permis est repris par l&rsquo;am\u00e9ricain Polaris Industries. La firme d&rsquo;Aix-les-Bains d\u00e9tient le tiers du march\u00e9 fran\u00e7ais.<\/p>\n<div class=\"embedly-clear\"><\/div>\n<p><span class=\"embedly-powered\" style=\"float:right;display:block\"><a target=\"_blank\" href=\"http:\/\/embed.ly?src=anywhere\" title=\"Powered by Embedly\"><img decoding=\"async\" src=\"\/\/static.embed.ly\/images\/logos\/embedly-powered-small-light.png\" alt=\"Embedly Powered\" \/><\/a><\/span><\/p>\n<div class=\"media-attribution\"><span>via <\/span><a href=\"http:\/\/www.latribune.fr\" class=\"media-attribution-link\" target=\"_blank\">Latribune<\/a><\/span><\/div>\n<div class=\"embedly-clear\"><\/div>\n<\/div>\n<\/div>\n<p>&nbsp;<\/p>\n","protected":false},"excerpt":{"rendered":"<p>Les quadricycles \u00e0 moteur, un euph\u00e9misme pour d\u00e9signer des voitures aux dimensions et capacit\u00e9s r\u00e9duites, mais surtout qui ne n\u00e9cessitent aucun permis de conduire dans certains pays! Cet article de L&rsquo;Internaute r\u00e9sume bien leurs caract\u00e9ristiques : \u00ab\u00a0Pour recevoir cette appellation, la voiture doit r\u00e9pondre \u00e0 des crit\u00e8res bien particuliers. La cylindr\u00e9e ne doit pas d\u00e9passer &hellip; <\/p>\n<p><a class=\"more-link btn\" href=\"https:\/\/mvt.qc.ca\/fr\/2013\/04\/vehicules-sans-permis\/\">Lire la suite<\/a><\/p>\n","protected":false},"author":1,"featured_media":0,"comment_status":"open","ping_status":"open","sticky":false,"template":"","format":"standard","meta":{"footnotes":""},"categories":[211,95,26],"tags":[334,335,336],"class_list":["post-3083","post","type-post","status-publish","format-standard","hentry","category-actualites","category-automobile","category-france","tag-quadricycle-a-moteur","tag-vehicule-sans-permis","tag-voiturette","nodate","item-wrap"],"_links":{"self":[{"href":"https:\/\/mvt.qc.ca\/fr\/wp-json\/wp\/v2\/posts\/3083","targetHints":{"allow":["GET"]}}],"collection":[{"href":"https:\/\/mvt.qc.ca\/fr\/wp-json\/wp\/v2\/posts"}],"about":[{"href":"https:\/\/mvt.qc.ca\/fr\/wp-json\/wp\/v2\/types\/post"}],"author":[{"embeddable":true,"href":"https:\/\/mvt.qc.ca\/fr\/wp-json\/wp\/v2\/users\/1"}],"replies":[{"embeddable":true,"href":"https:\/\/mvt.qc.ca\/fr\/wp-json\/wp\/v2\/comments?post=3083"}],"version-history":[{"count":11,"href":"https:\/\/mvt.qc.ca\/fr\/wp-json\/wp\/v2\/posts\/3083\/revisions"}],"predecessor-version":[{"id":5410,"href":"https:\/\/mvt.qc.ca\/fr\/wp-json\/wp\/v2\/posts\/3083\/revisions\/5410"}],"wp:attachment":[{"href":"https:\/\/mvt.qc.ca\/fr\/wp-json\/wp\/v2\/media?parent=3083"}],"wp:term":[{"taxonomy":"category","embeddable":true,"href":"https:\/\/mvt.qc.ca\/fr\/wp-json\/wp\/v2\/categories?post=3083"},{"taxonomy":"post_tag","embeddable":true,"href":"https:\/\/mvt.qc.ca\/fr\/wp-json\/wp\/v2\/tags?post=3083"}],"curies":[{"name":"wp","href":"https:\/\/api.w.org\/{rel}","templated":true}]}}