{"id":3027,"date":"2013-04-15T16:30:17","date_gmt":"2013-04-15T20:30:17","guid":{"rendered":"http:\/\/mvt.tc\/fr\/?p=3027"},"modified":"2014-07-06T20:58:22","modified_gmt":"2014-07-07T00:58:22","slug":"gratuite-avignon","status":"publish","type":"post","link":"https:\/\/mvt.qc.ca\/fr\/2013\/04\/gratuite-avignon\/","title":{"rendered":"La gratuit\u00e9 des transports collectifs, enjeu \u00e9lectoral?"},"content":{"rendered":"<div class=\"mceItemEmbedly\" style=\"max-width: 600px;max-width:600px;\" data-ajax=\"{'url':'http:\/\/www.mobilicites.com\/fr_actualites_avignon-va-lancer-une-etude-sur-la-gratuite-de-ses-transports-publics_0_77_2497.html','width':'600','words':'30','height':null,'embed':'&lt;div class=\\&quot;embedly\\&quot; style=\\&quot;max-width:600px;max-height:nullpx\\&quot;&gt;&lt;img src=\\&quot;http:\/\/www.mobilicites.com\/admin\/image\/53374cec84d246d1df7195c8754a0dc7_01e0d2bf006f3922f01e149a86df7556_avignonreduit.jpg\\&quot; class=\\&quot;thumb embedly-thumbnail-small\\&quot; \/&gt;&lt;a class=\\'embedly-title\\' href=\\'http:\/\/www.mobilicites.com\/fr_actualites_avignon-va-lancer-une-etude-sur-la-gratuite-de-ses-transports-publics_0_77_2497.html\\'&gt;Avignon va lancer une \\u00e9tude sur la gratuit\\u00e9 de ses transports publics &gt; &gt; Mobilicites.com&lt;\/a&gt;Les transports publics gratuits \\u00e0 Avignon ? La question m\\u00e9rite un d\\u00e9bat, a indiqu\\u00e9 Marie-Jos\\u00e9 Roig, pr\\u00e9sidente du Grand Avignon qui vient de lancer une \\u00e9tude sur le sujet.&lt;div class=\\&quot;embedly-clear\\&quot;&gt;&lt;\/div&gt;&lt;span class=\\&quot;embedly-powered\\&quot; style=\\&quot;float:right;display:block\\&quot;&gt;&lt;a target=\\&quot;_blank\\&quot; href=\\&quot;http:\/\/embed.ly?src=anywhere\\&quot; title=\\&quot;Powered by Embedly\\&quot;&gt;&lt;img src=\\&quot;\/\/static.embed.ly\/images\/logos\/embedly-powered-small-light.png\\&quot; alt=\\&quot;Embedly Powered\\&quot; \/&gt;&lt;\/a&gt;&lt;\/span&gt;&lt;div class=\\&quot;media-attribution\\&quot;&gt;&lt;span&gt;via &lt;\/span&gt;&lt;a href=\\&quot;http:\/\/www.mobilicites.com\\&quot; class=\\&quot;media-attribution-link\\&quot; target=\\&quot;_blank\\&quot;&gt;Mobilicites&lt;\/a&gt;&lt;\/span&gt;&lt;\/div&gt;&lt;div class=\\&quot;embedly-clear\\&quot;&gt;&lt;\/div&gt;&lt;\/div&gt;'}\">\n<div class=\"embedly\" style=\"max-width:600px;max-height:nullpx\"><a class='embedly-title' href='http:\/\/www.mobilicites.com\/fr_actualites_avignon-va-lancer-une-etude-sur-la-gratuite-de-ses-transports-publics_0_77_2497.html'>Avignon va lancer une \u00e9tude sur la gratuit\u00e9 de ses transports publics > > Mobilicites.com<\/a>Les transports publics gratuits \u00e0 Avignon ? La question m\u00e9rite un d\u00e9bat, a indiqu\u00e9 Marie-Jos\u00e9 Roig, pr\u00e9sidente du Grand Avignon qui vient de lancer une \u00e9tude sur le sujet.<\/p>\n<div class=\"embedly-clear\"><\/div>\n<p><span class=\"embedly-powered\" style=\"float:right;display:block\"><a target=\"_blank\" href=\"http:\/\/embed.ly?src=anywhere\" title=\"Powered by Embedly\"><img decoding=\"async\" src=\"\/\/static.embed.ly\/images\/logos\/embedly-powered-small-light.png\" alt=\"Embedly Powered\" \/><\/a><\/span><\/p>\n<div class=\"media-attribution\"><span>via <\/span><a href=\"http:\/\/www.mobilicites.com\" class=\"media-attribution-link\" target=\"_blank\">Mobilicites<\/a><\/span><\/div>\n<div class=\"embedly-clear\"><\/div>\n<\/div>\n<\/div>\n","protected":false},"excerpt":{"rendered":"<p>Avignon va lancer une \u00e9tude sur la gratuit\u00e9 de ses transports publics > > Mobilicites.comLes transports publics gratuits \u00e0 Avignon ? La question m\u00e9rite un d\u00e9bat, a indiqu\u00e9 Marie-Jos\u00e9 Roig, pr\u00e9sidente du Grand Avignon qui vient de lancer une \u00e9tude sur le sujet. via Mobilicites<\/p>\n","protected":false},"author":1,"featured_media":0,"comment_status":"open","ping_status":"open","sticky":false,"template":"","format":"standard","meta":{"footnotes":""},"categories":[211,74,18,327],"tags":[75,76],"class_list":["post-3027","post","type-post","status-publish","format-standard","hentry","category-actualites","category-aubagne","category-autobus","category-avignon","tag-gratuite","tag-libre-acces","nodate","item-wrap"],"_links":{"self":[{"href":"https:\/\/mvt.qc.ca\/fr\/wp-json\/wp\/v2\/posts\/3027","targetHints":{"allow":["GET"]}}],"collection":[{"href":"https:\/\/mvt.qc.ca\/fr\/wp-json\/wp\/v2\/posts"}],"about":[{"href":"https:\/\/mvt.qc.ca\/fr\/wp-json\/wp\/v2\/types\/post"}],"author":[{"embeddable":true,"href":"https:\/\/mvt.qc.ca\/fr\/wp-json\/wp\/v2\/users\/1"}],"replies":[{"embeddable":true,"href":"https:\/\/mvt.qc.ca\/fr\/wp-json\/wp\/v2\/comments?post=3027"}],"version-history":[{"count":7,"href":"https:\/\/mvt.qc.ca\/fr\/wp-json\/wp\/v2\/posts\/3027\/revisions"}],"predecessor-version":[{"id":5752,"href":"https:\/\/mvt.qc.ca\/fr\/wp-json\/wp\/v2\/posts\/3027\/revisions\/5752"}],"wp:attachment":[{"href":"https:\/\/mvt.qc.ca\/fr\/wp-json\/wp\/v2\/media?parent=3027"}],"wp:term":[{"taxonomy":"category","embeddable":true,"href":"https:\/\/mvt.qc.ca\/fr\/wp-json\/wp\/v2\/categories?post=3027"},{"taxonomy":"post_tag","embeddable":true,"href":"https:\/\/mvt.qc.ca\/fr\/wp-json\/wp\/v2\/tags?post=3027"}],"curies":[{"name":"wp","href":"https:\/\/api.w.org\/{rel}","templated":true}]}}