{"id":3013,"date":"2013-04-15T11:30:12","date_gmt":"2013-04-15T15:30:12","guid":{"rendered":"http:\/\/mvt.tc\/fr\/?p=3013"},"modified":"2013-04-15T19:46:26","modified_gmt":"2013-04-15T23:46:26","slug":"revegetalisation","status":"publish","type":"post","link":"https:\/\/mvt.qc.ca\/fr\/2013\/04\/revegetalisation\/","title":{"rendered":"Rev\u00e9g\u00e9talisation de la ville : avec les toits, les stationnements"},"content":{"rendered":"<p style=\"text-align: justify;\">Il suffit d&rsquo;observer une image satellite pour s&rsquo;en convaincre : malgr\u00e9 les avanc\u00e9es dans le domaine, on peut difficilement compter sur les propri\u00e9taires fonciers pour verdir leurs toits. Pour augmenter la couverture v\u00e9g\u00e9tale et lutter contre les \u00eelots de chaleur, une municipalit\u00e9 doit aller chercher le maximum de surfaces sous sa juridiction : ses propres b\u00e2timents, mais surtout, la voie publique!<\/p>\n<div class=\"mceItemEmbedly\" style=\"max-width: 600px;max-width:600px;\" data-ajax=\"{'url':'http:\/\/www.lefigaro.fr\/actualite-france\/2013\/04\/02\/01016-20130402ARTFIG00361-la-ville-veut-transformer-des-places-de-stationnement-en-minijardins.php','width':'600','words':'30','height':null,'embed':'&lt;div class=\\&quot;embedly\\&quot; style=\\&quot;max-width:600px;max-height:nullpx\\&quot;&gt;&lt;img src=\\&quot;http:\/\/www.lefigaro.fr\/medias\/2013\/04\/02\/PHO05941586-9baf-11e2-8e24-92169052eee3-805x453.jpg\\&quot; class=\\&quot;thumb embedly-thumbnail-small\\&quot; \/&gt;&lt;a class=\\'embedly-title\\' href=\\'http:\/\/www.lefigaro.fr\/actualite-france\/2013\/04\/02\/01016-20130402ARTFIG00361-la-ville-veut-transformer-des-places-de-stationnement-en-minijardins.php\\'&gt;La Mairie de Paris veut transformer des places de stationnement en minijardins&lt;\/a&gt;Apr\\u00e8s avoir supprim\\u00e9 85.615 places de stationnement depuis 2001, la Mairie de Paris veut aller plus loin. Elle projette d\\u00e9sormais de \\&quot; v\\u00e9g\\u00e9taliser \\&quot; certaines rues... Il tourne, il tourne le Parisien...&lt;div class=\\&quot;embedly-clear\\&quot;&gt;&lt;\/div&gt;&lt;span class=\\&quot;embedly-powered\\&quot; style=\\&quot;float:right;display:block\\&quot;&gt;&lt;a target=\\&quot;_blank\\&quot; href=\\&quot;http:\/\/embed.ly?src=anywhere\\&quot; title=\\&quot;Powered by Embedly\\&quot;&gt;&lt;img src=\\&quot;\/\/static.embed.ly\/images\/logos\/embedly-powered-small-light.png\\&quot; alt=\\&quot;Embedly Powered\\&quot; \/&gt;&lt;\/a&gt;&lt;\/span&gt;&lt;div class=\\&quot;media-attribution\\&quot;&gt;&lt;span&gt;via &lt;\/span&gt;&lt;a href=\\&quot;http:\/\/www.lefigaro.fr\\&quot; class=\\&quot;media-attribution-link\\&quot; target=\\&quot;_blank\\&quot;&gt;Lefigaro&lt;\/a&gt;&lt;\/span&gt;&lt;\/div&gt;&lt;div class=\\&quot;embedly-clear\\&quot;&gt;&lt;\/div&gt;&lt;\/div&gt;'}\">\n<div class=\"embedly\" style=\"max-width:600px;max-height:nullpx\"><img decoding=\"async\" src=\"http:\/\/www.lefigaro.fr\/medias\/2013\/04\/02\/PHO05941586-9baf-11e2-8e24-92169052eee3-805x453.jpg\" class=\"thumb embedly-thumbnail-small\" \/><a class='embedly-title' href='http:\/\/www.lefigaro.fr\/actualite-france\/2013\/04\/02\/01016-20130402ARTFIG00361-la-ville-veut-transformer-des-places-de-stationnement-en-minijardins.php'>La Mairie de Paris veut transformer des places de stationnement en minijardins<\/a>Apr\u00e8s avoir supprim\u00e9 85.615 places de stationnement depuis 2001, la Mairie de Paris veut aller plus loin. Elle projette d\u00e9sormais de \u00a0\u00bb v\u00e9g\u00e9taliser \u00a0\u00bb certaines rues&#8230; Il tourne, il tourne le Parisien&#8230;<\/p>\n<div class=\"embedly-clear\"><\/div>\n<p><span class=\"embedly-powered\" style=\"float:right;display:block\"><a target=\"_blank\" href=\"http:\/\/embed.ly?src=anywhere\" title=\"Powered by Embedly\"><img decoding=\"async\" src=\"\/\/static.embed.ly\/images\/logos\/embedly-powered-small-light.png\" alt=\"Embedly Powered\" \/><\/a><\/span><\/p>\n<div class=\"media-attribution\"><span>via <\/span><a href=\"http:\/\/www.lefigaro.fr\" class=\"media-attribution-link\" target=\"_blank\">Lefigaro<\/a><\/span><\/div>\n<div class=\"embedly-clear\"><\/div>\n<\/div>\n<\/div>\n<p>&nbsp;<\/p>\n","protected":false},"excerpt":{"rendered":"<p>Il suffit d&rsquo;observer une image satellite pour s&rsquo;en convaincre : malgr\u00e9 les avanc\u00e9es dans le domaine, on peut difficilement compter sur les propri\u00e9taires fonciers pour verdir leurs toits. Pour augmenter la couverture v\u00e9g\u00e9tale et lutter contre les \u00eelots de chaleur, une municipalit\u00e9 doit aller chercher le maximum de surfaces sous sa juridiction : ses propres &hellip; <\/p>\n<p><a class=\"more-link btn\" href=\"https:\/\/mvt.qc.ca\/fr\/2013\/04\/revegetalisation\/\">Lire la suite<\/a><\/p>\n","protected":false},"author":1,"featured_media":0,"comment_status":"open","ping_status":"open","sticky":false,"template":"","format":"standard","meta":{"footnotes":""},"categories":[16,211,95,30,15],"tags":[294,326,325],"class_list":["post-3013","post","type-post","status-publish","format-standard","hentry","category-a-pied","category-actualites","category-automobile","category-paris","category-velo","tag-amenagement","tag-stationnement","tag-vegetalisation","nodate","item-wrap"],"_links":{"self":[{"href":"https:\/\/mvt.qc.ca\/fr\/wp-json\/wp\/v2\/posts\/3013","targetHints":{"allow":["GET"]}}],"collection":[{"href":"https:\/\/mvt.qc.ca\/fr\/wp-json\/wp\/v2\/posts"}],"about":[{"href":"https:\/\/mvt.qc.ca\/fr\/wp-json\/wp\/v2\/types\/post"}],"author":[{"embeddable":true,"href":"https:\/\/mvt.qc.ca\/fr\/wp-json\/wp\/v2\/users\/1"}],"replies":[{"embeddable":true,"href":"https:\/\/mvt.qc.ca\/fr\/wp-json\/wp\/v2\/comments?post=3013"}],"version-history":[{"count":11,"href":"https:\/\/mvt.qc.ca\/fr\/wp-json\/wp\/v2\/posts\/3013\/revisions"}],"predecessor-version":[{"id":3023,"href":"https:\/\/mvt.qc.ca\/fr\/wp-json\/wp\/v2\/posts\/3013\/revisions\/3023"}],"wp:attachment":[{"href":"https:\/\/mvt.qc.ca\/fr\/wp-json\/wp\/v2\/media?parent=3013"}],"wp:term":[{"taxonomy":"category","embeddable":true,"href":"https:\/\/mvt.qc.ca\/fr\/wp-json\/wp\/v2\/categories?post=3013"},{"taxonomy":"post_tag","embeddable":true,"href":"https:\/\/mvt.qc.ca\/fr\/wp-json\/wp\/v2\/tags?post=3013"}],"curies":[{"name":"wp","href":"https:\/\/api.w.org\/{rel}","templated":true}]}}