{"id":2989,"date":"2013-04-15T06:00:00","date_gmt":"2013-04-15T10:00:00","guid":{"rendered":"http:\/\/mvt.tc\/fr\/?p=2989"},"modified":"2013-04-15T19:48:24","modified_gmt":"2013-04-15T23:48:24","slug":"le-velo-et-la-sante","status":"publish","type":"post","link":"https:\/\/mvt.qc.ca\/fr\/2013\/04\/le-velo-et-la-sante\/","title":{"rendered":"Le v\u00e9lo, c&rsquo;est la sant\u00e9!"},"content":{"rendered":"<p style=\"text-align: justify;\">Une demi-heure de v\u00e9lo par jour permettrait de r\u00e9duire le risque d&rsquo;infarctus de 50% : l&rsquo;Association des transports autrichiens (<a href=\"http:\/\/www.vcoe.at\/\"><strong>VC\u00d6<\/strong><\/a>) estime \u00e9galement qu&rsquo;en faisant ainsi, on d\u00e9penserait l&rsquo;\u00e9quivalent d&rsquo;un\u00a0<strong><a href=\"http:\/\/media.dirndlwiki.at\/images\/thumb\/1\/17\/SG-Marmelade_Semmel.jpg\/350px-SG-Marmelade_Semmel.jpg\">petit pain \u00e0 la marmelade<\/a><\/strong> en \u00e9nergie!<\/p>\n<div class=\"mceItemEmbedly\" style=\"max-width: 600px;max-width:600px;\" data-ajax=\"{'url':'http:\/\/www.vcoe.at\/de\/presse\/aussendungen-archiv\/details\/items\/vcoe-jeder-zweite-oesterreicher-hat-uebergewicht-radfahren-im-alltag-verbrennt-viele-kalorien-10042013','width':'600','words':null,'height':null,'embed':'&lt;div class=\\&quot;embedly\\&quot; style=\\&quot;max-width:600px;max-height:nullpx\\&quot;&gt;&lt;img src=\\&quot;http:\/\/www.vcoe.at\/tl_files\/vcoe\/uploads\/News\/VCOe-Factsheets\/radfahrerin1.jpg\\&quot; class=\\&quot;thumb embedly-thumbnail-small\\&quot; \/&gt;&lt;a class=\\'embedly-title\\' href=\\'http:\/\/www.vcoe.at\/de\/presse\/aussendungen-archiv\/details\/items\/vcoe-jeder-zweite-oesterreicher-hat-uebergewicht-radfahren-im-alltag-verbrennt-viele-kalorien-10042013\\'&gt;VC\\u00d6: Jeder zweite \\u00d6sterreicher hat \\u00dcbergewicht - Radfahren im Alltag verbrennt viele Kalorien - 10.04.2013 - Mobilit\\u00e4t mit Zukunft&lt;\/a&gt;Radfahren im Alltag macht fit und schlanker. Der VC\\u00d6 weist darauf hin, dass schon eine halbe Stunde gem\\u00fctliches Radfahren so viele Kalorien verbrennt wie eine Marmeladesemmel hat. Immerhin jeder zweite \\u00d6sterreicher bringt zu viele Kilo auf die Waage. Eine halbe Stunde Radfahren pro Tag senkt laut Weltgesundheitsorganisation das Herzinfarktrisiko um 50 Prozent.&lt;div class=\\&quot;embedly-clear\\&quot;&gt;&lt;\/div&gt;&lt;span class=\\&quot;embedly-powered\\&quot; style=\\&quot;float:right;display:block\\&quot;&gt;&lt;a target=\\&quot;_blank\\&quot; href=\\&quot;http:\/\/embed.ly?src=anywhere\\&quot; title=\\&quot;Powered by Embedly\\&quot;&gt;&lt;img src=\\&quot;\/\/static.embed.ly\/images\/logos\/embedly-powered-small-light.png\\&quot; alt=\\&quot;Embedly Powered\\&quot; \/&gt;&lt;\/a&gt;&lt;\/span&gt;&lt;div class=\\&quot;media-attribution\\&quot;&gt;&lt;span&gt;via &lt;\/span&gt;&lt;a href=\\&quot;http:\/\/www.vcoe.at\\&quot; class=\\&quot;media-attribution-link\\&quot; target=\\&quot;_blank\\&quot;&gt;Vcoe&lt;\/a&gt;&lt;\/span&gt;&lt;\/div&gt;&lt;div class=\\&quot;embedly-clear\\&quot;&gt;&lt;\/div&gt;&lt;\/div&gt;'}\">\n<div class=\"embedly\" style=\"max-width:600px;max-height:nullpx\"><img decoding=\"async\" src=\"http:\/\/www.vcoe.at\/tl_files\/vcoe\/uploads\/News\/VCOe-Factsheets\/radfahrerin1.jpg\" class=\"thumb embedly-thumbnail-small\" \/><a class='embedly-title' href='http:\/\/www.vcoe.at\/de\/presse\/aussendungen-archiv\/details\/items\/vcoe-jeder-zweite-oesterreicher-hat-uebergewicht-radfahren-im-alltag-verbrennt-viele-kalorien-10042013'>VC\u00d6: Jeder zweite \u00d6sterreicher hat \u00dcbergewicht &#8211; Radfahren im Alltag verbrennt viele Kalorien &#8211; 10.04.2013 &#8211; Mobilit\u00e4t mit Zukunft<\/a>Radfahren im Alltag macht fit und schlanker. Der VC\u00d6 weist darauf hin, dass schon eine halbe Stunde gem\u00fctliches Radfahren so viele Kalorien verbrennt wie eine Marmeladesemmel hat. Immerhin jeder zweite \u00d6sterreicher bringt zu viele Kilo auf die Waage. Eine halbe Stunde Radfahren pro Tag senkt laut Weltgesundheitsorganisation das Herzinfarktrisiko um 50 Prozent.<\/p>\n<div class=\"embedly-clear\"><\/div>\n<p><span class=\"embedly-powered\" style=\"float:right;display:block\"><a target=\"_blank\" href=\"http:\/\/embed.ly?src=anywhere\" title=\"Powered by Embedly\"><img decoding=\"async\" src=\"\/\/static.embed.ly\/images\/logos\/embedly-powered-small-light.png\" alt=\"Embedly Powered\" \/><\/a><\/span><\/p>\n<div class=\"media-attribution\"><span>via <\/span><a href=\"http:\/\/www.vcoe.at\" class=\"media-attribution-link\" target=\"_blank\">Vcoe<\/a><\/span><\/div>\n<div class=\"embedly-clear\"><\/div>\n<\/div>\n<\/div>\n","protected":false},"excerpt":{"rendered":"<p>Une demi-heure de v\u00e9lo par jour permettrait de r\u00e9duire le risque d&rsquo;infarctus de 50% : l&rsquo;Association des transports autrichiens (VC\u00d6) estime \u00e9galement qu&rsquo;en faisant ainsi, on d\u00e9penserait l&rsquo;\u00e9quivalent d&rsquo;un\u00a0petit pain \u00e0 la marmelade en \u00e9nergie! VC\u00d6: Jeder zweite \u00d6sterreicher hat \u00dcbergewicht &#8211; Radfahren im Alltag verbrennt viele Kalorien &#8211; 10.04.2013 &#8211; Mobilit\u00e4t mit ZukunftRadfahren im &hellip; <\/p>\n<p><a class=\"more-link btn\" href=\"https:\/\/mvt.qc.ca\/fr\/2013\/04\/le-velo-et-la-sante\/\">Lire la suite<\/a><\/p>\n","protected":false},"author":1,"featured_media":0,"comment_status":"open","ping_status":"open","sticky":false,"template":"","format":"standard","meta":{"footnotes":""},"categories":[211,322,15],"tags":[324,323],"class_list":["post-2989","post","type-post","status-publish","format-standard","hentry","category-actualites","category-autriche","category-velo","tag-sante","tag-velo-2","nodate","item-wrap"],"_links":{"self":[{"href":"https:\/\/mvt.qc.ca\/fr\/wp-json\/wp\/v2\/posts\/2989","targetHints":{"allow":["GET"]}}],"collection":[{"href":"https:\/\/mvt.qc.ca\/fr\/wp-json\/wp\/v2\/posts"}],"about":[{"href":"https:\/\/mvt.qc.ca\/fr\/wp-json\/wp\/v2\/types\/post"}],"author":[{"embeddable":true,"href":"https:\/\/mvt.qc.ca\/fr\/wp-json\/wp\/v2\/users\/1"}],"replies":[{"embeddable":true,"href":"https:\/\/mvt.qc.ca\/fr\/wp-json\/wp\/v2\/comments?post=2989"}],"version-history":[{"count":6,"href":"https:\/\/mvt.qc.ca\/fr\/wp-json\/wp\/v2\/posts\/2989\/revisions"}],"predecessor-version":[{"id":3040,"href":"https:\/\/mvt.qc.ca\/fr\/wp-json\/wp\/v2\/posts\/2989\/revisions\/3040"}],"wp:attachment":[{"href":"https:\/\/mvt.qc.ca\/fr\/wp-json\/wp\/v2\/media?parent=2989"}],"wp:term":[{"taxonomy":"category","embeddable":true,"href":"https:\/\/mvt.qc.ca\/fr\/wp-json\/wp\/v2\/categories?post=2989"},{"taxonomy":"post_tag","embeddable":true,"href":"https:\/\/mvt.qc.ca\/fr\/wp-json\/wp\/v2\/tags?post=2989"}],"curies":[{"name":"wp","href":"https:\/\/api.w.org\/{rel}","templated":true}]}}