{"id":2983,"date":"2013-04-14T21:00:03","date_gmt":"2013-04-15T01:00:03","guid":{"rendered":"http:\/\/mvt.tc\/fr\/?p=2983"},"modified":"2013-04-15T19:42:33","modified_gmt":"2013-04-15T23:42:33","slug":"voitures-hybrides-projet-pilote","status":"publish","type":"post","link":"https:\/\/mvt.qc.ca\/fr\/2013\/04\/voitures-hybrides-projet-pilote\/","title":{"rendered":"Voitures hybrides : bilan du projet-pilote strasbourgeois"},"content":{"rendered":"<div class=\"mceItemEmbedly\" style=\"max-width: 600px;max-width:600px;\" data-ajax=\"{'url':'http:\/\/lenergiedavancer.com\/location-de-voitures-hybrides-a-strasbourg-lheure-du-bilan\/2013\/04\/12\/','width':'600','words':null,'height':null,'embed':'&lt;div class=\\&quot;embedly\\&quot; style=\\&quot;max-width:600px;max-height:nullpx\\&quot;&gt;&lt;img src=\\&quot;http:\/\/lenergiedavancer.com\/wp-content\/uploads\/2013\/04\/voiture_hybride_EDF1-620x450.jpg\\&quot; class=\\&quot;thumb embedly-thumbnail-small\\&quot; \/&gt;&lt;a class=\\'embedly-title\\' href=\\'http:\/\/lenergiedavancer.com\/location-de-voitures-hybrides-a-strasbourg-lheure-du-bilan\/2013\/04\/12\/\\'&gt;Location de voitures hybrides \\u00e0 Strasbourg : l\\'heure du bilan&lt;\/a&gt;Pr\\u00e8s de trois ans apr\\u00e8s son lancement, le 27 avril 2010, le programme test de location de 70 V\\u00e9hicules Hybrides Rechargeables (VHR) vient de s\\'achever \\u00e0 Strasbourg. L\\'heure est donc venue de tirer le bilan de cette exp\\u00e9rience pour EDF et Toyota qui pilotaient le projet.&lt;div class=\\&quot;embedly-clear\\&quot;&gt;&lt;\/div&gt;&lt;span class=\\&quot;embedly-powered\\&quot; style=\\&quot;float:right;display:block\\&quot;&gt;&lt;a target=\\&quot;_blank\\&quot; href=\\&quot;http:\/\/embed.ly?src=anywhere\\&quot; title=\\&quot;Powered by Embedly\\&quot;&gt;&lt;img src=\\&quot;\/\/static.embed.ly\/images\/logos\/embedly-powered-small-light.png\\&quot; alt=\\&quot;Embedly Powered\\&quot; \/&gt;&lt;\/a&gt;&lt;\/span&gt;&lt;div class=\\&quot;media-attribution\\&quot;&gt;&lt;span&gt;via &lt;\/span&gt;&lt;a href=\\&quot;http:\/\/lenergiedavancer.com\\&quot; class=\\&quot;media-attribution-link\\&quot; target=\\&quot;_blank\\&quot;&gt;Lenergiedavancer&lt;\/a&gt;&lt;\/span&gt;&lt;\/div&gt;&lt;div class=\\&quot;embedly-clear\\&quot;&gt;&lt;\/div&gt;&lt;\/div&gt;'}\">\n<div class=\"embedly\" style=\"max-width:600px;max-height:nullpx\"><img decoding=\"async\" src=\"http:\/\/lenergiedavancer.com\/wp-content\/uploads\/2013\/04\/voiture_hybride_EDF1-620x450.jpg\" class=\"thumb embedly-thumbnail-small\" \/><a class='embedly-title' href='http:\/\/lenergiedavancer.com\/location-de-voitures-hybrides-a-strasbourg-lheure-du-bilan\/2013\/04\/12\/'>Location de voitures hybrides \u00e0 Strasbourg : l&rsquo;heure du bilan<\/a>Pr\u00e8s de trois ans apr\u00e8s son lancement, le 27 avril 2010, le programme test de location de 70 V\u00e9hicules Hybrides Rechargeables (VHR) vient de s&rsquo;achever \u00e0 Strasbourg. L&rsquo;heure est donc venue de tirer le bilan de cette exp\u00e9rience pour EDF et Toyota qui pilotaient le projet.<\/p>\n<div class=\"embedly-clear\"><\/div>\n<p><span class=\"embedly-powered\" style=\"float:right;display:block\"><a target=\"_blank\" href=\"http:\/\/embed.ly?src=anywhere\" title=\"Powered by Embedly\"><img decoding=\"async\" src=\"\/\/static.embed.ly\/images\/logos\/embedly-powered-small-light.png\" alt=\"Embedly Powered\" \/><\/a><\/span><\/p>\n<div class=\"media-attribution\"><span>via <\/span><a href=\"http:\/\/lenergiedavancer.com\" class=\"media-attribution-link\" target=\"_blank\">Lenergiedavancer<\/a><\/span><\/div>\n<div class=\"embedly-clear\"><\/div>\n<\/div>\n<\/div>\n<p>&nbsp;<\/p>\n","protected":false},"excerpt":{"rendered":"<p>Location de voitures hybrides \u00e0 Strasbourg : l&rsquo;heure du bilanPr\u00e8s de trois ans apr\u00e8s son lancement, le 27 avril 2010, le programme test de location de 70 V\u00e9hicules Hybrides Rechargeables (VHR) vient de s&rsquo;achever \u00e0 Strasbourg. L&rsquo;heure est donc venue de tirer le bilan de cette exp\u00e9rience pour EDF et Toyota qui pilotaient le projet. &hellip; <\/p>\n<p><a class=\"more-link btn\" href=\"https:\/\/mvt.qc.ca\/fr\/2013\/04\/voitures-hybrides-projet-pilote\/\">Lire la suite<\/a><\/p>\n","protected":false},"author":1,"featured_media":0,"comment_status":"open","ping_status":"open","sticky":false,"template":"","format":"standard","meta":{"footnotes":""},"categories":[211,95,133],"tags":[320,321,281],"class_list":["post-2983","post","type-post","status-publish","format-standard","hentry","category-actualites","category-automobile","category-strasbourg","tag-automobile-hybride","tag-hybride-branchable","tag-projet-pilote","nodate","item-wrap"],"_links":{"self":[{"href":"https:\/\/mvt.qc.ca\/fr\/wp-json\/wp\/v2\/posts\/2983","targetHints":{"allow":["GET"]}}],"collection":[{"href":"https:\/\/mvt.qc.ca\/fr\/wp-json\/wp\/v2\/posts"}],"about":[{"href":"https:\/\/mvt.qc.ca\/fr\/wp-json\/wp\/v2\/types\/post"}],"author":[{"embeddable":true,"href":"https:\/\/mvt.qc.ca\/fr\/wp-json\/wp\/v2\/users\/1"}],"replies":[{"embeddable":true,"href":"https:\/\/mvt.qc.ca\/fr\/wp-json\/wp\/v2\/comments?post=2983"}],"version-history":[{"count":6,"href":"https:\/\/mvt.qc.ca\/fr\/wp-json\/wp\/v2\/posts\/2983\/revisions"}],"predecessor-version":[{"id":3038,"href":"https:\/\/mvt.qc.ca\/fr\/wp-json\/wp\/v2\/posts\/2983\/revisions\/3038"}],"wp:attachment":[{"href":"https:\/\/mvt.qc.ca\/fr\/wp-json\/wp\/v2\/media?parent=2983"}],"wp:term":[{"taxonomy":"category","embeddable":true,"href":"https:\/\/mvt.qc.ca\/fr\/wp-json\/wp\/v2\/categories?post=2983"},{"taxonomy":"post_tag","embeddable":true,"href":"https:\/\/mvt.qc.ca\/fr\/wp-json\/wp\/v2\/tags?post=2983"}],"curies":[{"name":"wp","href":"https:\/\/api.w.org\/{rel}","templated":true}]}}