{"id":2970,"date":"2013-04-14T19:15:38","date_gmt":"2013-04-14T23:15:38","guid":{"rendered":"http:\/\/mvt.tc\/fr\/?p=2970"},"modified":"2013-04-15T19:51:08","modified_gmt":"2013-04-15T23:51:08","slug":"honolulu-integration-services","status":"publish","type":"post","link":"https:\/\/mvt.qc.ca\/fr\/2013\/04\/honolulu-integration-services\/","title":{"rendered":"Honolulu vers la fusion des services rail et bus"},"content":{"rendered":"<p style=\"text-align: justify;\">Il n&rsquo;y a pas que la roche qui soit en fusion, au gr\u00e9 de l&rsquo;activit\u00e9 des volcans de ce pays! Il y a maintenant ce projet de regrouper les organismes charg\u00e9s des services de train et de bus \u00e0 <strong><a href=\"http:\/\/fr.wikipedia.org\/wiki\/Honolulu\">Honolulu<\/a><\/strong>, agglom\u00e9ration d&rsquo;un million d&rsquo;habitants, et dont la forme suburbaine r\u00e9cente est calqu\u00e9e sur celle des grandes villes du continent, avec ses <a href=\"http:\/\/www.hawaiihighways.com\/photos-Interstate-H1.htm\"><strong>autoroutes \u00e0 douze voies<\/strong><\/a> et congestionn\u00e9es malgr\u00e9 tout. <strong><a href=\"http:\/\/www.honolulutransit.org\/photos-videos.aspx\">Une ligne ferroviaire<\/a><\/strong> de 32 km et 21 stations devrait \u00eatre mise en service en \u00e9tapes successives, entre 2015 et 2019.<\/p>\n<div class=\"mceItemEmbedly\" style=\"max-width: 600px;max-width:600px;\" data-ajax=\"{'url':'http:\/\/www.hawaiinewsnow.com\/story\/21949459\/thebus-and-rail-transit-consolidation-to-be-considered','width':'600','words':'30','height':null,'embed':'&lt;div class=\\&quot;embedly\\&quot; style=\\&quot;max-width:600px;max-height:nullpx\\&quot;&gt;&lt;img src=\\&quot;http:\/\/KHNL.images.worldnow.com\/images\/21949459_BG1.jpg\\&quot; class=\\&quot;thumb embedly-thumbnail-small\\&quot; \/&gt;&lt;a class=\\'embedly-title\\' href=\\'http:\/\/www.hawaiinewsnow.com\/story\/21949459\/thebus-and-rail-transit-consolidation-to-be-considered\\'&gt;TheBus and rail transit consolidation to be considered&lt;\/a&gt;The rail and TheBus are teaming up to find the best ways to integrate the two transit systems which could save money but also cut positions.&lt;div class=\\&quot;embedly-clear\\&quot;&gt;&lt;\/div&gt;&lt;span class=\\&quot;embedly-powered\\&quot; style=\\&quot;float:right;display:block\\&quot;&gt;&lt;a target=\\&quot;_blank\\&quot; href=\\&quot;http:\/\/embed.ly?src=anywhere\\&quot; title=\\&quot;Powered by Embedly\\&quot;&gt;&lt;img src=\\&quot;\/\/static.embed.ly\/images\/logos\/embedly-powered-small-light.png\\&quot; alt=\\&quot;Embedly Powered\\&quot; \/&gt;&lt;\/a&gt;&lt;\/span&gt;&lt;div class=\\&quot;media-attribution\\&quot;&gt;&lt;span&gt;via &lt;\/span&gt;&lt;a href=\\&quot;http:\/\/www.hawaiinewsnow.com\\&quot; class=\\&quot;media-attribution-link\\&quot; target=\\&quot;_blank\\&quot;&gt;Hawaiinewsnow&lt;\/a&gt;&lt;\/span&gt;&lt;\/div&gt;&lt;div class=\\&quot;embedly-clear\\&quot;&gt;&lt;\/div&gt;&lt;\/div&gt;'}\">\n<div class=\"embedly\" style=\"max-width:600px;max-height:nullpx\"><img decoding=\"async\" src=\"http:\/\/KHNL.images.worldnow.com\/images\/21949459_BG1.jpg\" class=\"thumb embedly-thumbnail-small\" \/><a class='embedly-title' href='http:\/\/www.hawaiinewsnow.com\/story\/21949459\/thebus-and-rail-transit-consolidation-to-be-considered'>TheBus and rail transit consolidation to be considered<\/a>The rail and TheBus are teaming up to find the best ways to integrate the two transit systems which could save money but also cut positions.<\/p>\n<div class=\"embedly-clear\"><\/div>\n<p><span class=\"embedly-powered\" style=\"float:right;display:block\"><a target=\"_blank\" href=\"http:\/\/embed.ly?src=anywhere\" title=\"Powered by Embedly\"><img decoding=\"async\" src=\"\/\/static.embed.ly\/images\/logos\/embedly-powered-small-light.png\" alt=\"Embedly Powered\" \/><\/a><\/span><\/p>\n<div class=\"media-attribution\"><span>via <\/span><a href=\"http:\/\/www.hawaiinewsnow.com\" class=\"media-attribution-link\" target=\"_blank\">Hawaiinewsnow<\/a><\/span><\/div>\n<div class=\"embedly-clear\"><\/div>\n<\/div>\n<\/div>\n","protected":false},"excerpt":{"rendered":"<p>Il n&rsquo;y a pas que la roche qui soit en fusion, au gr\u00e9 de l&rsquo;activit\u00e9 des volcans de ce pays! Il y a maintenant ce projet de regrouper les organismes charg\u00e9s des services de train et de bus \u00e0 Honolulu, agglom\u00e9ration d&rsquo;un million d&rsquo;habitants, et dont la forme suburbaine r\u00e9cente est calqu\u00e9e sur celle des &hellip; <\/p>\n<p><a class=\"more-link btn\" href=\"https:\/\/mvt.qc.ca\/fr\/2013\/04\/honolulu-integration-services\/\">Lire la suite<\/a><\/p>\n","protected":false},"author":1,"featured_media":0,"comment_status":"open","ping_status":"open","sticky":false,"template":"","format":"standard","meta":{"footnotes":""},"categories":[211,18,24,316,317,12],"tags":[319,318,631,632],"class_list":["post-2970","post","type-post","status-publish","format-standard","hentry","category-actualites","category-autobus","category-etats-unis","category-hawai","category-honolulu","category-train","tag-aot","tag-fusion","tag-hawai","tag-honolulu","nodate","item-wrap"],"_links":{"self":[{"href":"https:\/\/mvt.qc.ca\/fr\/wp-json\/wp\/v2\/posts\/2970","targetHints":{"allow":["GET"]}}],"collection":[{"href":"https:\/\/mvt.qc.ca\/fr\/wp-json\/wp\/v2\/posts"}],"about":[{"href":"https:\/\/mvt.qc.ca\/fr\/wp-json\/wp\/v2\/types\/post"}],"author":[{"embeddable":true,"href":"https:\/\/mvt.qc.ca\/fr\/wp-json\/wp\/v2\/users\/1"}],"replies":[{"embeddable":true,"href":"https:\/\/mvt.qc.ca\/fr\/wp-json\/wp\/v2\/comments?post=2970"}],"version-history":[{"count":14,"href":"https:\/\/mvt.qc.ca\/fr\/wp-json\/wp\/v2\/posts\/2970\/revisions"}],"predecessor-version":[{"id":3041,"href":"https:\/\/mvt.qc.ca\/fr\/wp-json\/wp\/v2\/posts\/2970\/revisions\/3041"}],"wp:attachment":[{"href":"https:\/\/mvt.qc.ca\/fr\/wp-json\/wp\/v2\/media?parent=2970"}],"wp:term":[{"taxonomy":"category","embeddable":true,"href":"https:\/\/mvt.qc.ca\/fr\/wp-json\/wp\/v2\/categories?post=2970"},{"taxonomy":"post_tag","embeddable":true,"href":"https:\/\/mvt.qc.ca\/fr\/wp-json\/wp\/v2\/tags?post=2970"}],"curies":[{"name":"wp","href":"https:\/\/api.w.org\/{rel}","templated":true}]}}