{"id":2928,"date":"2013-04-12T12:30:06","date_gmt":"2013-04-12T16:30:06","guid":{"rendered":"http:\/\/mvt.tc\/fr\/?p=2928"},"modified":"2013-05-02T14:42:59","modified_gmt":"2013-05-02T18:42:59","slug":"telepherique-bordeaux","status":"publish","type":"post","link":"https:\/\/mvt.qc.ca\/fr\/2013\/04\/telepherique-bordeaux\/","title":{"rendered":"Nouveau projet de t\u00e9l\u00e9ph\u00e9rique urbain \u00e0 Bordeaux"},"content":{"rendered":"<p style=\"text-align: justify;\">Grenoble, Cr\u00e9teil, Toulouse, Brest&#8230;et maintenant <strong><a href=\"http:\/\/aquitaine.france3.fr\/2013\/04\/12\/un-telepherique-urbain-pour-relier-l-aeroport-de-bordeaux-merignac-au-tramway-233451.html\">Bordeaux<\/a><\/strong> : les projets de t\u00e9l\u00e9ph\u00e9rique urbain se concr\u00e9tisent pour compl\u00e9ter les autres modes terrestres et maritimes. On vante g\u00e9n\u00e9ralement leur faible empreinte au sol et leurs co\u00fbts kilom\u00e9triques plus abordables&#8230;<\/p>\n<div class=\"mceItemEmbedly\" style=\"max-width: 600px;max-width:600px;\" data-ajax=\"{'url':'http:\/\/www.lemonde.fr\/planete\/article\/2012\/10\/13\/les-projets-de-telepherique-urbain-fleurissent-en-france_1775031_3244.html','width':'600','words':null,'height':null,'embed':'&lt;div class=\\&quot;embedly\\&quot; style=\\&quot;max-width:600px;max-height:nullpx\\&quot;&gt;&lt;img src=\\&quot;http:\/\/s1.lemde.fr\/image\/2012\/06\/28\/540x270\/1726601_3_e29e_un-telepherique-urbain-a-ete-inaugure-a_25e359794656fda7a87b4ababe51a7f0.jpg\\&quot; class=\\&quot;thumb embedly-thumbnail-small\\&quot; \/&gt;&lt;a class=\\'embedly-title\\' href=\\'http:\/\/www.lemonde.fr\/planete\/article\/2012\/10\/13\/les-projets-de-telepherique-urbain-fleurissent-en-france_1775031_3244.html\\'&gt;Les projets de t\\u00e9l\\u00e9ph\\u00e9rique urbain fleurissent en France&lt;\/a&gt;On l\\'associe volontiers \\u00e0 la montagne et au ski, et beaucoup moins au travail et \\u00e0 l\\'urbanit\\u00e9... Le t\\u00e9l\\u00e9ph\\u00e9rique est pourtant en train de gagner les villes. Londres a inaugur\\u00e9 pour les Jeux olympiques de 2012 son \\&quot;Emirates Air Line\\&quot;, 34 cabines perch\\u00e9es \\u00e0 90 m de hauteur pour franchir la Tamise au-dessus de Greenwich.&lt;div class=\\&quot;embedly-clear\\&quot;&gt;&lt;\/div&gt;&lt;span class=\\&quot;embedly-powered\\&quot; style=\\&quot;float:right;display:block\\&quot;&gt;&lt;a target=\\&quot;_blank\\&quot; href=\\&quot;http:\/\/embed.ly?src=anywhere\\&quot; title=\\&quot;Powered by Embedly\\&quot;&gt;&lt;img src=\\&quot;\/\/static.embed.ly\/images\/logos\/embedly-powered-small-light.png\\&quot; alt=\\&quot;Embedly Powered\\&quot; \/&gt;&lt;\/a&gt;&lt;\/span&gt;&lt;div class=\\&quot;media-attribution\\&quot;&gt;&lt;span&gt;via &lt;\/span&gt;&lt;a href=\\&quot;http:\/\/www.lemonde.fr\\&quot; class=\\&quot;media-attribution-link\\&quot; target=\\&quot;_blank\\&quot;&gt;Lemonde&lt;\/a&gt;&lt;\/span&gt;&lt;\/div&gt;&lt;div class=\\&quot;embedly-clear\\&quot;&gt;&lt;\/div&gt;&lt;\/div&gt;'}\">\n<div class=\"embedly\" style=\"max-width:600px;max-height:nullpx\"><img decoding=\"async\" src=\"http:\/\/s1.lemde.fr\/image\/2012\/06\/28\/540x270\/1726601_3_e29e_un-telepherique-urbain-a-ete-inaugure-a_25e359794656fda7a87b4ababe51a7f0.jpg\" class=\"thumb embedly-thumbnail-small\" \/><a class='embedly-title' href='http:\/\/www.lemonde.fr\/planete\/article\/2012\/10\/13\/les-projets-de-telepherique-urbain-fleurissent-en-france_1775031_3244.html'>Les projets de t\u00e9l\u00e9ph\u00e9rique urbain fleurissent en France<\/a>On l&rsquo;associe volontiers \u00e0 la montagne et au ski, et beaucoup moins au travail et \u00e0 l&rsquo;urbanit\u00e9&#8230; Le t\u00e9l\u00e9ph\u00e9rique est pourtant en train de gagner les villes. Londres a inaugur\u00e9 pour les Jeux olympiques de 2012 son \u00ab\u00a0Emirates Air Line\u00a0\u00bb, 34 cabines perch\u00e9es \u00e0 90 m de hauteur pour franchir la Tamise au-dessus de Greenwich.<\/p>\n<div class=\"embedly-clear\"><\/div>\n<p><span class=\"embedly-powered\" style=\"float:right;display:block\"><a target=\"_blank\" href=\"http:\/\/embed.ly?src=anywhere\" title=\"Powered by Embedly\"><img decoding=\"async\" src=\"\/\/static.embed.ly\/images\/logos\/embedly-powered-small-light.png\" alt=\"Embedly Powered\" \/><\/a><\/span><\/p>\n<div class=\"media-attribution\"><span>via <\/span><a href=\"http:\/\/www.lemonde.fr\" class=\"media-attribution-link\" target=\"_blank\">Lemonde<\/a><\/span><\/div>\n<div class=\"embedly-clear\"><\/div>\n<\/div>\n<\/div>\n<p>&nbsp;<\/p>\n","protected":false},"excerpt":{"rendered":"<p>Grenoble, Cr\u00e9teil, Toulouse, Brest&#8230;et maintenant Bordeaux : les projets de t\u00e9l\u00e9ph\u00e9rique urbain se concr\u00e9tisent pour compl\u00e9ter les autres modes terrestres et maritimes. On vante g\u00e9n\u00e9ralement leur faible empreinte au sol et leurs co\u00fbts kilom\u00e9triques plus abordables&#8230; Les projets de t\u00e9l\u00e9ph\u00e9rique urbain fleurissent en FranceOn l&rsquo;associe volontiers \u00e0 la montagne et au ski, et beaucoup moins &hellip; <\/p>\n<p><a class=\"more-link btn\" href=\"https:\/\/mvt.qc.ca\/fr\/2013\/04\/telepherique-bordeaux\/\">Lire la suite<\/a><\/p>\n","protected":false},"author":1,"featured_media":0,"comment_status":"open","ping_status":"open","sticky":false,"template":"","format":"standard","meta":{"footnotes":""},"categories":[211,308,310,309,306,11,307],"tags":[312,311],"class_list":["post-2928","post","type-post","status-publish","format-standard","hentry","category-actualites","category-bordeaux","category-brest","category-creteil","category-grenoble","category-telepherique","category-toulouse","tag-telepherique-2","tag-telepherique-urbain","nodate","item-wrap"],"_links":{"self":[{"href":"https:\/\/mvt.qc.ca\/fr\/wp-json\/wp\/v2\/posts\/2928","targetHints":{"allow":["GET"]}}],"collection":[{"href":"https:\/\/mvt.qc.ca\/fr\/wp-json\/wp\/v2\/posts"}],"about":[{"href":"https:\/\/mvt.qc.ca\/fr\/wp-json\/wp\/v2\/types\/post"}],"author":[{"embeddable":true,"href":"https:\/\/mvt.qc.ca\/fr\/wp-json\/wp\/v2\/users\/1"}],"replies":[{"embeddable":true,"href":"https:\/\/mvt.qc.ca\/fr\/wp-json\/wp\/v2\/comments?post=2928"}],"version-history":[{"count":25,"href":"https:\/\/mvt.qc.ca\/fr\/wp-json\/wp\/v2\/posts\/2928\/revisions"}],"predecessor-version":[{"id":3514,"href":"https:\/\/mvt.qc.ca\/fr\/wp-json\/wp\/v2\/posts\/2928\/revisions\/3514"}],"wp:attachment":[{"href":"https:\/\/mvt.qc.ca\/fr\/wp-json\/wp\/v2\/media?parent=2928"}],"wp:term":[{"taxonomy":"category","embeddable":true,"href":"https:\/\/mvt.qc.ca\/fr\/wp-json\/wp\/v2\/categories?post=2928"},{"taxonomy":"post_tag","embeddable":true,"href":"https:\/\/mvt.qc.ca\/fr\/wp-json\/wp\/v2\/tags?post=2928"}],"curies":[{"name":"wp","href":"https:\/\/api.w.org\/{rel}","templated":true}]}}