{"id":2817,"date":"2013-04-24T14:30:28","date_gmt":"2013-04-24T18:30:28","guid":{"rendered":"http:\/\/mvt.tc\/fr\/?p=2817"},"modified":"2014-07-06T20:58:22","modified_gmt":"2014-07-07T00:58:22","slug":"mobilite-belfort","status":"publish","type":"post","link":"https:\/\/mvt.qc.ca\/fr\/2013\/04\/mobilite-belfort\/","title":{"rendered":"Mise \u00e0 jour &#8211; Belfort lance son offre bus+v\u00e9lo"},"content":{"rendered":"<p style=\"text-align: justify;\">Le syst\u00e8me de v\u00e9los en libre-service est lanc\u00e9 depuis le 22 avril. Le <a href=\"http:\/\/www.smtc90.fr\/\"><strong>Syndicat Mixte des Transports en Commun (SMTC) du territoire de Belfort<\/strong><\/a> a choisi d&rsquo;exploiter ce service en r\u00e9gie. L&rsquo;acc\u00e8s est gratuit pour les abonn\u00e9s du r\u00e9seau <a href=\"http:\/\/www.info.optymo.fr\/\"><strong>Optymo<\/strong><\/a>. Autrement, il en co\u00fbte 1\u00a0\u20ac par jour ou 3\u00a0\u20ac par semaine. Puis, 2 centimes pour chaque minute d&rsquo;utilisation, que l&rsquo;on soit abonn\u00e9 ou non.<\/p>\n<p style=\"text-align: justify;\">L&rsquo;investissement repr\u00e9sente 645 000 \u20ac pour 200 v\u00e9los et 21 stations, tandis que le co\u00fbt annuel d&rsquo;exploitation est estim\u00e9 \u00e0 1 100 \u20ac par v\u00e9lo, environ le tiers du co\u00fbt anticip\u00e9 en gestion d\u00e9l\u00e9gu\u00e9e.<\/p>\n<p style=\"text-align: justify;\">Prochaine \u00e9tape \u00e0 surveiller : l&rsquo;arriv\u00e9e du service public d&rsquo;autopartage.<\/p>\n<div class=\"mceItemEmbedly\" style=\"max-width: 600px;max-width:600px;\" data-ajax=\"{'url':'http:\/\/www.busetcar.com\/actualites\/actualites_detail.php?action=detail&amp;val=65224&amp;label_donnee=Belfort+joue+la+carte+du+v%C3%A9lo+et+de+l%E2%80%99intermodalit%C3%A9','width':'600','words':'40','height':null,'embed':'&lt;div class=\\&quot;embedly\\&quot; style=\\&quot;max-width:600px;max-height:nullpx\\&quot;&gt;&lt;img src=\\&quot;http:\/\/www.busetcar.com\/actualites\/upload\/busetcar\/homepagebus_et_car_actu65224_photo.jpg\\&quot; class=\\&quot;thumb embedly-thumbnail-small\\&quot; \/&gt;&lt;a class=\\'embedly-title\\' href=\\'http:\/\/www.busetcar.com\/actualites\/actualites_detail.php?action=detail&amp;val=65224&amp;label_donnee=Belfort+joue+la+carte+du+v%C3%A9lo+et+de+l%E2%80%99intermodalit%C3%A9\\'&gt;Bus &amp; Car - Transport de voyageurs - site officiel - : Belfort joue la carte du v\\u00e9lo et de l\\'intermodalit\\u00e9&lt;\/a&gt;Belfort a mis en libre-service 200 v\\u00e9los jaunes le 22 avril. Optymo, qui g\\u00e8re d\\u00e9j\\u00e0 le r\\u00e9seau de bus, compl\\u00e8te ainsi sa gamme de transport, six ans apr\\u00e8s Besan\\u00e7on, et comme une trentaine de villes en France.&lt;div class=\\&quot;embedly-clear\\&quot;&gt;&lt;\/div&gt;&lt;span class=\\&quot;embedly-powered\\&quot; style=\\&quot;float:right;display:block\\&quot;&gt;&lt;a target=\\&quot;_blank\\&quot; href=\\&quot;http:\/\/embed.ly?src=anywhere\\&quot; title=\\&quot;Powered by Embedly\\&quot;&gt;&lt;img src=\\&quot;\/\/static.embed.ly\/images\/logos\/embedly-powered-small-light.png\\&quot; alt=\\&quot;Embedly Powered\\&quot; \/&gt;&lt;\/a&gt;&lt;\/span&gt;&lt;div class=\\&quot;media-attribution\\&quot;&gt;&lt;span&gt;via &lt;\/span&gt;&lt;a href=\\&quot;http:\/\/www.busetcar.com\\&quot; class=\\&quot;media-attribution-link\\&quot; target=\\&quot;_blank\\&quot;&gt;Busetcar&lt;\/a&gt;&lt;\/span&gt;&lt;\/div&gt;&lt;div class=\\&quot;embedly-clear\\&quot;&gt;&lt;\/div&gt;&lt;\/div&gt;'}\">\n<div class=\"embedly\" style=\"max-width:600px;max-height:nullpx\"><img decoding=\"async\" src=\"http:\/\/www.busetcar.com\/actualites\/upload\/busetcar\/homepagebus_et_car_actu65224_photo.jpg\" class=\"thumb embedly-thumbnail-small\" \/><a class='embedly-title' href='http:\/\/www.busetcar.com\/actualites\/actualites_detail.php?action=detail&#038;val=65224&#038;label_donnee=Belfort+joue+la+carte+du+v%C3%A9lo+et+de+l%E2%80%99intermodalit%C3%A9'>Bus &#038; Car &#8211; Transport de voyageurs &#8211; site officiel &#8211; : Belfort joue la carte du v\u00e9lo et de l&rsquo;intermodalit\u00e9<\/a>Belfort a mis en libre-service 200 v\u00e9los jaunes le 22 avril. Optymo, qui g\u00e8re d\u00e9j\u00e0 le r\u00e9seau de bus, compl\u00e8te ainsi sa gamme de transport, six ans apr\u00e8s Besan\u00e7on, et comme une trentaine de villes en France.<\/p>\n<div class=\"embedly-clear\"><\/div>\n<p><span class=\"embedly-powered\" style=\"float:right;display:block\"><a target=\"_blank\" href=\"http:\/\/embed.ly?src=anywhere\" title=\"Powered by Embedly\"><img decoding=\"async\" src=\"\/\/static.embed.ly\/images\/logos\/embedly-powered-small-light.png\" alt=\"Embedly Powered\" \/><\/a><\/span><\/p>\n<div class=\"media-attribution\"><span>via <\/span><a href=\"http:\/\/www.busetcar.com\" class=\"media-attribution-link\" target=\"_blank\">Busetcar<\/a><\/span><\/div>\n<div class=\"embedly-clear\"><\/div>\n<\/div>\n<\/div>\n<div class=\"mceItemEmbedly\" style=\"max-width: 600px;max-width:600px;\" data-ajax=\"{'url':'http:\/\/www.mobilicites.com\/fr_reseaux_belfort-en-bus--a-velo-et-en-voiture-partagee_0_85_2475.html','width':'600','words':null,'height':null,'embed':'&lt;div class=\\&quot;embedly\\&quot; style=\\&quot;max-width:600px;max-height:nullpx\\&quot;&gt;&lt;img src=\\&quot;http:\/\/www.mobilicites.com\/admin\/image\/58908981364393e0b7e0ad96d06d2388_cp_optymo_belfort_bus_velo_voiture.jpg\\&quot; class=\\&quot;thumb embedly-thumbnail-small\\&quot; \/&gt;&lt;a class=\\'embedly-title\\' href=\\'http:\/\/www.mobilicites.com\/fr_reseaux_belfort-en-bus--a-velo-et-en-voiture-partagee_0_85_2475.html\\'&gt;Belfort en bus, \\u00e0 v\\u00e9lo et en voiture partag\\u00e9e &gt; &gt; Mobilicites.com&lt;\/a&gt;Le r\\u00e9seau Optymo de Belfort va lancer comme pr\\u00e9vu le 22 avril 2013 son offre de v\\u00e9lo en libre service, et en d\\u00e9cembre un syst\\u00e8me d\\'autopartage. Une offre globale bus + v\\u00e9lo + voiture qui permettra au r\\u00e9seau Belfortain de conforter la croissance de sa fr\\u00e9quentation amorc\\u00e9e en 2007.&lt;div class=\\&quot;embedly-clear\\&quot;&gt;&lt;\/div&gt;&lt;span class=\\&quot;embedly-powered\\&quot; style=\\&quot;float:right;display:block\\&quot;&gt;&lt;a target=\\&quot;_blank\\&quot; href=\\&quot;http:\/\/embed.ly?src=anywhere\\&quot; title=\\&quot;Powered by Embedly\\&quot;&gt;&lt;img src=\\&quot;\/\/static.embed.ly\/images\/logos\/embedly-powered-small-light.png\\&quot; alt=\\&quot;Embedly Powered\\&quot; \/&gt;&lt;\/a&gt;&lt;\/span&gt;&lt;div class=\\&quot;media-attribution\\&quot;&gt;&lt;span&gt;via &lt;\/span&gt;&lt;a href=\\&quot;http:\/\/www.mobilicites.com\\&quot; class=\\&quot;media-attribution-link\\&quot; target=\\&quot;_blank\\&quot;&gt;Mobilicites&lt;\/a&gt;&lt;\/span&gt;&lt;\/div&gt;&lt;div class=\\&quot;embedly-clear\\&quot;&gt;&lt;\/div&gt;&lt;\/div&gt;'}\">\n<div class=\"embedly\" style=\"max-width:600px;max-height:nullpx\"><a class='embedly-title' href='http:\/\/www.mobilicites.com\/fr_reseaux_belfort-en-bus--a-velo-et-en-voiture-partagee_0_85_2475.html'>Belfort en bus, \u00e0 v\u00e9lo et en voiture partag\u00e9e > > Mobilicites.com<\/a>Le r\u00e9seau Optymo de Belfort va lancer comme pr\u00e9vu le 22 avril 2013 son offre de v\u00e9lo en libre service, et en d\u00e9cembre un syst\u00e8me d&rsquo;autopartage. Une offre globale bus + v\u00e9lo + voiture qui permettra au r\u00e9seau Belfortain de conforter la croissance de sa fr\u00e9quentation amorc\u00e9e en 2007.<\/p>\n<div class=\"embedly-clear\"><\/div>\n<p><span class=\"embedly-powered\" style=\"float:right;display:block\"><a target=\"_blank\" href=\"http:\/\/embed.ly?src=anywhere\" title=\"Powered by Embedly\"><img decoding=\"async\" src=\"\/\/static.embed.ly\/images\/logos\/embedly-powered-small-light.png\" alt=\"Embedly Powered\" \/><\/a><\/span><\/p>\n<div class=\"media-attribution\"><span>via <\/span><a href=\"http:\/\/www.mobilicites.com\" class=\"media-attribution-link\" target=\"_blank\">Mobilicites<\/a><\/span><\/div>\n<div class=\"embedly-clear\"><\/div>\n<\/div>\n<\/div>\n","protected":false},"excerpt":{"rendered":"<p>Le syst\u00e8me de v\u00e9los en libre-service est lanc\u00e9 depuis le 22 avril. Le Syndicat Mixte des Transports en Commun (SMTC) du territoire de Belfort a choisi d&rsquo;exploiter ce service en r\u00e9gie. L&rsquo;acc\u00e8s est gratuit pour les abonn\u00e9s du r\u00e9seau Optymo. Autrement, il en co\u00fbte 1\u00a0\u20ac par jour ou 3\u00a0\u20ac par semaine. Puis, 2 centimes pour &hellip; <\/p>\n<p><a class=\"more-link btn\" href=\"https:\/\/mvt.qc.ca\/fr\/2013\/04\/mobilite-belfort\/\">Lire la suite<\/a><\/p>\n","protected":false},"author":1,"featured_media":0,"comment_status":"open","ping_status":"open","sticky":false,"template":"","format":"standard","meta":{"footnotes":""},"categories":[211,134],"tags":[99,278,277,274,275,276],"class_list":["post-2817","post","type-post","status-publish","format-standard","hentry","category-actualites","category-belfort","tag-autopartage","tag-bhns","tag-bus-a-haut-niveau-de-service","tag-mobilite-integree","tag-velo-en-libre-service","tag-vls","nodate","item-wrap"],"_links":{"self":[{"href":"https:\/\/mvt.qc.ca\/fr\/wp-json\/wp\/v2\/posts\/2817","targetHints":{"allow":["GET"]}}],"collection":[{"href":"https:\/\/mvt.qc.ca\/fr\/wp-json\/wp\/v2\/posts"}],"about":[{"href":"https:\/\/mvt.qc.ca\/fr\/wp-json\/wp\/v2\/types\/post"}],"author":[{"embeddable":true,"href":"https:\/\/mvt.qc.ca\/fr\/wp-json\/wp\/v2\/users\/1"}],"replies":[{"embeddable":true,"href":"https:\/\/mvt.qc.ca\/fr\/wp-json\/wp\/v2\/comments?post=2817"}],"version-history":[{"count":28,"href":"https:\/\/mvt.qc.ca\/fr\/wp-json\/wp\/v2\/posts\/2817\/revisions"}],"predecessor-version":[{"id":5754,"href":"https:\/\/mvt.qc.ca\/fr\/wp-json\/wp\/v2\/posts\/2817\/revisions\/5754"}],"wp:attachment":[{"href":"https:\/\/mvt.qc.ca\/fr\/wp-json\/wp\/v2\/media?parent=2817"}],"wp:term":[{"taxonomy":"category","embeddable":true,"href":"https:\/\/mvt.qc.ca\/fr\/wp-json\/wp\/v2\/categories?post=2817"},{"taxonomy":"post_tag","embeddable":true,"href":"https:\/\/mvt.qc.ca\/fr\/wp-json\/wp\/v2\/tags?post=2817"}],"curies":[{"name":"wp","href":"https:\/\/api.w.org\/{rel}","templated":true}]}}