{"id":2710,"date":"2013-04-01T12:00:16","date_gmt":"2013-04-01T17:00:16","guid":{"rendered":"http:\/\/mvt.tc\/fr\/?p=2710"},"modified":"2015-11-16T20:29:14","modified_gmt":"2015-11-17T00:29:14","slug":"totems-avr2013","status":"publish","type":"post","link":"https:\/\/mvt.qc.ca\/fr\/2013\/04\/totems-avr2013\/","title":{"rendered":"T.O.T.E.M.S. \/\/ 04.2013"},"content":{"rendered":"<p style=\"text-align: center;\"><img loading=\"lazy\" decoding=\"async\" class=\"aligncenter\" src=\"http:\/\/mrg.bz\/ULdjoM\" alt=\"\" width=\"577\" height=\"432\" \/>\u00a0D\u00e9couvrez les comptes Twitter interactifs avec <a href=\"http:\/\/twitter.com\/mvt_tc\">@mvt_tc<\/a>, dans les domaines suivants :<br \/>\n<strong><span style=\"color: #ff0000;\">T<\/span>ransports \/\/ <span style=\"color: #ff0000;\">O<\/span>rganisations \/\/ <span style=\"color: #ff0000;\">T<\/span>erritoire<\/strong> \/\/ <strong><span style=\"color: #ff0000;\">E<\/span>nvironnement et \u00e9nergie \/\/ <span style=\"color: #ff0000;\">M<\/span>obilit\u00e9 \/\/ <span style=\"color: #ff0000;\">S<\/span>oci\u00e9t\u00e9<\/strong><\/p>\n<p>&nbsp;<\/p>\n<table border=\"0\" cellspacing=\"0\">\n<colgroup width=\"146\"><\/colgroup>\n<colgroup width=\"536\"><\/colgroup>\n<tbody>\n<tr>\n<td align=\"LEFT\" height=\"19\"><span style=\"color: #000000;\"><a href=\"http:\/\/twitter.com\/abelaie\">@abelaie<\/a><\/span><\/td>\n<td align=\"LEFT\"><span style=\"color: #000000;\">Antoine Belaieff,<\/span><em><span style=\"color: #000000;\"> Urb. planner &#8211; Innovation, sustainability &amp; transp.<\/span><\/em><span style=\"color: #000000;\"> (Toronto)<\/span><\/td>\n<\/tr>\n<tr>\n<td align=\"LEFT\" height=\"19\"><span style=\"color: #000000;\"><a href=\"http:\/\/twitter.com\/afionamclean\">@afionamclean<\/a><\/span><\/td>\n<td align=\"LEFT\"><span style=\"color: #000000;\">Fiona McL<\/span><span style=\"color: #000000;\">ean.<\/span><em><span style=\"color: #000000;\"> Sust. Transport &amp; Mobility Consultant <\/span><\/em><span style=\"color: #000000;\">(BCN-BXL-LDN-TRN)<\/span><\/td>\n<\/tr>\n<tr>\n<td align=\"LEFT\" height=\"19\"><span style=\"color: #000000;\">@AgenceOdonata<\/span><\/td>\n<td align=\"LEFT\"><span style=\"color: #000000;\"> Urbanisme, am\u00e9nagement du territoire, mobilit\u00e9 (France)<\/span><\/td>\n<\/tr>\n<tr>\n<td align=\"LEFT\" height=\"19\"><span style=\"color: #000000;\"><a href=\"http:\/\/www.twitter.com\/atv_qc\">@atv_qc<\/a><\/span><\/td>\n<td align=\"LEFT\"><span style=\"color: #000000;\"> Acc\u00e8s transports viables (Qu\u00e9bec)<\/span><\/td>\n<\/tr>\n<tr>\n<td align=\"LEFT\" height=\"19\"><span style=\"color: #000000;\"><a href=\"http:\/\/twitter.com\/AutopartageMtl\">@AutopartageMtl<\/a><\/span><\/td>\n<td align=\"LEFT\"><span style=\"color: #000000;\"> Information, promotion et \u00e9change sur l\u2019autopartage \u00e0 Montr\u00e9al<\/span><\/td>\n<\/tr>\n<tr>\n<td align=\"LEFT\" height=\"19\"><span style=\"color: #000000;\"><a href=\"http:\/\/www.twitter.com\/benicolaas\">@benicolaas<\/a><\/span><\/td>\n<td align=\"LEFT\"><span style=\"color: #000000;\"> Ben Valkenburg, organismes communautaires, \u00e9conomie sociale&#8230; (Montr\u00e9al)<\/span><\/td>\n<\/tr>\n<tr>\n<td align=\"LEFT\" height=\"19\"><span style=\"color: #000000;\"><a href=\"http:\/\/twitter.com\/BertrandParis\">@BertrandParis<\/a><\/span><\/td>\n<td align=\"LEFT\"><span style=\"color: #000000;\"> Int\u00e9r\u00eat pour le ferroviaire, l&rsquo;architecture et l\u2019urbanisme (Paris)<\/span><\/td>\n<\/tr>\n<tr>\n<td align=\"LEFT\" height=\"19\"><a href=\"http:\/\/twitter.com\/bgoss44\">@bgoss44<\/a><\/td>\n<td align=\"LEFT\">Bertrand Gosselin : changer l\u2019image des transports publics\u2026 (Paris)<\/td>\n<\/tr>\n<tr>\n<td align=\"LEFT\" height=\"19\"><span style=\"color: #000000;\"><a href=\"http:\/\/twitter.com\/bonniol2\">@bonniol2<\/a><\/span><\/td>\n<td align=\"LEFT\"><span style=\"color: #000000;\"> Bruno Bonniol, dir. des sports (B\u00e9ziers), pr\u00e9s. Asso. UrbanBike (Montpellier)<\/span><\/td>\n<\/tr>\n<tr>\n<td align=\"LEFT\" height=\"19\"><span style=\"color: #000000;\"><a href=\"http:\/\/twitter.com\/brunfal\">@brunfal<\/a><\/span><\/td>\n<td align=\"LEFT\"><span style=\"color: #000000;\"> Bruno Falardeau, urbanisme durable et transports collectifs (Montr\u00e9al)<\/span><\/td>\n<\/tr>\n<tr>\n<td align=\"LEFT\" height=\"19\"><span style=\"color: #000000;\"><a href=\"http:\/\/twitter.com\/catchthetrout\">@catchthetrout<\/a><\/span><\/td>\n<td align=\"LEFT\"><span style=\"color: #000000;\"> The Rural Overland Utility Transit (T.R.O.U.T.) &#8211; Bancroft, Ontario (Canada)<\/span><\/td>\n<\/tr>\n<tr>\n<td align=\"LEFT\" height=\"19\"><span style=\"color: #000000;\"><a href=\"http:\/\/twitter.com\/CCOOMohn\">@CCOOMohn<\/a><\/span><\/td>\n<td align=\"LEFT\"><em><span style=\"color: #000000;\"> Secci\u00f3 Sindical de CCOO a Mohn S.L\u00a0 (Viladecans, Catalunya)<\/span><\/em><\/td>\n<\/tr>\n<tr>\n<td align=\"LEFT\" height=\"19\"><span style=\"color: #000000;\"><a href=\"http:\/\/twitter.com\/Cecile_Lecoq\">@Cecile_Lecoq<\/a><\/span><\/td>\n<td align=\"LEFT\"><span style=\"color: #000000;\">Analyste marketing pour une soci\u00e9t\u00e9 de transport en commun (Canada)<\/span><\/td>\n<\/tr>\n<tr>\n<td align=\"LEFT\" height=\"19\"><span style=\"color: #000000;\"><a href=\"http:\/\/twitter.com\/ch_pasquier\">@ch_pasquier<\/a><\/span><\/td>\n<td align=\"LEFT\"><span style=\"color: #000000;\"> Christophe Pasquier, conseil et services, transport de voyageurs (Lyon, Paris)<\/span><\/td>\n<\/tr>\n<tr>\n<td align=\"LEFT\" height=\"19\"><a href=\"http:\/\/twitter.com\/chgauvreau\">@chgauvreau<\/a><\/td>\n<td align=\"LEFT\">Christine Gauvreau (r\u00e9gion de Montr\u00e9al)<\/td>\n<\/tr>\n<tr>\n<td align=\"LEFT\" height=\"19\"><span style=\"color: #000000;\"><a href=\"http:\/\/twitter.com\/CiteDesServices\">@CiteDesServices<\/a><\/span><\/td>\n<td align=\"LEFT\"><span style=\"color: #000000;\"> La Cit\u00e9 des Services facilite la cr\u00e9ation de services urbains intelligents (Paris)<\/span><\/td>\n<\/tr>\n<tr>\n<td align=\"LEFT\" height=\"19\"><span style=\"color: #000000;\"><a href=\"http:\/\/twitter.com\/cjemelin\">@cjemelin<\/a><\/span><\/td>\n<td align=\"LEFT\"><span style=\"color: #000000;\"> Christophe Jemelin. Passionn\u00e9 de mobilit\u00e9 (Lausanne, Suisse)<\/span><\/td>\n<\/tr>\n<tr>\n<td align=\"LEFT\" height=\"19\"><span style=\"color: #000000;\"><a href=\"http:\/\/twitter.com\/ClJourdain\">@ClJourdain<\/a><\/span><\/td>\n<td align=\"LEFT\"><span style=\"color: #000000;\"> Claude Jourdain, expert en \u00e9conomie sociale (Montr\u00e9al)<\/span><\/td>\n<\/tr>\n<tr>\n<td align=\"LEFT\" height=\"19\"><span style=\"color: #000000;\"><a href=\"http:\/\/twitter.com\/Conducteur_SNCF\">@Conducteur_SNCF<\/a><\/span><\/td>\n<td align=\"LEFT\"><span style=\"color: #000000;\"> Conducteur de trains SNCF TER Midi-Pyr\u00e9n\u00e9es (France)<\/span><\/td>\n<\/tr>\n<tr>\n<td align=\"LEFT\" height=\"19\"><span style=\"color: #000000;\"><a href=\"http:\/\/twitter.com\/COVIVO\">@COVIVO<\/a><\/span><\/td>\n<td align=\"LEFT\"><span style=\"color: #000000;\"> Faire du covoiturage un moyen de transport alternatif (France)<\/span><\/td>\n<\/tr>\n<tr>\n<td align=\"LEFT\" height=\"19\"><span style=\"color: #000000;\"><a href=\"http:\/\/twitter.com\/CREmtl\">@CREmtl<\/a><\/span><\/td>\n<td align=\"LEFT\"><span style=\"color: #000000;\"> Protection de l\u2019environnement, promotion du #DD (\u00eele de Montr\u00e9al)<\/span><\/td>\n<\/tr>\n<tr>\n<td align=\"LEFT\" height=\"19\"><a href=\"http:\/\/twitter.com\/DRC_Info\">@DRC_Info<\/a><\/td>\n<td align=\"LEFT\">D\u00e9velopper les v\u00e9loroutes et voies vertes, le tourisme \u00e0 v\u00e9lo\u2026 (France)<\/td>\n<\/tr>\n<tr>\n<td align=\"LEFT\" height=\"19\"><span style=\"color: #000000;\"><a href=\"http:\/\/twitter.com\/DuflosAlexis\">@DuflosAlexis<\/a><\/span><\/td>\n<td align=\"LEFT\"><span style=\"color: #000000;\"> Secteur des v\u00e9hicules \u00e9lectriques, cr\u00e9ateur du BLOGaL (Marseille)<\/span><\/td>\n<\/tr>\n<tr>\n<td align=\"LEFT\" height=\"19\"><span style=\"color: #000000;\"><a href=\"http:\/\/twitter.com\/Fnaut_PdL\">@Fnaut_PdL<\/a><\/span><\/td>\n<td align=\"LEFT\"><span style=\"color: #000000;\"> FNAUT Pays de Loire (France)<\/span><\/td>\n<\/tr>\n<tr>\n<td align=\"LEFT\" height=\"19\"><span style=\"color: #000000;\"><a href=\"http:\/\/twitter.com\/Franksabourin\">@Franksabourin<\/a><\/span><\/td>\n<td align=\"LEFT\"><span style=\"color: #000000;\"> Francis Sabourin. Ma\u00eetrise en \u00e9tudes politiques (Sherbrooke)<\/span><\/td>\n<\/tr>\n<tr>\n<td align=\"LEFT\" height=\"19\"><span style=\"color: #000000;\"><a href=\"http:\/\/twitter.com\/FThiebaux\">@FThiebaux<\/a><\/span><\/td>\n<td align=\"LEFT\"><span style=\"color: #000000;\"> Fabrice Thiebaux, Chef de projet expert en g\u00e9omatique (France)<\/span><\/td>\n<\/tr>\n<tr>\n<td align=\"LEFT\" height=\"19\"><span style=\"color: #000000;\"><a href=\"http:\/\/twitter.com\/FViesMobiles\">@FViesMobiles<\/a><\/span><\/td>\n<td align=\"LEFT\"><span style=\"color: #000000;\"> Le Forum Vies Mobiles imagine les bonnes vies mobiles du futur (France)<\/span><\/td>\n<\/tr>\n<tr>\n<td align=\"LEFT\" height=\"19\"><span style=\"color: #000000;\"><a href=\"http:\/\/twitter.com\/germantransfer\">@germantransfer<\/a><\/span><\/td>\n<td align=\"LEFT\"><em><span style=\"color: #000000;\"> Broker u. IT-Spezialist im Transfersegment f\u00fcr &#8230;Reisende (Deutschland)<\/span><\/em><\/td>\n<\/tr>\n<tr>\n<td align=\"LEFT\" height=\"19\"><a href=\"http:\/\/twitter.com\/iterMobilites\">@iterMobilites<\/a><\/td>\n<td align=\"LEFT\">Coop\u00e9rative de conseil en mobilit\u00e9s-transport-d\u00e9placements (Toulouse, Paris)<\/td>\n<\/tr>\n<tr>\n<td align=\"LEFT\" height=\"19\"><a href=\"http:\/\/twitter.com\/IUGDOC\">@IUGDOC<\/a><\/td>\n<td align=\"LEFT\">Institut d&rsquo;urbanisme de Grenoble (France)<\/td>\n<\/tr>\n<tr>\n<td align=\"LEFT\" height=\"19\"><span style=\"color: #000000;\"><a href=\"http:\/\/twitter.com\/J_Borderieux\">@J_Borderieux<\/a><\/span><\/td>\n<td align=\"LEFT\"><span style=\"color: #000000;\"> Julien Borderieux, enseignant \u00e0 l&rsquo;Universit\u00e9 d&rsquo;Orl\u00e9ans <\/span><\/td>\n<\/tr>\n<tr>\n<td align=\"LEFT\" height=\"19\"><span style=\"color: #000000;\"><a href=\"http:\/\/twitter.com\/jboutill\">@jboutill<\/a><\/span><\/td>\n<td align=\"LEFT\"><span style=\"color: #000000;\"> J\u00e9r\u00f4me Boutillier, mobilit\u00e9, #DD et nouvelles TI\u2026 (Orzens, Suisse)<\/span><\/td>\n<\/tr>\n<tr>\n<td align=\"LEFT\" height=\"19\"><a href=\"http:\/\/twitter.com\/keoscopie\">@keoscopie<\/a><\/td>\n<td align=\"LEFT\">Observatoire permanent des modes de vie et de la mobilit\u00e9 de Keolis (Paris)<\/td>\n<\/tr>\n<tr>\n<td align=\"LEFT\" height=\"19\"><span style=\"color: #000000;\"><a href=\"http:\/\/twitter.com\/laurentviala\">@laurentviala<\/a><\/span><\/td>\n<td align=\"LEFT\"><span style=\"color: #000000;\"> Enseignant &amp; consultant &#8211;\u00a0Ville-Territoire-Urbanisme-Architecture (Montpellier)<\/span><\/td>\n<\/tr>\n<tr>\n<td align=\"LEFT\" height=\"19\"><span style=\"color: #000000;\"><a href=\"http:\/\/twitter.com\/Le_bug_urbain\">@Le_bug_urbain<\/a><\/span><\/td>\n<td align=\"LEFT\"><span style=\"color: #000000;\"> Usages des espaces publics, mobilit\u00e9 et question du genre en ville (Paris)<\/span><\/td>\n<\/tr>\n<tr>\n<td align=\"LEFT\" height=\"19\"><a href=\"http:\/\/twitter.com\/LucRabouin\">@LucRabouin<\/a><\/td>\n<td align=\"LEFT\">Directeur de la Soci\u00e9t\u00e9 d\u2019autopartage Mobizen (Paris)<\/td>\n<\/tr>\n<tr>\n<td align=\"LEFT\" height=\"19\"><a href=\"http:\/\/twitter.com\/martinp_urb\">@martinp_urb<\/a><\/td>\n<td align=\"LEFT\">Martin Paquette, urbaniste (r\u00e9gion de Montr\u00e9al)<\/td>\n<\/tr>\n<tr>\n<td align=\"LEFT\" height=\"19\"><span style=\"color: #000000;\"><a href=\"http:\/\/twitter.com\/matseguin\">@matseguin<\/a><\/span><\/td>\n<td align=\"LEFT\"><span style=\"color: #000000;\"> Mathieu S\u00e9guin, cycliste urbain (Montr\u00e9al)<\/span><\/td>\n<\/tr>\n<tr>\n<td align=\"LEFT\" height=\"19\"><span style=\"color: #000000;\"><a href=\"http:\/\/twitter.com\/MCBourgault\">@MCBourgault<\/a><\/span><\/td>\n<td align=\"LEFT\"><span style=\"color: #000000;\"> Marie-C\u00e9line Bourgault. Communications marketing (r\u00e9gion de Montr\u00e9al)<\/span><\/td>\n<\/tr>\n<tr>\n<td align=\"LEFT\" height=\"19\"><span style=\"color: #000000;\">@Mobiligo<\/span><\/td>\n<td align=\"LEFT\"><span style=\"color: #000000;\"> Promouvoir et faciliter l\u2019utilisation des transports durables (Montr\u00e9al) <\/span><\/td>\n<\/tr>\n<tr>\n<td align=\"LEFT\" height=\"19\"><a href=\"http:\/\/twitter.com\/mobilityacademy\">@mobilityacademy<\/a><\/td>\n<td align=\"LEFT\"><em>Think tank for future trends in mobility<\/em> (Berne)<\/td>\n<\/tr>\n<tr>\n<td align=\"LEFT\" height=\"19\"><span style=\"color: #000000;\"><a href=\"http:\/\/twitter.com\/mobizen\">@mobizen<\/a><\/span><\/td>\n<td align=\"LEFT\"><span style=\"color: #000000;\"> La voiture \u00e0 la carte (Paris)<\/span><\/td>\n<\/tr>\n<tr>\n<td align=\"LEFT\" height=\"19\"><span style=\"color: #000000;\"><a href=\"http:\/\/twitter.com\/neleeta\">@neleeta<\/a><\/span><\/td>\n<td align=\"LEFT\"><span style=\"color: #000000;\"> Nella Saborit Estev, <em>enginyer t\u00e8cnic d\u2019Obres P\u00fabliquea<\/em> (Barcelona)<\/span><\/td>\n<\/tr>\n<tr>\n<td align=\"LEFT\" height=\"19\"><span style=\"color: #000000;\"><a href=\"http:\/\/twitter.com\/OlivierRazemon\">@OlivierRazemon<\/a><\/span><\/td>\n<td align=\"LEFT\"><span style=\"color: #000000;\"> Journaliste. Transports. V\u00e9lo. Ville. Voyages (Europe)<\/span><\/td>\n<\/tr>\n<tr>\n<td align=\"LEFT\" height=\"19\"><a href=\"http:\/\/twitter.com\/oriol52\">@oriol52<\/a><\/td>\n<td align=\"LEFT\"><em> Oriol P\u00e0mies. Journalist. Tweeting on transit, media &amp; so on <\/em>(Barcelona)<\/td>\n<\/tr>\n<tr>\n<td align=\"LEFT\" height=\"19\"><a href=\"http:\/\/twitter.com\/pascalmcduff\">@pascalmcduff<\/a><\/td>\n<td align=\"LEFT\">\u00c0 la recherche de solutions pragmatiques aux grands enjeux&#8230; (Montr\u00e9al)<\/td>\n<\/tr>\n<tr>\n<td align=\"LEFT\" height=\"19\"><a href=\"http:\/\/twitter.com\/pbpbpbpb\">@pbpbpbpb<\/a><\/td>\n<td align=\"LEFT\">Paul B.,veille transport et mobilit\u00e9 (Rennes \/ Paris)<\/td>\n<\/tr>\n<tr>\n<td align=\"LEFT\" height=\"19\"><span style=\"color: #000000;\"><a href=\"http:\/\/twitter.com\/perdlespedales\">@perdlespedales<\/a><\/span><\/td>\n<td align=\"LEFT\"><span style=\"color: #000000;\"> Ronald Houde, Slow V\u00e9lo, ski de fond et un monde durable (Montr\u00e9al)<\/span><\/td>\n<\/tr>\n<tr>\n<td align=\"LEFT\" height=\"19\"><span style=\"color: #000000;\"><a href=\"http:\/\/twitter.com\/PhilipInsall\">@PhilipInsall<\/a><\/span><\/td>\n<td align=\"LEFT\"><em><span style=\"color: #000000;\"> Health Director at Sustrans (UK)<\/span><\/em><\/td>\n<\/tr>\n<tr>\n<td align=\"LEFT\" height=\"19\"><a href=\"http:\/\/twitter.com\/picotludique\">@picotludique<\/a><\/td>\n<td align=\"LEFT\">Gilbert Dion, r\u00e9viseur et correcteur pigiste\u2026 (Montr\u00e9al)<\/td>\n<\/tr>\n<tr>\n<td align=\"LEFT\" height=\"19\"><span style=\"color: #000000;\"><a href=\"http:\/\/twitter.com\/PNPEnergie\">@PNPEnergie<\/a><\/span><\/td>\n<td align=\"LEFT\"><span style=\"color: #000000;\"> Mobilisation pour la r\u00e9duction de la d\u00e9pendance au p\u00e9trole (Qu\u00e9bec)<\/span><\/td>\n<\/tr>\n<tr>\n<td align=\"LEFT\" height=\"19\"><span style=\"color: #000000;\">@PropaneClaude<\/span><\/td>\n<td align=\"LEFT\"><span style=\"color: #000000;\"> Centre de conversions \u00c9copropane (Montr\u00e9al)<\/span><\/td>\n<\/tr>\n<tr>\n<td align=\"LEFT\" height=\"19\"><span style=\"color: #000000;\"><a href=\"https:\/\/twitter.com\/Rail_et_techno\">@Rail_et_techno<\/a><\/span><\/td>\n<td align=\"LEFT\"><span style=\"color: #000000;\"> Info voyageurs \u00e0 SNCF Transilien&#8230; + qqs news fils twitter \u00e0 titre perso (Paris)<\/span><\/td>\n<\/tr>\n<tr>\n<td align=\"LEFT\" height=\"19\"><span style=\"color: #000000;\"><a href=\"http:\/\/twitter.com\/RNCREQ\">@RNCREQ<\/a><\/span><\/td>\n<td align=\"LEFT\"><span style=\"color: #000000;\"> Regroupement des 16 conseils r\u00e9gionaux en environnement du Qu\u00e9bec<\/span><\/td>\n<\/tr>\n<tr>\n<td align=\"LEFT\" height=\"19\"><a href=\"http:\/\/twitter.com\/S_yelle\">@S_yelle<\/a><\/td>\n<td align=\"LEFT\">Sylvain Yelle, \u00ab Parlez-moi de (\u2026) transport collectif, j\u2019adore! \u00bb (Montr\u00e9al)<\/td>\n<\/tr>\n<tr>\n<td align=\"LEFT\" height=\"19\"><span style=\"color: #000000;\"><a href=\"http:\/\/twitter.com\/smoses03\">@smoses03<\/a><\/span><\/td>\n<td align=\"LEFT\"><span style=\"color: #000000;\"> Sylvie Moses, collaboratrice de @TrensQuebec (Montr\u00e9al)<\/span><\/td>\n<\/tr>\n<tr>\n<td align=\"LEFT\" height=\"19\"><span style=\"color: #000000;\">@snotpg_geneve<\/span><\/td>\n<td align=\"LEFT\"><span style=\"color: #000000;\"> Histoire &amp; actualit\u00e9s de la mobilit\u00e9 genevoise (Gen\u00e8ve)<\/span><\/td>\n<\/tr>\n<tr>\n<td align=\"LEFT\" height=\"19\"><a href=\"http:\/\/twitter.com\/SylvainOuellet\">@SylvainOuellet<\/a><\/td>\n<td align=\"LEFT\">\u00c9co-conseiller, conseiller politique de Jos\u00e9e Duplessis, #DD (Montr\u00e9al)<\/td>\n<\/tr>\n<tr>\n<td align=\"LEFT\" height=\"19\"><span style=\"color: #000000;\"><a href=\"http:\/\/twitter.com\/TdF__ademe\">@TdF__ademe<\/a><\/span><\/td>\n<td align=\"LEFT\"><span style=\"color: #000000;\"> Gabriel Plassat, ing\u00e9nieur Energies &amp; Prospectives, ADEME (France)<\/span><\/td>\n<\/tr>\n<tr>\n<td align=\"LEFT\" height=\"19\"><span style=\"color: #000000;\"><a href=\"http:\/\/twitter.com\/ThibaudDELETRAZ\">@ThibaudDELETRAZ<\/a><\/span><\/td>\n<td align=\"LEFT\"><span style=\"color: #000000;\"> Acteur de la relation client dans le domaine de la mobilit\u00e9 (France)<\/span><\/td>\n<\/tr>\n<tr>\n<td align=\"LEFT\" height=\"19\"><span style=\"color: #000000;\"><a href=\"https:\/\/twitter.com\/transitquebec\">@transitquebec<\/a><\/span><\/td>\n<td align=\"LEFT\"><span style=\"color: #000000;\"> Sur le bord de la route ou du rail ! (Qu\u00e9bec)<\/span><\/td>\n<\/tr>\n<tr>\n<td align=\"LEFT\" height=\"19\"><span style=\"color: #000000;\">@Transport_FR<\/span><\/td>\n<td align=\"LEFT\"><span style=\"color: #000000;\"> Veille sur l&rsquo;actualit\u00e9 du monde du transport (Bretagne \u2013 France)<\/span><\/td>\n<\/tr>\n<tr>\n<td align=\"LEFT\" height=\"19\"><span style=\"color: #000000;\"><a href=\"http:\/\/twitter.com\/v_dussault\">@v_dussault<\/a><\/span><\/td>\n<td align=\"LEFT\"><span style=\"color: #000000;\"> Vincent Dussault, prod. de contenu web\u2026v\u00e9los, transports actifs (Montr\u00e9al)<\/span><\/td>\n<\/tr>\n<tr>\n<td align=\"LEFT\" height=\"19\"><span style=\"color: #000000;\"><a href=\"https:\/\/twitter.com\/VE_Quebec\">@VE_Quebec<\/a><\/span><\/td>\n<td align=\"LEFT\"><span style=\"color: #000000;\"> Le gouvernement du Qu\u00e9bec soutient l\u2019arriv\u00e9e des v\u00e9hicules \u00e9lectriques<\/span><\/td>\n<\/tr>\n<tr>\n<td align=\"LEFT\" height=\"19\"><a href=\"http:\/\/twitter.com\/VoyagezFuteQC\">@VoyagezFuteQC<\/a><\/td>\n<td align=\"LEFT\">Centre de gestion des d\u00e9placements des quartiers centraux (Montr\u00e9al)<\/td>\n<\/tr>\n<tr>\n<td align=\"LEFT\" height=\"19\"><a href=\"http:\/\/twitter.com\/WILL_Solutions\">@WILL_Solutions<\/a><\/td>\n<td align=\"LEFT\">D\u00e9mocratiser l\u2019acc\u00e8s au march\u00e9 carbone pour petits \u00e9metteurs&#8230; (Qu\u00e9bec)<\/td>\n<\/tr>\n<tr>\n<td align=\"LEFT\" height=\"19\"><span style=\"color: #000000;\"><a href=\"http:\/\/twitter.com\/XavierTackoen\">@XavierTackoen<\/a><\/span><\/td>\n<td align=\"LEFT\"><span style=\"color: #000000;\"><em> Managing Director of<\/em> Espaces-Mobilit\u00e9s (Bruxelles)<\/span><\/td>\n<\/tr>\n<\/tbody>\n<\/table>\n<p>&nbsp;<\/p>\n","protected":false},"excerpt":{"rendered":"<p>\u00a0D\u00e9couvrez les comptes Twitter interactifs avec @mvt_tc, dans les domaines suivants : Transports \/\/ Organisations \/\/ Territoire \/\/ Environnement et \u00e9nergie \/\/ Mobilit\u00e9 \/\/ Soci\u00e9t\u00e9 &nbsp; @abelaie Antoine Belaieff, Urb. planner &#8211; Innovation, sustainability &amp; transp. (Toronto) @afionamclean Fiona McLean. Sust. Transport &amp; Mobility Consultant (BCN-BXL-LDN-TRN) @AgenceOdonata Urbanisme, am\u00e9nagement du territoire, mobilit\u00e9 (France) @atv_qc Acc\u00e8s &hellip; <\/p>\n<p><a class=\"more-link btn\" href=\"https:\/\/mvt.qc.ca\/fr\/2013\/04\/totems-avr2013\/\">Lire la suite<\/a><\/p>\n","protected":false},"author":1,"featured_media":0,"comment_status":"open","ping_status":"open","sticky":false,"template":"","format":"standard","meta":{"footnotes":""},"categories":[1],"tags":[],"class_list":["post-2710","post","type-post","status-publish","format-standard","hentry","category-divers","nodate","item-wrap"],"_links":{"self":[{"href":"https:\/\/mvt.qc.ca\/fr\/wp-json\/wp\/v2\/posts\/2710","targetHints":{"allow":["GET"]}}],"collection":[{"href":"https:\/\/mvt.qc.ca\/fr\/wp-json\/wp\/v2\/posts"}],"about":[{"href":"https:\/\/mvt.qc.ca\/fr\/wp-json\/wp\/v2\/types\/post"}],"author":[{"embeddable":true,"href":"https:\/\/mvt.qc.ca\/fr\/wp-json\/wp\/v2\/users\/1"}],"replies":[{"embeddable":true,"href":"https:\/\/mvt.qc.ca\/fr\/wp-json\/wp\/v2\/comments?post=2710"}],"version-history":[{"count":62,"href":"https:\/\/mvt.qc.ca\/fr\/wp-json\/wp\/v2\/posts\/2710\/revisions"}],"predecessor-version":[{"id":7044,"href":"https:\/\/mvt.qc.ca\/fr\/wp-json\/wp\/v2\/posts\/2710\/revisions\/7044"}],"wp:attachment":[{"href":"https:\/\/mvt.qc.ca\/fr\/wp-json\/wp\/v2\/media?parent=2710"}],"wp:term":[{"taxonomy":"category","embeddable":true,"href":"https:\/\/mvt.qc.ca\/fr\/wp-json\/wp\/v2\/categories?post=2710"},{"taxonomy":"post_tag","embeddable":true,"href":"https:\/\/mvt.qc.ca\/fr\/wp-json\/wp\/v2\/tags?post=2710"}],"curies":[{"name":"wp","href":"https:\/\/api.w.org\/{rel}","templated":true}]}}