{"id":2638,"date":"2013-04-16T07:00:51","date_gmt":"2013-04-16T11:00:51","guid":{"rendered":"http:\/\/mvt.tc\/fr\/?p=2638"},"modified":"2013-04-16T07:36:42","modified_gmt":"2013-04-16T11:36:42","slug":"trensquebec","status":"publish","type":"post","link":"https:\/\/mvt.qc.ca\/fr\/2013\/04\/trensquebec\/","title":{"rendered":"Vers un r\u00e9seau rapide, \u00e9lectrique, national et suspendu"},"content":{"rendered":"<p style=\"text-align: justify;\">Avez-vous entendu parler du <a href=\"http:\/\/www.trensquebec.qc.ca\"><strong>TrensQu\u00e9bec<\/strong><\/a>, un projet de monorail propuls\u00e9 avec des moteurs-roues \u00e9lectriques, qui a la particularit\u00e9 d&#8217;employer les emprises routi\u00e8res existantes, limitant ainsi le co\u00fbt des expropriations et des ouvrages d&rsquo;art \u00e0 construire? Ce projet a fait l&rsquo;objet d&rsquo;un int\u00e9ressant reportage de l&rsquo;\u00e9mission <a href=\"http:\/\/www.radio-canada.ca\/emissions\/decouverte\/2012-2013\/Reportage.asp?idDoc=284017\"><strong>D\u00e9couverte<\/strong><\/a>, diffus\u00e9e le 7 avril dernier \u00e0 la t\u00e9l\u00e9vision de Radio-Canada.<\/p>\n<div class=\"mceItemEmbedly\" style=\"max-width: 600px;max-width:600px;\" data-ajax=\"{'url':'http:\/\/www.radio-canada.ca\/emissions\/decouverte\/2012-2013\/Reportage.asp?idDoc=284017','width':'600','words':'20','height':null,'embed':'&lt;div class=\\&quot;embedly\\&quot; style=\\&quot;max-width:600px;max-height:nullpx\\&quot;&gt;&lt;img src=\\&quot;http:\/\/img.src.ca\/2013\/04\/05\/112x63\/130405_ss0j8_monorail_2.jpg\\&quot; class=\\&quot;thumb embedly-thumbnail-small\\&quot; \/&gt;&lt;a class=\\'embedly-title\\' href=\\'http:\/\/www.radio-canada.ca\/emissions\/decouverte\/2012-2013\/Reportage.asp?idDoc=284017\\'&gt;Un monorail Qu\\u00e9bec\/Montr\\u00e9al? | D\\u00e9couverte | Radio-Canada.ca&lt;\/a&gt;Un monorail Qu\\u00e9bec\/Montr\\u00e9al? Apr\\u00e8s le TGV voici le MGV, le monorail \\u00e0 grande vitesse.&lt;div class=\\&quot;embedly-clear\\&quot;&gt;&lt;\/div&gt;&lt;span class=\\&quot;embedly-powered\\&quot; style=\\&quot;float:right;display:block\\&quot;&gt;&lt;a target=\\&quot;_blank\\&quot; href=\\&quot;http:\/\/embed.ly?src=anywhere\\&quot; title=\\&quot;Powered by Embedly\\&quot;&gt;&lt;img src=\\&quot;\/\/static.embed.ly\/images\/logos\/embedly-powered-small-light.png\\&quot; alt=\\&quot;Embedly Powered\\&quot; \/&gt;&lt;\/a&gt;&lt;\/span&gt;&lt;div class=\\&quot;media-attribution\\&quot;&gt;&lt;span&gt;via &lt;\/span&gt;&lt;a href=\\&quot;http:\/\/www.radio-canada.ca\\&quot; class=\\&quot;media-attribution-link\\&quot; target=\\&quot;_blank\\&quot;&gt;Radio-canada&lt;\/a&gt;&lt;\/span&gt;&lt;\/div&gt;&lt;div class=\\&quot;embedly-clear\\&quot;&gt;&lt;\/div&gt;&lt;\/div&gt;'}\">\n<div class=\"embedly\" style=\"max-width:600px;max-height:nullpx\"><img decoding=\"async\" src=\"http:\/\/img.src.ca\/2013\/04\/05\/112x63\/130405_ss0j8_monorail_2.jpg\" class=\"thumb embedly-thumbnail-small\" \/><a class='embedly-title' href='http:\/\/www.radio-canada.ca\/emissions\/decouverte\/2012-2013\/Reportage.asp?idDoc=284017'>Un monorail Qu\u00e9bec\/Montr\u00e9al? | D\u00e9couverte | Radio-Canada.ca<\/a>Un monorail Qu\u00e9bec\/Montr\u00e9al? Apr\u00e8s le TGV voici le MGV, le monorail \u00e0 grande vitesse.<\/p>\n<div class=\"embedly-clear\"><\/div>\n<p><span class=\"embedly-powered\" style=\"float:right;display:block\"><a target=\"_blank\" href=\"http:\/\/embed.ly?src=anywhere\" title=\"Powered by Embedly\"><img decoding=\"async\" src=\"\/\/static.embed.ly\/images\/logos\/embedly-powered-small-light.png\" alt=\"Embedly Powered\" \/><\/a><\/span><\/p>\n<div class=\"media-attribution\"><span>via <\/span><a href=\"http:\/\/www.radio-canada.ca\" class=\"media-attribution-link\" target=\"_blank\">Radio-canada<\/a><\/span><\/div>\n<div class=\"embedly-clear\"><\/div>\n<\/div>\n<\/div>\n<p style=\"text-align: justify;\">Ci-dessous, le vid\u00e9o corporatif de promotion du projet : on envisage ainsi un v\u00e9ritable r\u00e9seau national rapide de transport, destin\u00e9 tant aux personnes qu&rsquo;aux marchandises.<\/p>\n<div class=\"mceItemEmbedly\" style=\"max-width: 600px;max-width:600px;\" data-ajax=\"{'url':'http:\/\/youtu.be\/8AvQGJExago','width':'600','words':null,'height':null,'embed':'&lt;div class=\\&quot;embedly\\&quot; style=\\&quot;max-width:600px;max-height:nullpx\\&quot;&gt;&lt;iframe width=\\&quot;600\\&quot; height=\\&quot;338\\&quot; src=\\&quot;http:\/\/www.youtube.com\/embed\/8AvQGJExago?feature=oembed\\&quot; frameborder=\\&quot;0\\&quot; allowfullscreen&gt;&lt;\/iframe&gt;&lt;div class=\\&quot;embedly-clear\\&quot;&gt;&lt;\/div&gt;&lt;span class=\\&quot;embedly-powered\\&quot; style=\\&quot;float:right;display:block\\&quot;&gt;&lt;a target=\\&quot;_blank\\&quot; href=\\&quot;http:\/\/embed.ly?src=anywhere\\&quot; title=\\&quot;Powered by Embedly\\&quot;&gt;&lt;img src=\\&quot;\/\/static.embed.ly\/images\/logos\/embedly-powered-small-light.png\\&quot; alt=\\&quot;Embedly Powered\\&quot; \/&gt;&lt;\/a&gt;&lt;\/span&gt;&lt;div class=\\&quot;media-attribution\\&quot;&gt;&lt;span&gt;via &lt;\/span&gt;&lt;a href=\\&quot;http:\/\/www.youtube.com\/\\&quot; class=\\&quot;media-attribution-link\\&quot; target=\\&quot;_blank\\&quot;&gt;YouTube&lt;\/a&gt;&lt;\/span&gt;&lt;\/div&gt;&lt;div class=\\&quot;embedly-clear\\&quot;&gt;&lt;\/div&gt;&lt;\/div&gt;'}\">\n<div class=\"embedly\" style=\"max-width:600px;max-height:nullpx\"><iframe loading=\"lazy\" width=\"600\" height=\"338\" src=\"http:\/\/www.youtube.com\/embed\/8AvQGJExago?feature=oembed\" frameborder=\"0\" allowfullscreen><\/iframe><\/p>\n<div class=\"embedly-clear\"><\/div>\n<p><span class=\"embedly-powered\" style=\"float:right;display:block\"><a target=\"_blank\" href=\"http:\/\/embed.ly?src=anywhere\" title=\"Powered by Embedly\"><img decoding=\"async\" src=\"\/\/static.embed.ly\/images\/logos\/embedly-powered-small-light.png\" alt=\"Embedly Powered\" \/><\/a><\/span><\/p>\n<div class=\"media-attribution\"><span>via <\/span><a href=\"http:\/\/www.youtube.com\/\" class=\"media-attribution-link\" target=\"_blank\">YouTube<\/a><\/span><\/div>\n<div class=\"embedly-clear\"><\/div>\n<\/div>\n<\/div>\n<p style=\"text-align: justify;\">Aux derni\u00e8res nouvelles, l&rsquo;organisation n&rsquo;aurait pas re\u00e7u l&rsquo;accr\u00e9ditation du gouvernement qu\u00e9b\u00e9cois pour former une <a href=\"http:\/\/www.trensquebec.qc.ca\/a-propos-de-la-cooperative#.UWyegUn8j_M\"><strong>coop\u00e9rative nationale de solidarit\u00e9<\/strong><\/a>, car elle ne propose pas (encore) de produits \u00e0 ses membres, mais m\u00e8ne plut\u00f4t des activit\u00e9s de recherche et de d\u00e9veloppement, \u00e0 ce stade-ci.<\/p>\n<p>&nbsp;<\/p>\n","protected":false},"excerpt":{"rendered":"<p>Avez-vous entendu parler du TrensQu\u00e9bec, un projet de monorail propuls\u00e9 avec des moteurs-roues \u00e9lectriques, qui a la particularit\u00e9 d&#8217;employer les emprises routi\u00e8res existantes, limitant ainsi le co\u00fbt des expropriations et des ouvrages d&rsquo;art \u00e0 construire? Ce projet a fait l&rsquo;objet d&rsquo;un int\u00e9ressant reportage de l&rsquo;\u00e9mission D\u00e9couverte, diffus\u00e9e le 7 avril dernier \u00e0 la t\u00e9l\u00e9vision de &hellip; <\/p>\n<p><a class=\"more-link btn\" href=\"https:\/\/mvt.qc.ca\/fr\/2013\/04\/trensquebec\/\">Lire la suite<\/a><\/p>\n","protected":false},"author":1,"featured_media":0,"comment_status":"open","ping_status":"open","sticky":false,"template":"","format":"standard","meta":{"footnotes":""},"categories":[328,42,31,333,12],"tags":[330,332,331,329],"class_list":["post-2638","post","type-post","status-publish","format-standard","hentry","category-monorail","category-montreal","category-quebec","category-quebec-ville","category-train","tag-monorail-2","tag-reseau-rapide","tag-train-rapide","tag-trensquebec","nodate","item-wrap"],"_links":{"self":[{"href":"https:\/\/mvt.qc.ca\/fr\/wp-json\/wp\/v2\/posts\/2638","targetHints":{"allow":["GET"]}}],"collection":[{"href":"https:\/\/mvt.qc.ca\/fr\/wp-json\/wp\/v2\/posts"}],"about":[{"href":"https:\/\/mvt.qc.ca\/fr\/wp-json\/wp\/v2\/types\/post"}],"author":[{"embeddable":true,"href":"https:\/\/mvt.qc.ca\/fr\/wp-json\/wp\/v2\/users\/1"}],"replies":[{"embeddable":true,"href":"https:\/\/mvt.qc.ca\/fr\/wp-json\/wp\/v2\/comments?post=2638"}],"version-history":[{"count":33,"href":"https:\/\/mvt.qc.ca\/fr\/wp-json\/wp\/v2\/posts\/2638\/revisions"}],"predecessor-version":[{"id":3082,"href":"https:\/\/mvt.qc.ca\/fr\/wp-json\/wp\/v2\/posts\/2638\/revisions\/3082"}],"wp:attachment":[{"href":"https:\/\/mvt.qc.ca\/fr\/wp-json\/wp\/v2\/media?parent=2638"}],"wp:term":[{"taxonomy":"category","embeddable":true,"href":"https:\/\/mvt.qc.ca\/fr\/wp-json\/wp\/v2\/categories?post=2638"},{"taxonomy":"post_tag","embeddable":true,"href":"https:\/\/mvt.qc.ca\/fr\/wp-json\/wp\/v2\/tags?post=2638"}],"curies":[{"name":"wp","href":"https:\/\/api.w.org\/{rel}","templated":true}]}}